{"id":38960,"date":"2023-11-08T08:49:55","date_gmt":"2023-11-08T07:49:55","guid":{"rendered":"https:\/\/blogs.diariosur.es\/tormentas-y-rayos\/?p=38960"},"modified":"2026-01-10T10:46:36","modified_gmt":"2026-01-10T09:46:36","slug":"el-aeropuerto-registra-la-minima-mas-baja-del-otono-vuelven-las-rachas-de-moderadas-a-fuertes-de-poniente-y-terral","status":"publish","type":"post","link":"https:\/\/blogs.diariosur.es\/tormentas-y-rayos\/2023\/11\/08\/el-aeropuerto-registra-la-minima-mas-baja-del-otono-vuelven-las-rachas-de-moderadas-a-fuertes-de-poniente-y-terral\/","title":{"rendered":"El Aeropuerto registra la m\u00ednima m\u00e1s baja del oto\u00f1o. Vuelven las rachas de moderadas a fuertes de poniente y terral."},"content":{"rendered":"<p><a href=\"https:\/\/static-blogs.diariosur.es\/wp-content\/uploads\/sites\/12\/2023\/10\/243418660_10223324765526342_8448445083528661051_n.jpg\"><img loading=\"lazy\" class=\"aligncenter size-thumbnail wp-image-38644\" src=\"https:\/\/static-blogs.diariosur.es\/wp-content\/uploads\/sites\/12\/2023\/10\/243418660_10223324765526342_8448445083528661051_n-150x150.jpg\" alt=\"\" width=\"150\" height=\"150\" \/><\/a><\/p>\n<p data-pm-slice=\"1 1 []\">Muy buenos d\u00edas, amigos de la meteo. Cuando son las ocho de la ma\u00f1ana en M\u00e1laga capital, la estaci\u00f3n de la Aemet del aeropuerto ha registrado una m\u00ednima de <strong>9.6 grados<\/strong>. De momento, la m\u00ednima m\u00e1s baja desde que comenz\u00f3 el oto\u00f1o. Destacar tambi\u00e9n Antequera con 3 grados, Ronda 5.5 y Archidona Huertas del R\u00edo con 1.7 grados. Fuente: AEMET, Meteoclimatic.<\/p>\n<h3><span style=\"color: #ff0000;\"><strong>Vuelven las rachas de moderadas a fuertes de poniente y terral.<\/strong><\/span><\/h3>\n<p>&nbsp;<\/p>\n<p data-pm-slice=\"1 1 []\">El paso de un frente en frontolisis, que se espera ma\u00f1ana, traer\u00e1 consigo nuevamente rachas de moderadas a fuertes el jueves y el viernes, as\u00ed como nubosidad de tipo medio y alto. Hay probabilidad de algunas gotas en la zona interior m\u00e1s occidental de la provincia malague\u00f1a a \u00faltima hora de la noche.<\/p>\n<p>Os paso el mapa de superficie de la AEMET previsto para ma\u00f1ana. Se ve perfectamente el frente en frontolisis.<\/p>\n<p>&nbsp;<\/p>\n<p><a href=\"https:\/\/static-blogs.diariosur.es\/wp-content\/uploads\/sites\/12\/2023\/11\/2023110712048_ww_g1x0a2d2-e1699428376716.gif\"><img loading=\"lazy\" class=\"aligncenter size-full wp-image-38961\" src=\"https:\/\/static-blogs.diariosur.es\/wp-content\/uploads\/sites\/12\/2023\/11\/2023110712048_ww_g1x0a2d2-e1699428376716.gif\" alt=\"\" width=\"900\" height=\"630\" \/><\/a><\/p>\n<p>&nbsp;<\/p>\n<p data-pm-slice=\"1 1 []\">Como se espera nubosidad, las temperaturas m\u00ednimas no ser\u00e1n tan bajas como las de hoy. Os paso las temperaturas m\u00e1ximas y m\u00ednimas que prev\u00e9 la AEMET para ma\u00f1ana jueves.<\/p>\n<p>&nbsp;<\/p>\n<p>&nbsp;<\/p>\n<p><a href=\"https:\/\/static-blogs.diariosur.es\/wp-content\/uploads\/sites\/12\/2023\/11\/1.jpg\"><img loading=\"lazy\" class=\"aligncenter size-full wp-image-38962\" src=\"https:\/\/static-blogs.diariosur.es\/wp-content\/uploads\/sites\/12\/2023\/11\/1.jpg\" alt=\"\" width=\"692\" height=\"472\" srcset=\"https:\/\/static-blogs.diariosur.es\/wp-content\/uploads\/sites\/12\/2023\/11\/1.jpg 692w, https:\/\/static-blogs.diariosur.es\/wp-content\/uploads\/sites\/12\/2023\/11\/1-586x400.jpg 586w\" sizes=\"(max-width: 692px) 100vw, 692px\" \/><\/a><\/p>\n<p>&nbsp;<\/p>\n<p>&nbsp;<\/p>\n<p data-pm-slice=\"1 1 []\"><strong>El viernes 10<\/strong> seguiremos con probabilidad alta de rachas de moderadas a fuertes de poniente y terral en la costa malague\u00f1a y su interior. La probabilidad de precipitaciones es muy baja.<\/p>\n<p>En cuanto a las temperaturas m\u00e1ximas y m\u00ednimas que prev\u00e9 la AEMET, son estas. Recordar que el viento hace que la sensaci\u00f3n sea de m\u00e1s fr\u00edo.<\/p>\n<p>&nbsp;<\/p>\n<p>&nbsp;<\/p>\n<p><a href=\"https:\/\/static-blogs.diariosur.es\/wp-content\/uploads\/sites\/12\/2023\/11\/2.jpg\"><img loading=\"lazy\" class=\"aligncenter size-full wp-image-38963\" src=\"https:\/\/static-blogs.diariosur.es\/wp-content\/uploads\/sites\/12\/2023\/11\/2.jpg\" alt=\"\" width=\"698\" height=\"466\" srcset=\"https:\/\/static-blogs.diariosur.es\/wp-content\/uploads\/sites\/12\/2023\/11\/2.jpg 698w, https:\/\/static-blogs.diariosur.es\/wp-content\/uploads\/sites\/12\/2023\/11\/2-599x400.jpg 599w\" sizes=\"(max-width: 698px) 100vw, 698px\" \/><\/a><\/p>\n<p>&nbsp;<\/p>\n<p>&nbsp;<\/p>\n<p data-pm-slice=\"1 1 []\">Ma\u00f1ana o el viernes os dar\u00e9 la previsi\u00f3n del fin de semana. Os adelanto que se esperan m\u00e1ximas en la capital el s\u00e1bado de 23 grados y el domingo de 25.<\/p>\n<p>Os dejo con la luna de hoy que he fotografiado a las seis y media de la ma\u00f1ana. Este tipo de luna se llama\u00a0l\u00fanula menguante.<\/p>\n<p>&nbsp;<\/p>\n<p>&nbsp;<\/p>\n<p><a href=\"https:\/\/static-blogs.diariosur.es\/wp-content\/uploads\/sites\/12\/2023\/11\/L\u00fanula-menguante-2-e1699429745915.jpg\"><img loading=\"lazy\" class=\"aligncenter size-full wp-image-38965\" src=\"https:\/\/static-blogs.diariosur.es\/wp-content\/uploads\/sites\/12\/2023\/11\/L\u00fanula-menguante-2-e1699429745915.jpg\" alt=\"\" width=\"1200\" height=\"900\" \/><\/a><\/p>\n","protected":false},"excerpt":{"rendered":"<p>Muy buenos d\u00edas, amigos de la meteo. Cuando son las ocho de la ma\u00f1ana en M\u00e1laga capital, la estaci\u00f3n de la Aemet del aeropuerto ha registrado una m\u00ednima de 9.6 grados. De momento, la m\u00ednima m\u00e1s baja desde que comenz\u00f3 el oto\u00f1o. Destacar tambi\u00e9n Antequera con 3 grados, Ronda 5.5 y Archidona Huertas del R\u00edo [&hellip;]<\/p>\n","protected":false},"author":16,"featured_media":38964,"comment_status":"open","ping_status":"open","sticky":false,"template":"","format":"standard","meta":[],"categories":[2],"tags":[358,587,791,800,975],"_links":{"self":[{"href":"https:\/\/blogs.diariosur.es\/tormentas-y-rayos\/wp-json\/wp\/v2\/posts\/38960"}],"collection":[{"href":"https:\/\/blogs.diariosur.es\/tormentas-y-rayos\/wp-json\/wp\/v2\/posts"}],"about":[{"href":"https:\/\/blogs.diariosur.es\/tormentas-y-rayos\/wp-json\/wp\/v2\/types\/post"}],"author":[{"embeddable":true,"href":"https:\/\/blogs.diariosur.es\/tormentas-y-rayos\/wp-json\/wp\/v2\/users\/16"}],"replies":[{"embeddable":true,"href":"https:\/\/blogs.diariosur.es\/tormentas-y-rayos\/wp-json\/wp\/v2\/comments?post=38960"}],"version-history":[{"count":4,"href":"https:\/\/blogs.diariosur.es\/tormentas-y-rayos\/wp-json\/wp\/v2\/posts\/38960\/revisions"}],"predecessor-version":[{"id":48535,"href":"https:\/\/blogs.diariosur.es\/tormentas-y-rayos\/wp-json\/wp\/v2\/posts\/38960\/revisions\/48535"}],"wp:featuredmedia":[{"embeddable":true,"href":"https:\/\/blogs.diariosur.es\/tormentas-y-rayos\/wp-json\/wp\/v2\/media\/38964"}],"wp:attachment":[{"href":"https:\/\/blogs.diariosur.es\/tormentas-y-rayos\/wp-json\/wp\/v2\/media?parent=38960"}],"wp:term":[{"taxonomy":"category","embeddable":true,"href":"https:\/\/blogs.diariosur.es\/tormentas-y-rayos\/wp-json\/wp\/v2\/categories?post=38960"},{"taxonomy":"post_tag","embeddable":true,"href":"https:\/\/blogs.diariosur.es\/tormentas-y-rayos\/wp-json\/wp\/v2\/tags?post=38960"}],"curies":[{"name":"wp","href":"https:\/\/api.w.org\/{rel}","templated":true}]}}