{"id":38970,"date":"2023-11-10T07:46:10","date_gmt":"2023-11-10T06:46:10","guid":{"rendered":"https:\/\/blogs.diariosur.es\/tormentas-y-rayos\/?p=38970"},"modified":"2026-01-10T10:49:58","modified_gmt":"2026-01-10T09:49:58","slug":"seria-bueno-que-dios-no-se-acordara-de-san-martin-y-trajera-frio-y-lluvias-sin-fin-prevision-fin-de-semana-en-malaga","status":"publish","type":"post","link":"https:\/\/blogs.diariosur.es\/tormentas-y-rayos\/2023\/11\/10\/seria-bueno-que-dios-no-se-acordara-de-san-martin-y-trajera-frio-y-lluvias-sin-fin-prevision-fin-de-semana-en-malaga\/","title":{"rendered":"Ser\u00eda bueno que Dios no se acordara de San Mart\u00edn y trajera fr\u00edo y lluvias sin fin. Previsi\u00f3n fin de semana en M\u00e1laga"},"content":{"rendered":"<p><a href=\"https:\/\/static-blogs.diariosur.es\/wp-content\/uploads\/sites\/12\/2023\/10\/243418660_10223324765526342_8448445083528661051_n.jpg\"><img loading=\"lazy\" class=\"aligncenter size-thumbnail wp-image-38644\" src=\"https:\/\/static-blogs.diariosur.es\/wp-content\/uploads\/sites\/12\/2023\/10\/243418660_10223324765526342_8448445083528661051_n-150x150.jpg\" alt=\"\" width=\"150\" height=\"150\" \/><\/a><\/p>\n<p data-pm-slice=\"1 1 []\">Buenos d\u00edas, amigos de la meteo. Al final del post, os explico lo de San Mart\u00edn. Cuando son las siete y media de la ma\u00f1ana en M\u00e1laga Capital, la estaci\u00f3n de la AEMET del aeropuerto malague\u00f1o registra 16.6 grados, pero debido al viento, la sensaci\u00f3n es de m\u00e1s fr\u00edo. Los cielos est\u00e1n poco nubosos y sopla terral de oto\u00f1o moderado con alguna racha fuerte. La temperatura m\u00e1xima prevista hoy viernes en la capital malague\u00f1a ser\u00e1 de 22 o 23 grados; en las dem\u00e1s zonas de la provincia, entre los 17 y 23 grados, temperaturas por encima de la media. Tendremos viento de poniente y terral entre moderado y fuerte.<\/p>\n<p>Ayer jueves, la capital malague\u00f1a registr\u00f3 una m\u00e1xima de 25.5 grados en la estaci\u00f3n de la AEMET del aeropuerto.<\/p>\n<p>&nbsp;<\/p>\n<p>&nbsp;<\/p>\n<h3><span style=\"color: #ff0000;\"><strong>Previsi\u00f3n fin de semana en M\u00e1laga<\/strong><\/span><\/h3>\n<p data-pm-slice=\"1 1 []\"><strong>El s\u00e1bado<\/strong> subir\u00e1n las temperaturas m\u00e1ximas muy por encima de la media, incluso las m\u00ednimas. La probabilidad de precipitaciones es muy baja. Seguiremos con poniente y terral de moderado a fuerte.<\/p>\n<p>La AEMET prev\u00e9 estas temperaturas m\u00e1ximas y m\u00ednimas. Entre 19 y 28 grados.<\/p>\n<p>&nbsp;<\/p>\n<p><a href=\"https:\/\/static-blogs.diariosur.es\/wp-content\/uploads\/sites\/12\/2023\/11\/sabado.jpg\"><img loading=\"lazy\" class=\"aligncenter size-full wp-image-38977\" src=\"https:\/\/static-blogs.diariosur.es\/wp-content\/uploads\/sites\/12\/2023\/11\/sabado.jpg\" alt=\"\" width=\"699\" height=\"542\" srcset=\"https:\/\/static-blogs.diariosur.es\/wp-content\/uploads\/sites\/12\/2023\/11\/sabado.jpg 699w, https:\/\/static-blogs.diariosur.es\/wp-content\/uploads\/sites\/12\/2023\/11\/sabado-516x400.jpg 516w\" sizes=\"(max-width: 699px) 100vw, 699px\" \/><\/a><\/p>\n<p>&nbsp;<\/p>\n<p>&nbsp;<\/p>\n<p data-pm-slice=\"1 1 []\"><strong>El domingo<\/strong> el viento de poniente y terral ser\u00e1 m\u00e1s flojo. La probabilidad de precipitaciones es muy baja. La AEMET prev\u00e9 estas temperaturas m\u00e1ximas. Entre los 21 y 28 grados. La temperatura del agua del mar estar\u00e1 sobre los 14 grados.<\/p>\n<p>&nbsp;<\/p>\n<p>&nbsp;<\/p>\n<p><a href=\"https:\/\/static-blogs.diariosur.es\/wp-content\/uploads\/sites\/12\/2023\/11\/domingo.jpg\"><img loading=\"lazy\" class=\"aligncenter size-full wp-image-38979\" src=\"https:\/\/static-blogs.diariosur.es\/wp-content\/uploads\/sites\/12\/2023\/11\/domingo.jpg\" alt=\"\" width=\"699\" height=\"551\" srcset=\"https:\/\/static-blogs.diariosur.es\/wp-content\/uploads\/sites\/12\/2023\/11\/domingo.jpg 699w, https:\/\/static-blogs.diariosur.es\/wp-content\/uploads\/sites\/12\/2023\/11\/domingo-507x400.jpg 507w\" sizes=\"(max-width: 699px) 100vw, 699px\" \/><\/a><\/p>\n<p><span style=\"color: #0000ff;\"><strong>Ser\u00eda bueno que Dios no se acordara de San Mart\u00edn y trajera fr\u00edo y lluvias sin fin<\/strong><\/span><\/p>\n<p data-pm-slice=\"1 1 []\">Fiel a su cita, llega el veranillo de San Mart\u00edn a buena parte de Espa\u00f1a. Es un periodo corto que trae consigo temperaturas m\u00e1ximas por encima de la media, nieblas y ausencias de lluvias en muchas zonas. Dice as\u00ed el refr\u00e1n: <strong><em>Veranillo de San Mart\u00edn, tres d\u00edas y fin.<\/em><\/strong><em> En esta ocasi\u00f3n no ser\u00e1n tres d\u00edas, me temo que siete.\u00a0<\/em><\/p>\n<p>Este veranillo viene de un dicho popular en torno a este\u00a0santo, que parti\u00f3 su capa en dos para cubrir a un mendigo desnudo y muerto\u00a0de fr\u00edo. <strong>Dios<\/strong>\u00a0recompens\u00f3 al Santo enviando una meteorolog\u00eda agradable durante esos d\u00edas para frenar el fr\u00edo del invierno y las lluvias Por eso digo que Dios no se acuerde de San Mart\u00edn.<\/p>\n<p>&nbsp;<\/p>\n<p>&nbsp;<\/p>\n<p><a href=\"https:\/\/static-blogs.diariosur.es\/wp-content\/uploads\/sites\/12\/2023\/11\/Captura-de-pantalla-2023-11-09-205449-1.jpg\"><img loading=\"lazy\" class=\"aligncenter size-full wp-image-38976\" src=\"https:\/\/static-blogs.diariosur.es\/wp-content\/uploads\/sites\/12\/2023\/11\/Captura-de-pantalla-2023-11-09-205449-1.jpg\" alt=\"\" width=\"537\" height=\"992\" srcset=\"https:\/\/static-blogs.diariosur.es\/wp-content\/uploads\/sites\/12\/2023\/11\/Captura-de-pantalla-2023-11-09-205449-1.jpg 537w, https:\/\/static-blogs.diariosur.es\/wp-content\/uploads\/sites\/12\/2023\/11\/Captura-de-pantalla-2023-11-09-205449-1-217x400.jpg 217w\" sizes=\"(max-width: 537px) 100vw, 537px\" \/><\/a><\/p>\n<p>El Greco (Domenikos Theotokopoulos) (Greek, 1541 &#8211; 1614 ), Saint Martin and the Beggar, 1597\/1599, oil on canvas with wooden strip added at bottom, Widener Collection\/<\/p>\n","protected":false},"excerpt":{"rendered":"<p>Buenos d\u00edas, amigos de la meteo. Al final del post, os explico lo de San Mart\u00edn. Cuando son las siete y media de la ma\u00f1ana en M\u00e1laga Capital, la estaci\u00f3n de la AEMET del aeropuerto malague\u00f1o registra 16.6 grados, pero debido al viento, la sensaci\u00f3n es de m\u00e1s fr\u00edo. Los cielos est\u00e1n poco nubosos y [&hellip;]<\/p>\n","protected":false},"author":16,"featured_media":38974,"comment_status":"open","ping_status":"open","sticky":false,"template":"","format":"standard","meta":[],"categories":[2],"tags":[81,212,358,587,885,890,962,975,1051],"_links":{"self":[{"href":"https:\/\/blogs.diariosur.es\/tormentas-y-rayos\/wp-json\/wp\/v2\/posts\/38970"}],"collection":[{"href":"https:\/\/blogs.diariosur.es\/tormentas-y-rayos\/wp-json\/wp\/v2\/posts"}],"about":[{"href":"https:\/\/blogs.diariosur.es\/tormentas-y-rayos\/wp-json\/wp\/v2\/types\/post"}],"author":[{"embeddable":true,"href":"https:\/\/blogs.diariosur.es\/tormentas-y-rayos\/wp-json\/wp\/v2\/users\/16"}],"replies":[{"embeddable":true,"href":"https:\/\/blogs.diariosur.es\/tormentas-y-rayos\/wp-json\/wp\/v2\/comments?post=38970"}],"version-history":[{"count":11,"href":"https:\/\/blogs.diariosur.es\/tormentas-y-rayos\/wp-json\/wp\/v2\/posts\/38970\/revisions"}],"predecessor-version":[{"id":48537,"href":"https:\/\/blogs.diariosur.es\/tormentas-y-rayos\/wp-json\/wp\/v2\/posts\/38970\/revisions\/48537"}],"wp:featuredmedia":[{"embeddable":true,"href":"https:\/\/blogs.diariosur.es\/tormentas-y-rayos\/wp-json\/wp\/v2\/media\/38974"}],"wp:attachment":[{"href":"https:\/\/blogs.diariosur.es\/tormentas-y-rayos\/wp-json\/wp\/v2\/media?parent=38970"}],"wp:term":[{"taxonomy":"category","embeddable":true,"href":"https:\/\/blogs.diariosur.es\/tormentas-y-rayos\/wp-json\/wp\/v2\/categories?post=38970"},{"taxonomy":"post_tag","embeddable":true,"href":"https:\/\/blogs.diariosur.es\/tormentas-y-rayos\/wp-json\/wp\/v2\/tags?post=38970"}],"curies":[{"name":"wp","href":"https:\/\/api.w.org\/{rel}","templated":true}]}}