{"id":38986,"date":"2023-11-12T09:43:46","date_gmt":"2023-11-12T08:43:46","guid":{"rendered":"https:\/\/blogs.diariosur.es\/tormentas-y-rayos\/?p=38986"},"modified":"2026-01-10T10:52:03","modified_gmt":"2026-01-10T09:52:03","slug":"hasta-cuando-el-veranillo-de-san-martin-en-malaga-fotos-y-video-del-amanecer-de-hoy-domingo","status":"publish","type":"post","link":"https:\/\/blogs.diariosur.es\/tormentas-y-rayos\/2023\/11\/12\/hasta-cuando-el-veranillo-de-san-martin-en-malaga-fotos-y-video-del-amanecer-de-hoy-domingo\/","title":{"rendered":"\u00bfHasta cu\u00e1ndo el veranillo de San Mart\u00edn en M\u00e1laga? Fotos y video del amanecer de hoy domingo."},"content":{"rendered":"<p><a href=\"https:\/\/static-blogs.diariosur.es\/wp-content\/uploads\/sites\/12\/2023\/10\/391553712_10227849747128054_5906882869659171719_n.jpg\"><img loading=\"lazy\" class=\"aligncenter size-thumbnail wp-image-38725\" src=\"https:\/\/static-blogs.diariosur.es\/wp-content\/uploads\/sites\/12\/2023\/10\/391553712_10227849747128054_5906882869659171719_n-150x150.jpg\" alt=\"\" width=\"150\" height=\"150\" \/><\/a><\/p>\n<p data-pm-slice=\"1 1 []\">Muy buenos d\u00edas, amigos de la meteo. Pilas cargadas con un bonito amanecer que hemos tenido hoy en M\u00e1laga; al final del post os pondr\u00e9 algunas fotos y un video.<\/p>\n<p>Primeramente, os pongo las temperaturas m\u00e1ximas que se han dado en M\u00e1laga capital desde el jueves d\u00eda nueve hasta ayer s\u00e1bado.<\/p>\n<p>Jueves 25.5 grados.<\/p>\n<p>Viernes 23.2 grados.<\/p>\n<p>S\u00e1bado: 24.2 grados.<\/p>\n<p>En otras zonas de la provincia expuestas al terral de oto\u00f1o, han sobrepasado los 25 y 26 grados estos d\u00edas.<\/p>\n<p><strong>Hoy domingo<\/strong> es probable que sobrepasemos los 26 grados en M\u00e1laga capital, seis grados por encima de la media.<\/p>\n<p><strong>Ma\u00f1ana lunes<\/strong>, tendremos viento flojo de componente este; esto har\u00e1 que la m\u00e1xima ronde los 22 y 23 grados, tambi\u00e9n por encima de la media. En otras zonas de la provincia pueden llegar a los 24 grados. Probabilidad de tar\u00f3.<\/p>\n<p><strong>El martes<\/strong> soplar\u00e1 viento flojo de componente oeste, noroeste; esto har\u00e1 que suban las temperaturas m\u00e1ximas en toda la provincia. En M\u00e1laga capital podemos acercarnos a los 29 grados; en el Valle del Guadalhorce pueden llegar a los 30. En las dem\u00e1s zonas de la provincia malague\u00f1a, las temperaturas m\u00e1ximas rondar\u00e1n entre los 22 y 26 grados. Hay probabilidad de tarot.<\/p>\n<p><strong>El mi\u00e9rcoles<\/strong> seguiremos con temperaturas m\u00e1ximas por encima de la media; bajar\u00e1n un poco en M\u00e1laga capital y costa malague\u00f1a y Valle del Guadalhorce; rondar\u00e1n los 21 y 23 grados. En las comarcas de Ronda y Antequera se esperan m\u00e1ximas de 22 y 25 grados.<\/p>\n<p><strong>El jueves<\/strong> seguir\u00e1 el veranillo de San Mart\u00edn en toda la provincia malague\u00f1a; se esperan temperaturas m\u00e1ximas entre 22 y 26 grados. Ya iremos viendo si sigue los dem\u00e1s d\u00edas.<\/p>\n<p>Os dejo con el amanecer de hoy domingo.<\/p>\n<p><iframe loading=\"lazy\" title=\"YouTube video player\" src=\"https:\/\/www.youtube.com\/embed\/MkJU6kNewPE?si=ef2JU50UReOs5veF\" width=\"560\" height=\"315\" frameborder=\"0\" allowfullscreen=\"allowfullscreen\"><\/iframe><\/p>\n<p><iframe loading=\"lazy\" title=\"YouTube video player\" src=\"https:\/\/www.youtube.com\/embed\/SPhyDgT6CR8?si=L7teCfa_wNzaVc7D\" width=\"560\" height=\"315\" frameborder=\"0\" allowfullscreen=\"allowfullscreen\"><\/iframe><\/p>\n<p>&nbsp;<\/p>\n<p><a href=\"https:\/\/static-blogs.diariosur.es\/wp-content\/uploads\/sites\/12\/2023\/11\/DSC_2840.jpg\"><img loading=\"lazy\" class=\"aligncenter size-full wp-image-38987\" src=\"https:\/\/static-blogs.diariosur.es\/wp-content\/uploads\/sites\/12\/2023\/11\/DSC_2840.jpg\" alt=\"\" width=\"1200\" height=\"800\" srcset=\"https:\/\/static-blogs.diariosur.es\/wp-content\/uploads\/sites\/12\/2023\/11\/DSC_2840.jpg 1200w, https:\/\/static-blogs.diariosur.es\/wp-content\/uploads\/sites\/12\/2023\/11\/DSC_2840-600x400.jpg 600w, https:\/\/static-blogs.diariosur.es\/wp-content\/uploads\/sites\/12\/2023\/11\/DSC_2840-768x512.jpg 768w\" sizes=\"(max-width: 1200px) 100vw, 1200px\" \/><\/a><\/p>\n<p>&nbsp;<\/p>\n<p><a href=\"https:\/\/static-blogs.diariosur.es\/wp-content\/uploads\/sites\/12\/2023\/11\/DSC_2853.jpg\"><img loading=\"lazy\" class=\"aligncenter size-full wp-image-38988\" src=\"https:\/\/static-blogs.diariosur.es\/wp-content\/uploads\/sites\/12\/2023\/11\/DSC_2853.jpg\" alt=\"\" width=\"1200\" height=\"800\" srcset=\"https:\/\/static-blogs.diariosur.es\/wp-content\/uploads\/sites\/12\/2023\/11\/DSC_2853.jpg 1200w, https:\/\/static-blogs.diariosur.es\/wp-content\/uploads\/sites\/12\/2023\/11\/DSC_2853-600x400.jpg 600w, https:\/\/static-blogs.diariosur.es\/wp-content\/uploads\/sites\/12\/2023\/11\/DSC_2853-768x512.jpg 768w\" sizes=\"(max-width: 1200px) 100vw, 1200px\" \/><\/a><\/p>\n","protected":false},"excerpt":{"rendered":"<p>Muy buenos d\u00edas, amigos de la meteo. Pilas cargadas con un bonito amanecer que hemos tenido hoy en M\u00e1laga; al final del post os pondr\u00e9 algunas fotos y un video. Primeramente, os pongo las temperaturas m\u00e1ximas que se han dado en M\u00e1laga capital desde el jueves d\u00eda nueve hasta ayer s\u00e1bado. Jueves 25.5 grados. Viernes [&hellip;]<\/p>\n","protected":false},"author":16,"featured_media":38989,"comment_status":"open","ping_status":"open","sticky":false,"template":"","format":"standard","meta":[],"categories":[2],"tags":[212,587,744,885,975,1051],"_links":{"self":[{"href":"https:\/\/blogs.diariosur.es\/tormentas-y-rayos\/wp-json\/wp\/v2\/posts\/38986"}],"collection":[{"href":"https:\/\/blogs.diariosur.es\/tormentas-y-rayos\/wp-json\/wp\/v2\/posts"}],"about":[{"href":"https:\/\/blogs.diariosur.es\/tormentas-y-rayos\/wp-json\/wp\/v2\/types\/post"}],"author":[{"embeddable":true,"href":"https:\/\/blogs.diariosur.es\/tormentas-y-rayos\/wp-json\/wp\/v2\/users\/16"}],"replies":[{"embeddable":true,"href":"https:\/\/blogs.diariosur.es\/tormentas-y-rayos\/wp-json\/wp\/v2\/comments?post=38986"}],"version-history":[{"count":5,"href":"https:\/\/blogs.diariosur.es\/tormentas-y-rayos\/wp-json\/wp\/v2\/posts\/38986\/revisions"}],"predecessor-version":[{"id":48538,"href":"https:\/\/blogs.diariosur.es\/tormentas-y-rayos\/wp-json\/wp\/v2\/posts\/38986\/revisions\/48538"}],"wp:featuredmedia":[{"embeddable":true,"href":"https:\/\/blogs.diariosur.es\/tormentas-y-rayos\/wp-json\/wp\/v2\/media\/38989"}],"wp:attachment":[{"href":"https:\/\/blogs.diariosur.es\/tormentas-y-rayos\/wp-json\/wp\/v2\/media?parent=38986"}],"wp:term":[{"taxonomy":"category","embeddable":true,"href":"https:\/\/blogs.diariosur.es\/tormentas-y-rayos\/wp-json\/wp\/v2\/categories?post=38986"},{"taxonomy":"post_tag","embeddable":true,"href":"https:\/\/blogs.diariosur.es\/tormentas-y-rayos\/wp-json\/wp\/v2\/tags?post=38986"}],"curies":[{"name":"wp","href":"https:\/\/api.w.org\/{rel}","templated":true}]}}