{"id":38994,"date":"2023-11-13T08:18:18","date_gmt":"2023-11-13T07:18:18","guid":{"rendered":"https:\/\/blogs.diariosur.es\/tormentas-y-rayos\/?p=38994"},"modified":"2026-01-10T10:54:07","modified_gmt":"2026-01-10T09:54:07","slug":"seguiremos-con-temperaturas-altas-en-la-provincia-de-malaga-probabilidad-de-taro-y-brumas","status":"publish","type":"post","link":"https:\/\/blogs.diariosur.es\/tormentas-y-rayos\/2023\/11\/13\/seguiremos-con-temperaturas-altas-en-la-provincia-de-malaga-probabilidad-de-taro-y-brumas\/","title":{"rendered":"Seguiremos con temperaturas altas en la provincia de M\u00e1laga, probabilidad de tar\u00f3 y brumas."},"content":{"rendered":"<p><a href=\"https:\/\/static-blogs.diariosur.es\/wp-content\/uploads\/sites\/12\/2023\/10\/243418660_10223324765526342_8448445083528661051_n.jpg\"><img loading=\"lazy\" class=\"aligncenter size-thumbnail wp-image-38644\" src=\"https:\/\/static-blogs.diariosur.es\/wp-content\/uploads\/sites\/12\/2023\/10\/243418660_10223324765526342_8448445083528661051_n-150x150.jpg\" alt=\"\" width=\"150\" height=\"150\" \/><\/a><\/p>\n<p data-pm-slice=\"1 1 []\">Buenos d\u00edas, amigos de la meteo. Cuando son las siete de la ma\u00f1ana en M\u00e1laga capital, la estaci\u00f3n de la AEMET del aeropuerto registra 16.7 grados, aunque durante la madrugada, en las horas centrales, no hemos bajado de 20 grados. Los cielos est\u00e1n despejados y el viento sopla flojo de direcci\u00f3n variable seg\u00fan zonas. La temperatura del agua del mar es de 14.2 grados; hay probabilidad de tar\u00f3 o brumas a \u00faltima hora de la noche frente a la costa de M\u00e1laga. Hoy lunes se espera una bajada de las m\u00e1ximas en las zonas donde ayer sobrepasaron los 29 y 30 grados; M\u00e1laga capital rondar\u00e1 los 25 grados. En cambio, se espera una subida en las comarcas de Ronda y Antequera; en estas zonas las m\u00e1ximas pueden llegar a los 25 grados. Las rachas fuertes de viento nos dar\u00e1n una tregua.<\/p>\n<p>Ayer domingo se dieron m\u00e1ximas de 29, 30, 31 y 32 grados en M\u00e1laga capital, La Cala del Moral, Rinc\u00f3n de la Victoria, Torre de Benagalb\u00f3n y V\u00e9lez M\u00e1laga. En M\u00e1laga capital, la estaci\u00f3n de la AEMET del Puerto registr\u00f3 29.1 grados, Centro Meteorol\u00f3gico 28.4 y Aeropuerto 28.<\/p>\n<h3><span style=\"color: #0000ff;\"><strong>Previsi\u00f3n martes 14 de noviembre<\/strong><\/span><\/h3>\n<p data-pm-slice=\"1 1 []\">Como todos los a\u00f1os, ma\u00f1ana os pondr\u00e9 el post de las inundaciones del 89.<\/p>\n<p>Ma\u00f1ana martes hay probabilidad nuevamente de terral en la capital, pero es muy posible que vaya por barrios y no llegue a toda la capital. Podemos tener diferencias de temperaturas m\u00e1ximas entre el Puerto y el Centro Meteorol\u00f3gico de 5 grados o m\u00e1s. Seguiremos con probabilidad de brumas y tar\u00f3 en la costa malague\u00f1a, si entran brisas de sur, sureste. No espero rachas fuertes de viento.<\/p>\n<p><strong>Donde se notar\u00e1 m\u00e1s el terral ser\u00e1 en el Valle del Guadalhorce; las temperaturas m\u00e1ximas rondar\u00e1n entre los <\/strong><strong>28 y 30 grados.<\/strong><\/p>\n<p>En las comarcas de Ronda y Antequera, entre los 22 y 25 grados.<\/p>\n<p>En la Axarqu\u00eda, entre los 24 y 26 grados.<\/p>\n<p>Os dejo con unas cuantas fotos de la puesta de sol, que tuvimos el s\u00e1bado desde el Parador de Gibralfaro. Desde el Parador tambi\u00e9n se ve la costa de \u00c1frica.<\/p>\n<p>&nbsp;<\/p>\n<p><a href=\"https:\/\/static-blogs.diariosur.es\/wp-content\/uploads\/sites\/12\/2023\/11\/Parador-de-Gibralfaro-en-M\u00e1laga-capital-2.jpg\"><img loading=\"lazy\" class=\"aligncenter size-full wp-image-39001\" src=\"https:\/\/static-blogs.diariosur.es\/wp-content\/uploads\/sites\/12\/2023\/11\/Parador-de-Gibralfaro-en-M\u00e1laga-capital-2.jpg\" alt=\"\" width=\"1200\" height=\"800\" srcset=\"https:\/\/static-blogs.diariosur.es\/wp-content\/uploads\/sites\/12\/2023\/11\/Parador-de-Gibralfaro-en-M\u00e1laga-capital-2.jpg 1200w, https:\/\/static-blogs.diariosur.es\/wp-content\/uploads\/sites\/12\/2023\/11\/Parador-de-Gibralfaro-en-M\u00e1laga-capital-2-600x400.jpg 600w, https:\/\/static-blogs.diariosur.es\/wp-content\/uploads\/sites\/12\/2023\/11\/Parador-de-Gibralfaro-en-M\u00e1laga-capital-2-768x512.jpg 768w\" sizes=\"(max-width: 1200px) 100vw, 1200px\" \/><\/a><\/p>\n<p>&nbsp;<\/p>\n<p><a href=\"https:\/\/static-blogs.diariosur.es\/wp-content\/uploads\/sites\/12\/2023\/11\/Parador-de-Gibralfaro-en-M\u00e1laga-capital-1.jpg\"><img loading=\"lazy\" class=\"aligncenter size-full wp-image-39002\" src=\"https:\/\/static-blogs.diariosur.es\/wp-content\/uploads\/sites\/12\/2023\/11\/Parador-de-Gibralfaro-en-M\u00e1laga-capital-1.jpg\" alt=\"\" width=\"1200\" height=\"800\" srcset=\"https:\/\/static-blogs.diariosur.es\/wp-content\/uploads\/sites\/12\/2023\/11\/Parador-de-Gibralfaro-en-M\u00e1laga-capital-1.jpg 1200w, https:\/\/static-blogs.diariosur.es\/wp-content\/uploads\/sites\/12\/2023\/11\/Parador-de-Gibralfaro-en-M\u00e1laga-capital-1-600x400.jpg 600w, https:\/\/static-blogs.diariosur.es\/wp-content\/uploads\/sites\/12\/2023\/11\/Parador-de-Gibralfaro-en-M\u00e1laga-capital-1-768x512.jpg 768w\" sizes=\"(max-width: 1200px) 100vw, 1200px\" \/><\/a><\/p>\n<p>&nbsp;<\/p>\n<p><a href=\"https:\/\/static-blogs.diariosur.es\/wp-content\/uploads\/sites\/12\/2023\/11\/FRICA-DESDE-GIBRALFARO-e1699859275356.jpg\"><img loading=\"lazy\" class=\"aligncenter size-full wp-image-39003\" src=\"https:\/\/static-blogs.diariosur.es\/wp-content\/uploads\/sites\/12\/2023\/11\/FRICA-DESDE-GIBRALFARO-e1699859275356.jpg\" alt=\"\" width=\"1200\" height=\"661\" \/><\/a><\/p>\n<p>&nbsp;<\/p>\n<p><a href=\"https:\/\/static-blogs.diariosur.es\/wp-content\/uploads\/sites\/12\/2023\/11\/DSC_2778-e1699859319172.jpg\"><img loading=\"lazy\" class=\"aligncenter size-full wp-image-39004\" src=\"https:\/\/static-blogs.diariosur.es\/wp-content\/uploads\/sites\/12\/2023\/11\/DSC_2778-e1699859319172.jpg\" alt=\"\" width=\"1200\" height=\"655\" \/><\/a><\/p>\n<p>&nbsp;<\/p>\n<p><a href=\"https:\/\/static-blogs.diariosur.es\/wp-content\/uploads\/sites\/12\/2023\/11\/DSC_2773-e1699859385134.jpg\"><img loading=\"lazy\" class=\"aligncenter size-full wp-image-39005\" src=\"https:\/\/static-blogs.diariosur.es\/wp-content\/uploads\/sites\/12\/2023\/11\/DSC_2773-e1699859385134.jpg\" alt=\"\" width=\"1200\" height=\"800\" \/><\/a><\/p>\n","protected":false},"excerpt":{"rendered":"<p>Buenos d\u00edas, amigos de la meteo. Cuando son las siete de la ma\u00f1ana en M\u00e1laga capital, la estaci\u00f3n de la AEMET del aeropuerto registra 16.7 grados, aunque durante la madrugada, en las horas centrales, no hemos bajado de 20 grados. Los cielos est\u00e1n despejados y el viento sopla flojo de direcci\u00f3n variable seg\u00fan zonas. La [&hellip;]<\/p>\n","protected":false},"author":16,"featured_media":39000,"comment_status":"open","ping_status":"open","sticky":false,"template":"","format":"standard","meta":[],"categories":[2],"tags":[100,212,358,587,800,885,975,1051],"_links":{"self":[{"href":"https:\/\/blogs.diariosur.es\/tormentas-y-rayos\/wp-json\/wp\/v2\/posts\/38994"}],"collection":[{"href":"https:\/\/blogs.diariosur.es\/tormentas-y-rayos\/wp-json\/wp\/v2\/posts"}],"about":[{"href":"https:\/\/blogs.diariosur.es\/tormentas-y-rayos\/wp-json\/wp\/v2\/types\/post"}],"author":[{"embeddable":true,"href":"https:\/\/blogs.diariosur.es\/tormentas-y-rayos\/wp-json\/wp\/v2\/users\/16"}],"replies":[{"embeddable":true,"href":"https:\/\/blogs.diariosur.es\/tormentas-y-rayos\/wp-json\/wp\/v2\/comments?post=38994"}],"version-history":[{"count":9,"href":"https:\/\/blogs.diariosur.es\/tormentas-y-rayos\/wp-json\/wp\/v2\/posts\/38994\/revisions"}],"predecessor-version":[{"id":48540,"href":"https:\/\/blogs.diariosur.es\/tormentas-y-rayos\/wp-json\/wp\/v2\/posts\/38994\/revisions\/48540"}],"wp:featuredmedia":[{"embeddable":true,"href":"https:\/\/blogs.diariosur.es\/tormentas-y-rayos\/wp-json\/wp\/v2\/media\/39000"}],"wp:attachment":[{"href":"https:\/\/blogs.diariosur.es\/tormentas-y-rayos\/wp-json\/wp\/v2\/media?parent=38994"}],"wp:term":[{"taxonomy":"category","embeddable":true,"href":"https:\/\/blogs.diariosur.es\/tormentas-y-rayos\/wp-json\/wp\/v2\/categories?post=38994"},{"taxonomy":"post_tag","embeddable":true,"href":"https:\/\/blogs.diariosur.es\/tormentas-y-rayos\/wp-json\/wp\/v2\/tags?post=38994"}],"curies":[{"name":"wp","href":"https:\/\/api.w.org\/{rel}","templated":true}]}}