{"id":39015,"date":"2023-11-15T07:42:39","date_gmt":"2023-11-15T06:42:39","guid":{"rendered":"https:\/\/blogs.diariosur.es\/tormentas-y-rayos\/?p=39015"},"modified":"2026-01-10T10:57:10","modified_gmt":"2026-01-10T09:57:10","slug":"bajan-las-maximas-en-la-costa-malaguena-suben-por-el-interior-el-taro-protagonista-fotos-y-video","status":"publish","type":"post","link":"https:\/\/blogs.diariosur.es\/tormentas-y-rayos\/2023\/11\/15\/bajan-las-maximas-en-la-costa-malaguena-suben-por-el-interior-el-taro-protagonista-fotos-y-video\/","title":{"rendered":"Bajan las m\u00e1ximas en la costa malague\u00f1a, suben por el interior. El tar\u00f3 protagonista, fotos y video."},"content":{"rendered":"<p><a href=\"https:\/\/static-blogs.diariosur.es\/wp-content\/uploads\/sites\/12\/2023\/10\/391553712_10227849747128054_5906882869659171719_n.jpg\"><img loading=\"lazy\" class=\"aligncenter size-thumbnail wp-image-38725\" src=\"https:\/\/static-blogs.diariosur.es\/wp-content\/uploads\/sites\/12\/2023\/10\/391553712_10227849747128054_5906882869659171719_n-150x150.jpg\" alt=\"\" width=\"150\" height=\"150\" \/><\/a><\/p>\n<p>&nbsp;<\/p>\n<p data-pm-slice=\"1 1 []\">Muy buenos d\u00edas, amigos de la meteo. Ayer martes se cumplieron las previsiones; entr\u00f3 tar\u00f3 por la zona de Torre del Mar; al final pondr\u00e9 unas fotos de mi amigo Juan Carlos Bueno Bueno que me ha mandado. Tambi\u00e9n se cumpli\u00f3 el terral, que fue por barrios; hubo un momento en que entre la estaci\u00f3n de la AEMET del Centro Meteorol\u00f3gico y el Puerto hubo hasta cinco grados de diferencia. Las brisas de sur sureste, a partir de primeras horas de la tarde, hicieron bajar las m\u00e1ximas. En cambio, por el Valle del Guadalhorce, en algunos puntos, se llegaron o sobrepasaron los 30 grados. Un solo apunte: la estaci\u00f3n de la AEMET de Torremolinos, que dio una m\u00e1xima de 35.5 grados, no est\u00e1 en buen estado.<\/p>\n<p>Hoy mi\u00e9rcoles, cuando son las seis y media de la ma\u00f1ana, el tar\u00f3 es protagonista en M\u00e1laga capital y Aeropuerto; es posible que hayan desviado algunos vuelos. Os paso un video que he hecho a las seis de la ma\u00f1ana y unas fotos.<\/p>\n<p>Mi amigo David Mancebo, que acaba de salir del trabajo, tambi\u00e9n ha fotografiado el tar\u00f3.\u00a0 Mi amiga Nany Lavado me manda dos desde Gibralfaro.<\/p>\n<p>Este fot\u00f3n de mi amigo David Mancebo.<strong> Aeropuerto<\/strong><\/p>\n<p>&nbsp;<\/p>\n<p><a href=\"https:\/\/static-blogs.diariosur.es\/wp-content\/uploads\/sites\/12\/2023\/11\/402601692_10227995006639451_5236401819496819293_n.jpg\"><img loading=\"lazy\" class=\"aligncenter size-full wp-image-39020\" src=\"https:\/\/static-blogs.diariosur.es\/wp-content\/uploads\/sites\/12\/2023\/11\/402601692_10227995006639451_5236401819496819293_n.jpg\" alt=\"\" width=\"899\" height=\"1163\" srcset=\"https:\/\/static-blogs.diariosur.es\/wp-content\/uploads\/sites\/12\/2023\/11\/402601692_10227995006639451_5236401819496819293_n.jpg 899w, https:\/\/static-blogs.diariosur.es\/wp-content\/uploads\/sites\/12\/2023\/11\/402601692_10227995006639451_5236401819496819293_n-309x400.jpg 309w, https:\/\/static-blogs.diariosur.es\/wp-content\/uploads\/sites\/12\/2023\/11\/402601692_10227995006639451_5236401819496819293_n-768x994.jpg 768w\" sizes=\"(max-width: 899px) 100vw, 899px\" \/><\/a><\/p>\n<p>&nbsp;<\/p>\n<p>Las de Nany Lavado. Fotones.<\/p>\n<p>&nbsp;<\/p>\n<p><a href=\"https:\/\/static-blogs.diariosur.es\/wp-content\/uploads\/sites\/12\/2023\/11\/402597190_10227995185003910_7526560813984780482_n.jpg\"><img loading=\"lazy\" class=\"aligncenter size-full wp-image-39024\" src=\"https:\/\/static-blogs.diariosur.es\/wp-content\/uploads\/sites\/12\/2023\/11\/402597190_10227995185003910_7526560813984780482_n.jpg\" alt=\"\" width=\"1200\" height=\"801\" srcset=\"https:\/\/static-blogs.diariosur.es\/wp-content\/uploads\/sites\/12\/2023\/11\/402597190_10227995185003910_7526560813984780482_n.jpg 1200w, https:\/\/static-blogs.diariosur.es\/wp-content\/uploads\/sites\/12\/2023\/11\/402597190_10227995185003910_7526560813984780482_n-599x400.jpg 599w, https:\/\/static-blogs.diariosur.es\/wp-content\/uploads\/sites\/12\/2023\/11\/402597190_10227995185003910_7526560813984780482_n-768x513.jpg 768w\" sizes=\"(max-width: 1200px) 100vw, 1200px\" \/><\/a><\/p>\n<p>&nbsp;<\/p>\n<p><a href=\"https:\/\/static-blogs.diariosur.es\/wp-content\/uploads\/sites\/12\/2023\/11\/402598068_10227995185323918_3129032118063838388_n.jpg\"><img loading=\"lazy\" class=\"aligncenter size-full wp-image-39025\" src=\"https:\/\/static-blogs.diariosur.es\/wp-content\/uploads\/sites\/12\/2023\/11\/402598068_10227995185323918_3129032118063838388_n.jpg\" alt=\"\" width=\"1200\" height=\"801\" srcset=\"https:\/\/static-blogs.diariosur.es\/wp-content\/uploads\/sites\/12\/2023\/11\/402598068_10227995185323918_3129032118063838388_n.jpg 1200w, https:\/\/static-blogs.diariosur.es\/wp-content\/uploads\/sites\/12\/2023\/11\/402598068_10227995185323918_3129032118063838388_n-599x400.jpg 599w, https:\/\/static-blogs.diariosur.es\/wp-content\/uploads\/sites\/12\/2023\/11\/402598068_10227995185323918_3129032118063838388_n-768x513.jpg 768w\" sizes=\"(max-width: 1200px) 100vw, 1200px\" \/><\/a><\/p>\n<p>&nbsp;<\/p>\n<p>El video desde mi ventana y la foto.<\/p>\n<p>&nbsp;<\/p>\n<p><iframe loading=\"lazy\" title=\"YouTube video player\" src=\"https:\/\/www.youtube.com\/embed\/lrdudEp4o6g?si=44wQKY15Ltr9ukz1\" width=\"560\" height=\"315\" frameborder=\"0\" allowfullscreen=\"allowfullscreen\"><\/iframe><\/p>\n<p>&nbsp;<\/p>\n<p><a href=\"https:\/\/static-blogs.diariosur.es\/wp-content\/uploads\/sites\/12\/2023\/11\/DSC_2890.jpg\"><img loading=\"lazy\" class=\"aligncenter size-full wp-image-39021\" src=\"https:\/\/static-blogs.diariosur.es\/wp-content\/uploads\/sites\/12\/2023\/11\/DSC_2890.jpg\" alt=\"\" width=\"1200\" height=\"800\" srcset=\"https:\/\/static-blogs.diariosur.es\/wp-content\/uploads\/sites\/12\/2023\/11\/DSC_2890.jpg 1200w, https:\/\/static-blogs.diariosur.es\/wp-content\/uploads\/sites\/12\/2023\/11\/DSC_2890-600x400.jpg 600w, https:\/\/static-blogs.diariosur.es\/wp-content\/uploads\/sites\/12\/2023\/11\/DSC_2890-768x512.jpg 768w\" sizes=\"(max-width: 1200px) 100vw, 1200px\" \/><\/a><\/p>\n<h3><\/h3>\n<h3><span style=\"color: #ff0000;\">Bajan las m\u00e1ximas en la costa malague\u00f1a, suben por el interior. Probabilidad de tar\u00f3.<\/span><\/h3>\n<p>Hoy mi\u00e9rcoles y ma\u00f1ana jueves, bajan las temperaturas m\u00e1ximas en toda la costa malague\u00f1a, rondar\u00e1n entre los 21 y 24 grados, siguen siendo temperaturas por encima de la media. En las comarcas de Ronda y Antequera se esperan m\u00e1ximas entre los 23 y 26 grados, por el Valle del Guadalhorce entre los 25 y 28 y por el interior de la Axarqu\u00eda los 22 y 24 grados.\u00a0 Al igual que hoy mi\u00e9rcoles, ma\u00f1ana jueves hay probabilidad de tar\u00f3<\/p>\n<p>Os paso una foto de mi amigo Juan Carlos Bueno Bueno desde Torre del Mar de ayer martes. El tar\u00f3 entro por la tarde, hab\u00eda tanta humedad por la noche que las aceras se mojaron.<\/p>\n<p>&nbsp;<\/p>\n<p><a href=\"https:\/\/static-blogs.diariosur.es\/wp-content\/uploads\/sites\/12\/2023\/11\/402320309_10227993941572825_5374989140764940499_n.jpg\"><img loading=\"lazy\" class=\"aligncenter size-full wp-image-39022\" src=\"https:\/\/static-blogs.diariosur.es\/wp-content\/uploads\/sites\/12\/2023\/11\/402320309_10227993941572825_5374989140764940499_n.jpg\" alt=\"\" width=\"900\" height=\"1195\" srcset=\"https:\/\/static-blogs.diariosur.es\/wp-content\/uploads\/sites\/12\/2023\/11\/402320309_10227993941572825_5374989140764940499_n.jpg 900w, https:\/\/static-blogs.diariosur.es\/wp-content\/uploads\/sites\/12\/2023\/11\/402320309_10227993941572825_5374989140764940499_n-301x400.jpg 301w, https:\/\/static-blogs.diariosur.es\/wp-content\/uploads\/sites\/12\/2023\/11\/402320309_10227993941572825_5374989140764940499_n-768x1020.jpg 768w\" sizes=\"(max-width: 900px) 100vw, 900px\" \/><\/a><\/p>\n<p>&nbsp;<\/p>\n<p>&nbsp;<\/p>\n<p><a href=\"https:\/\/static-blogs.diariosur.es\/wp-content\/uploads\/sites\/12\/2023\/11\/402590836_10227993941692828_2300107589349394071_n.jpg\"><img loading=\"lazy\" class=\"aligncenter size-full wp-image-39023\" src=\"https:\/\/static-blogs.diariosur.es\/wp-content\/uploads\/sites\/12\/2023\/11\/402590836_10227993941692828_2300107589349394071_n.jpg\" alt=\"\" width=\"899\" height=\"1107\" srcset=\"https:\/\/static-blogs.diariosur.es\/wp-content\/uploads\/sites\/12\/2023\/11\/402590836_10227993941692828_2300107589349394071_n.jpg 899w, https:\/\/static-blogs.diariosur.es\/wp-content\/uploads\/sites\/12\/2023\/11\/402590836_10227993941692828_2300107589349394071_n-325x400.jpg 325w, https:\/\/static-blogs.diariosur.es\/wp-content\/uploads\/sites\/12\/2023\/11\/402590836_10227993941692828_2300107589349394071_n-768x946.jpg 768w\" sizes=\"(max-width: 899px) 100vw, 899px\" \/><\/a><\/p>\n","protected":false},"excerpt":{"rendered":"<p>&nbsp; Muy buenos d\u00edas, amigos de la meteo. Ayer martes se cumplieron las previsiones; entr\u00f3 tar\u00f3 por la zona de Torre del Mar; al final pondr\u00e9 unas fotos de mi amigo Juan Carlos Bueno Bueno que me ha mandado. Tambi\u00e9n se cumpli\u00f3 el terral, que fue por barrios; hubo un momento en que entre la [&hellip;]<\/p>\n","protected":false},"author":16,"featured_media":39022,"comment_status":"open","ping_status":"open","sticky":false,"template":"","format":"standard","meta":[],"categories":[2],"tags":[212,358,587,695,800,953],"_links":{"self":[{"href":"https:\/\/blogs.diariosur.es\/tormentas-y-rayos\/wp-json\/wp\/v2\/posts\/39015"}],"collection":[{"href":"https:\/\/blogs.diariosur.es\/tormentas-y-rayos\/wp-json\/wp\/v2\/posts"}],"about":[{"href":"https:\/\/blogs.diariosur.es\/tormentas-y-rayos\/wp-json\/wp\/v2\/types\/post"}],"author":[{"embeddable":true,"href":"https:\/\/blogs.diariosur.es\/tormentas-y-rayos\/wp-json\/wp\/v2\/users\/16"}],"replies":[{"embeddable":true,"href":"https:\/\/blogs.diariosur.es\/tormentas-y-rayos\/wp-json\/wp\/v2\/comments?post=39015"}],"version-history":[{"count":7,"href":"https:\/\/blogs.diariosur.es\/tormentas-y-rayos\/wp-json\/wp\/v2\/posts\/39015\/revisions"}],"predecessor-version":[{"id":48543,"href":"https:\/\/blogs.diariosur.es\/tormentas-y-rayos\/wp-json\/wp\/v2\/posts\/39015\/revisions\/48543"}],"wp:featuredmedia":[{"embeddable":true,"href":"https:\/\/blogs.diariosur.es\/tormentas-y-rayos\/wp-json\/wp\/v2\/media\/39022"}],"wp:attachment":[{"href":"https:\/\/blogs.diariosur.es\/tormentas-y-rayos\/wp-json\/wp\/v2\/media?parent=39015"}],"wp:term":[{"taxonomy":"category","embeddable":true,"href":"https:\/\/blogs.diariosur.es\/tormentas-y-rayos\/wp-json\/wp\/v2\/categories?post=39015"},{"taxonomy":"post_tag","embeddable":true,"href":"https:\/\/blogs.diariosur.es\/tormentas-y-rayos\/wp-json\/wp\/v2\/tags?post=39015"}],"curies":[{"name":"wp","href":"https:\/\/api.w.org\/{rel}","templated":true}]}}