{"id":39028,"date":"2023-11-16T07:37:41","date_gmt":"2023-11-16T06:37:41","guid":{"rendered":"https:\/\/blogs.diariosur.es\/tormentas-y-rayos\/?p=39028"},"modified":"2026-01-10T10:58:32","modified_gmt":"2026-01-10T09:58:32","slug":"la-magia-del-taro-en-malaga-fotos-y-videos-de-mis-amigos","status":"publish","type":"post","link":"https:\/\/blogs.diariosur.es\/tormentas-y-rayos\/2023\/11\/16\/la-magia-del-taro-en-malaga-fotos-y-videos-de-mis-amigos\/","title":{"rendered":"La magia del tar\u00f3 en M\u00e1laga. Fotos y videos de mis amigos."},"content":{"rendered":"<p><a href=\"https:\/\/static-blogs.diariosur.es\/wp-content\/uploads\/sites\/12\/2023\/10\/243418660_10223324765526342_8448445083528661051_n.jpg\"><img loading=\"lazy\" class=\"aligncenter size-thumbnail wp-image-38644\" src=\"https:\/\/static-blogs.diariosur.es\/wp-content\/uploads\/sites\/12\/2023\/10\/243418660_10223324765526342_8448445083528661051_n-150x150.jpg\" alt=\"\" width=\"150\" height=\"150\" \/><\/a><\/p>\n<p data-pm-slice=\"1 1 []\">Buenos d\u00edas, amigos de la meteo. Cuando son las siete de la ma\u00f1ana en M\u00e1laga capital, la estaci\u00f3n de la Aemet del aeropuerto registra 11.9 grados; en cambio, la del puerto, 16.1 grados. He mirado los gr\u00e1ficos de viento y humedad de la estaci\u00f3n del puerto y ha entrado brisa de tierra, es decir, terralillo.<\/p>\n<p>Fijaros en el gr\u00e1fico de humedad y lo compar\u00e1is con la humedad de ayer. Os pongo tambi\u00e9n la humedad de la estaci\u00f3n del aeropuerto, mucho m\u00e1s alta en pocos kil\u00f3metros.<\/p>\n<p>&nbsp;<\/p>\n<p>&nbsp;<\/p>\n<p>&nbsp;<\/p>\n<p>&nbsp;<\/p>\n<p>&nbsp;<\/p>\n<p><a href=\"https:\/\/static-blogs.diariosur.es\/wp-content\/uploads\/sites\/12\/2023\/11\/Captura-de-pantalla-2023-11-16-065442.jpg\"><img loading=\"lazy\" class=\"aligncenter size-full wp-image-39047\" src=\"https:\/\/static-blogs.diariosur.es\/wp-content\/uploads\/sites\/12\/2023\/11\/Captura-de-pantalla-2023-11-16-065442.jpg\" alt=\"\" width=\"1033\" height=\"477\" srcset=\"https:\/\/static-blogs.diariosur.es\/wp-content\/uploads\/sites\/12\/2023\/11\/Captura-de-pantalla-2023-11-16-065442.jpg 1033w, https:\/\/static-blogs.diariosur.es\/wp-content\/uploads\/sites\/12\/2023\/11\/Captura-de-pantalla-2023-11-16-065442-640x296.jpg 640w, https:\/\/static-blogs.diariosur.es\/wp-content\/uploads\/sites\/12\/2023\/11\/Captura-de-pantalla-2023-11-16-065442-768x355.jpg 768w\" sizes=\"(max-width: 1033px) 100vw, 1033px\" \/><\/a><\/p>\n<p>&nbsp;<\/p>\n<p><a href=\"https:\/\/static-blogs.diariosur.es\/wp-content\/uploads\/sites\/12\/2023\/11\/ae.jpg\"><img loading=\"lazy\" class=\"aligncenter size-full wp-image-39048\" src=\"https:\/\/static-blogs.diariosur.es\/wp-content\/uploads\/sites\/12\/2023\/11\/ae.jpg\" alt=\"\" width=\"1037\" height=\"489\" srcset=\"https:\/\/static-blogs.diariosur.es\/wp-content\/uploads\/sites\/12\/2023\/11\/ae.jpg 1037w, https:\/\/static-blogs.diariosur.es\/wp-content\/uploads\/sites\/12\/2023\/11\/ae-640x302.jpg 640w, https:\/\/static-blogs.diariosur.es\/wp-content\/uploads\/sites\/12\/2023\/11\/ae-768x362.jpg 768w\" sizes=\"(max-width: 1037px) 100vw, 1037px\" \/><\/a><\/p>\n<p>Os dejo con la magia del tar\u00f3. Ma\u00f1ana os dar\u00e9 la previsi\u00f3n del fin de semana y el probable cambio de tiempo <strong>a fr\u00edo<\/strong> a partir del martes.<\/p>\n<p>Muchas gracias amigos por compartir los videos y fotos.<\/p>\n<h3><strong>Videos de Beatriz Frabe Dala<\/strong><\/h3>\n<p>&nbsp;<\/p>\n<p><iframe loading=\"lazy\" title=\"YouTube video player\" src=\"https:\/\/www.youtube.com\/embed\/vtfWwg3LqYA?si=MMMd-x1ZVnrTvLk4\" width=\"560\" height=\"315\" frameborder=\"0\" allowfullscreen=\"allowfullscreen\"><\/iframe><\/p>\n<p><iframe loading=\"lazy\" title=\"YouTube video player\" src=\"https:\/\/www.youtube.com\/embed\/GeDqJ2VLa4g?si=cxO8jHmOoKtLXRjN\" width=\"560\" height=\"315\" frameborder=\"0\" allowfullscreen=\"allowfullscreen\"><\/iframe><\/p>\n<p>&nbsp;<\/p>\n<h3><strong>Video mi amigo Carlos Castro en Torre del Mar<\/strong><\/h3>\n<p>&nbsp;<\/p>\n<p><iframe loading=\"lazy\" title=\"YouTube video player\" src=\"https:\/\/www.youtube.com\/embed\/EduO4n1UPTM?si=g_83NwS4plX97ukp\" width=\"560\" height=\"315\" frameborder=\"0\" allowfullscreen=\"allowfullscreen\"><\/iframe><\/p>\n<p>&nbsp;<\/p>\n<h3><strong>Fotos de Nany Lavado desde Gibralfaro. Al fondo se ve la costa de \u00c1frica. Fotones<\/strong><\/h3>\n<p>&nbsp;<\/p>\n<p><a href=\"https:\/\/static-blogs.diariosur.es\/wp-content\/uploads\/sites\/12\/2023\/11\/402610534_10227996319552273_4972047694569152931_n-e1700069451426.jpg\"><img loading=\"lazy\" class=\"aligncenter size-full wp-image-39030\" src=\"https:\/\/static-blogs.diariosur.es\/wp-content\/uploads\/sites\/12\/2023\/11\/402610534_10227996319552273_4972047694569152931_n-e1700069451426.jpg\" alt=\"\" width=\"1200\" height=\"801\" \/><\/a><\/p>\n<p>&nbsp;<\/p>\n<p><a href=\"https:\/\/static-blogs.diariosur.es\/wp-content\/uploads\/sites\/12\/2023\/11\/401232407_10227996320592299_3258982359124399976_n-e1700069539461.jpg\"><img loading=\"lazy\" class=\"aligncenter size-full wp-image-39031\" src=\"https:\/\/static-blogs.diariosur.es\/wp-content\/uploads\/sites\/12\/2023\/11\/401232407_10227996320592299_3258982359124399976_n-e1700069539461.jpg\" alt=\"\" width=\"1200\" height=\"801\" \/><\/a><\/p>\n<p>&nbsp;<\/p>\n<p><a href=\"https:\/\/static-blogs.diariosur.es\/wp-content\/uploads\/sites\/12\/2023\/11\/402610927_10227996320392294_4058959730205822098_n-e1700069579882.jpg\"><img loading=\"lazy\" class=\"aligncenter size-full wp-image-39032\" src=\"https:\/\/static-blogs.diariosur.es\/wp-content\/uploads\/sites\/12\/2023\/11\/402610927_10227996320392294_4058959730205822098_n-e1700069579882.jpg\" alt=\"\" width=\"1200\" height=\"801\" \/><\/a><\/p>\n<p>&nbsp;<\/p>\n<p><a href=\"https:\/\/static-blogs.diariosur.es\/wp-content\/uploads\/sites\/12\/2023\/11\/nanyyyy-e1700077638570.jpg\"><img loading=\"lazy\" class=\"aligncenter size-full wp-image-39040\" src=\"https:\/\/static-blogs.diariosur.es\/wp-content\/uploads\/sites\/12\/2023\/11\/nanyyyy-e1700077638570.jpg\" alt=\"\" width=\"1200\" height=\"801\" \/><\/a><\/p>\n<p>&nbsp;<\/p>\n<p><a href=\"https:\/\/static-blogs.diariosur.es\/wp-content\/uploads\/sites\/12\/2023\/11\/z-1-e1700113586577.jpg\"><img loading=\"lazy\" class=\"aligncenter size-full wp-image-39045\" src=\"https:\/\/static-blogs.diariosur.es\/wp-content\/uploads\/sites\/12\/2023\/11\/z-1-e1700113586577.jpg\" alt=\"\" width=\"1200\" height=\"801\" \/><\/a><\/p>\n<p>&nbsp;<\/p>\n<p>&nbsp;<\/p>\n<h3><strong>Fotos de mi amigo David Mancebo, tambi\u00e9n desde Gibralfaro. Impresionante<\/strong><\/h3>\n<p>&nbsp;<\/p>\n<p><a href=\"https:\/\/static-blogs.diariosur.es\/wp-content\/uploads\/sites\/12\/2023\/11\/d-e1700073197297.jpg\"><img loading=\"lazy\" class=\"aligncenter wp-image-39036\" src=\"https:\/\/static-blogs.diariosur.es\/wp-content\/uploads\/sites\/12\/2023\/11\/d-e1700073197297.jpg\" alt=\"\" width=\"1200\" height=\"801\" \/><\/a><\/p>\n<p>&nbsp;<\/p>\n<p><a href=\"https:\/\/static-blogs.diariosur.es\/wp-content\/uploads\/sites\/12\/2023\/11\/d1-e1700073242570.jpg\"><img loading=\"lazy\" class=\"aligncenter size-full wp-image-39037\" src=\"https:\/\/static-blogs.diariosur.es\/wp-content\/uploads\/sites\/12\/2023\/11\/d1-e1700073242570.jpg\" alt=\"\" width=\"1200\" height=\"801\" \/><\/a><\/p>\n<p>&nbsp;<\/p>\n<p><a href=\"https:\/\/static-blogs.diariosur.es\/wp-content\/uploads\/sites\/12\/2023\/11\/d2-e1700073266260.jpg\"><img loading=\"lazy\" class=\"aligncenter size-full wp-image-39038\" src=\"https:\/\/static-blogs.diariosur.es\/wp-content\/uploads\/sites\/12\/2023\/11\/d2-e1700073266260.jpg\" alt=\"\" width=\"1200\" height=\"801\" \/><\/a><\/p>\n<p>&nbsp;<\/p>\n<h3>Fotos de mi amigo Christian Machowski, un enamorado de M\u00e1laga.<\/h3>\n<p>&nbsp;<\/p>\n<p><a href=\"https:\/\/static-blogs.diariosur.es\/wp-content\/uploads\/sites\/12\/2023\/11\/F_AJ-6ZWsAEkpuG-e1700115860721.jpg\"><img loading=\"lazy\" class=\"aligncenter size-full wp-image-39049\" src=\"https:\/\/static-blogs.diariosur.es\/wp-content\/uploads\/sites\/12\/2023\/11\/F_AJ-6ZWsAEkpuG-e1700115860721.jpg\" alt=\"\" width=\"1200\" height=\"800\" \/><\/a><\/p>\n<p>&nbsp;<\/p>\n<p><a href=\"https:\/\/static-blogs.diariosur.es\/wp-content\/uploads\/sites\/12\/2023\/11\/F_AJ-qaWAAAeJZz-e1700115884522.jpg\"><img loading=\"lazy\" class=\"aligncenter size-full wp-image-39050\" src=\"https:\/\/static-blogs.diariosur.es\/wp-content\/uploads\/sites\/12\/2023\/11\/F_AJ-qaWAAAeJZz-e1700115884522.jpg\" alt=\"\" width=\"1200\" height=\"800\" \/><\/a><\/p>\n<p>&nbsp;<\/p>\n<p><a href=\"https:\/\/static-blogs.diariosur.es\/wp-content\/uploads\/sites\/12\/2023\/11\/F_AJ-UvXgAASPdN-e1700115911372.jpg\"><img loading=\"lazy\" class=\"aligncenter size-full wp-image-39051\" src=\"https:\/\/static-blogs.diariosur.es\/wp-content\/uploads\/sites\/12\/2023\/11\/F_AJ-UvXgAASPdN-e1700115911372.jpg\" alt=\"\" width=\"1200\" height=\"800\" \/><\/a><\/p>\n<h3><\/h3>\n<h3>Fotos de mi amigo Manuel Rueda, desde los Montes de M\u00e1laga.<\/h3>\n<p>&nbsp;<\/p>\n<p><a href=\"https:\/\/static-blogs.diariosur.es\/wp-content\/uploads\/sites\/12\/2023\/11\/F_CLBfJWsAAyAVI-e1700116257572.jpg\"><img loading=\"lazy\" class=\"aligncenter size-full wp-image-39052\" src=\"https:\/\/static-blogs.diariosur.es\/wp-content\/uploads\/sites\/12\/2023\/11\/F_CLBfJWsAAyAVI-e1700116257572.jpg\" alt=\"\" width=\"1200\" height=\"800\" \/><\/a><\/p>\n<p>&nbsp;<\/p>\n<p><a href=\"https:\/\/static-blogs.diariosur.es\/wp-content\/uploads\/sites\/12\/2023\/11\/F_CLBsAXEAAw-AY-e1700116294827.jpg\"><img loading=\"lazy\" class=\"aligncenter size-full wp-image-39053\" src=\"https:\/\/static-blogs.diariosur.es\/wp-content\/uploads\/sites\/12\/2023\/11\/F_CLBsAXEAAw-AY-e1700116294827.jpg\" alt=\"\" width=\"1200\" height=\"800\" \/><\/a><\/p>\n<h3><\/h3>\n<h3><strong>Foto de mi amigo Manuel Francisco Duarte Guti\u00e9rrez de la Cueva. Fot\u00f3n<\/strong><\/h3>\n<p>&nbsp;<\/p>\n<p><a href=\"https:\/\/static-blogs.diariosur.es\/wp-content\/uploads\/sites\/12\/2023\/11\/401228434_10227996734722652_920391033435780811_n-e1700069373664.jpg\"><img loading=\"lazy\" class=\"aligncenter size-full wp-image-39029\" src=\"https:\/\/static-blogs.diariosur.es\/wp-content\/uploads\/sites\/12\/2023\/11\/401228434_10227996734722652_920391033435780811_n-e1700069373664.jpg\" alt=\"\" width=\"1200\" height=\"867\" \/><\/a><\/p>\n<p>&nbsp;<\/p>\n<h3><strong>Fotos desde la Carihuela, de mi amigo Francisco Javier Gonz\u00e1lez Gonz\u00e1lez. Preciosas amigo<\/strong><\/h3>\n<p>&nbsp;<\/p>\n<p><a href=\"https:\/\/static-blogs.diariosur.es\/wp-content\/uploads\/sites\/12\/2023\/11\/401365878_10227996629960033_8455858590309858936_n-e1700069671712.jpg\"><img loading=\"lazy\" class=\"aligncenter size-full wp-image-39033\" src=\"https:\/\/static-blogs.diariosur.es\/wp-content\/uploads\/sites\/12\/2023\/11\/401365878_10227996629960033_8455858590309858936_n-e1700069671712.jpg\" alt=\"\" width=\"1200\" height=\"583\" \/><\/a><\/p>\n<p>&nbsp;<\/p>\n<p><a href=\"https:\/\/static-blogs.diariosur.es\/wp-content\/uploads\/sites\/12\/2023\/11\/402626313_10227996629680026_7032901762561401573_n-e1700069748787.jpg\"><img loading=\"lazy\" class=\"aligncenter size-full wp-image-39034\" src=\"https:\/\/static-blogs.diariosur.es\/wp-content\/uploads\/sites\/12\/2023\/11\/402626313_10227996629680026_7032901762561401573_n-e1700069748787.jpg\" alt=\"\" width=\"560\" height=\"1152\" \/><\/a><\/p>\n<p>&nbsp;<\/p>\n<p><a href=\"https:\/\/static-blogs.diariosur.es\/wp-content\/uploads\/sites\/12\/2023\/11\/javi.jpg\"><img loading=\"lazy\" class=\"aligncenter size-full wp-image-39041\" src=\"https:\/\/static-blogs.diariosur.es\/wp-content\/uploads\/sites\/12\/2023\/11\/javi.jpg\" alt=\"\" width=\"804\" height=\"1109\" srcset=\"https:\/\/static-blogs.diariosur.es\/wp-content\/uploads\/sites\/12\/2023\/11\/javi.jpg 804w, https:\/\/static-blogs.diariosur.es\/wp-content\/uploads\/sites\/12\/2023\/11\/javi-290x400.jpg 290w, https:\/\/static-blogs.diariosur.es\/wp-content\/uploads\/sites\/12\/2023\/11\/javi-768x1059.jpg 768w\" sizes=\"(max-width: 804px) 100vw, 804px\" \/><\/a><\/p>\n<p>&nbsp;<\/p>\n<p>&nbsp;<\/p>\n","protected":false},"excerpt":{"rendered":"<p>Buenos d\u00edas, amigos de la meteo. Cuando son las siete de la ma\u00f1ana en M\u00e1laga capital, la estaci\u00f3n de la Aemet del aeropuerto registra 11.9 grados; en cambio, la del puerto, 16.1 grados. He mirado los gr\u00e1ficos de viento y humedad de la estaci\u00f3n del puerto y ha entrado brisa de tierra, es decir, terralillo. [&hellip;]<\/p>\n","protected":false},"author":16,"featured_media":39036,"comment_status":"open","ping_status":"open","sticky":false,"template":"","format":"standard","meta":[],"categories":[2],"tags":[1451,424,587,695,953],"_links":{"self":[{"href":"https:\/\/blogs.diariosur.es\/tormentas-y-rayos\/wp-json\/wp\/v2\/posts\/39028"}],"collection":[{"href":"https:\/\/blogs.diariosur.es\/tormentas-y-rayos\/wp-json\/wp\/v2\/posts"}],"about":[{"href":"https:\/\/blogs.diariosur.es\/tormentas-y-rayos\/wp-json\/wp\/v2\/types\/post"}],"author":[{"embeddable":true,"href":"https:\/\/blogs.diariosur.es\/tormentas-y-rayos\/wp-json\/wp\/v2\/users\/16"}],"replies":[{"embeddable":true,"href":"https:\/\/blogs.diariosur.es\/tormentas-y-rayos\/wp-json\/wp\/v2\/comments?post=39028"}],"version-history":[{"count":7,"href":"https:\/\/blogs.diariosur.es\/tormentas-y-rayos\/wp-json\/wp\/v2\/posts\/39028\/revisions"}],"predecessor-version":[{"id":48544,"href":"https:\/\/blogs.diariosur.es\/tormentas-y-rayos\/wp-json\/wp\/v2\/posts\/39028\/revisions\/48544"}],"wp:featuredmedia":[{"embeddable":true,"href":"https:\/\/blogs.diariosur.es\/tormentas-y-rayos\/wp-json\/wp\/v2\/media\/39036"}],"wp:attachment":[{"href":"https:\/\/blogs.diariosur.es\/tormentas-y-rayos\/wp-json\/wp\/v2\/media?parent=39028"}],"wp:term":[{"taxonomy":"category","embeddable":true,"href":"https:\/\/blogs.diariosur.es\/tormentas-y-rayos\/wp-json\/wp\/v2\/categories?post=39028"},{"taxonomy":"post_tag","embeddable":true,"href":"https:\/\/blogs.diariosur.es\/tormentas-y-rayos\/wp-json\/wp\/v2\/tags?post=39028"}],"curies":[{"name":"wp","href":"https:\/\/api.w.org\/{rel}","templated":true}]}}