{"id":39059,"date":"2023-11-17T09:10:13","date_gmt":"2023-11-17T08:10:13","guid":{"rendered":"https:\/\/blogs.diariosur.es\/tormentas-y-rayos\/?p=39059"},"modified":"2026-01-10T11:02:00","modified_gmt":"2026-01-10T10:02:00","slug":"el-tiempo-fin-de-semana-en-malaga-cuando-se-acaba-el-veranillo-de-san-martin","status":"publish","type":"post","link":"https:\/\/blogs.diariosur.es\/tormentas-y-rayos\/2023\/11\/17\/el-tiempo-fin-de-semana-en-malaga-cuando-se-acaba-el-veranillo-de-san-martin\/","title":{"rendered":"El tiempo fin de semana en M\u00e1laga. \u00bfCu\u00e1ndo se acaba el veranillo de San Mart\u00edn?"},"content":{"rendered":"<p><a href=\"https:\/\/static-blogs.diariosur.es\/wp-content\/uploads\/sites\/12\/2023\/10\/391553712_10227849747128054_5906882869659171719_n.jpg\"><img loading=\"lazy\" class=\"aligncenter size-thumbnail wp-image-38725\" src=\"https:\/\/static-blogs.diariosur.es\/wp-content\/uploads\/sites\/12\/2023\/10\/391553712_10227849747128054_5906882869659171719_n-150x150.jpg\" alt=\"\" width=\"150\" height=\"150\" \/><\/a><\/p>\n<p data-pm-slice=\"1 1 []\">Buenos d\u00edas, amigos de la meteo.\u00a0 Cuando son las siete de la ma\u00f1ana en M\u00e1laga capital, el aeropuerto registra una temperatura de 10.4 \u00baC, los cielos est\u00e1n poco nubosos y el viento sopla flojo de direcci\u00f3n variable. En estos momentos, por la zona del aeropuerto, Torremolinos y Mijas tienen t\u00e1ro. Mi amigo Antonio Manuel Iglesias Morales me manda esta foto desde la zona de Torremolinos.<\/p>\n<p>&nbsp;<\/p>\n<p><a href=\"https:\/\/static-blogs.diariosur.es\/wp-content\/uploads\/sites\/12\/2023\/11\/402621627_10228002897276712_5258291131774685720_n-e1700207469862.jpg\"><img loading=\"lazy\" class=\"aligncenter size-full wp-image-39068\" src=\"https:\/\/static-blogs.diariosur.es\/wp-content\/uploads\/sites\/12\/2023\/11\/402621627_10228002897276712_5258291131774685720_n-e1700207469862.jpg\" alt=\"\" width=\"1200\" height=\"553\" \/><\/a><\/p>\n<p>&nbsp;<\/p>\n<p>&nbsp;<\/p>\n<p>Yo acabo de llegar de Gibralfaro, os paso esta foto.<\/p>\n<p>&nbsp;<\/p>\n<p><a href=\"https:\/\/static-blogs.diariosur.es\/wp-content\/uploads\/sites\/12\/2023\/11\/DSC_2924.jpg\"><img loading=\"lazy\" class=\"aligncenter size-full wp-image-39069\" src=\"https:\/\/static-blogs.diariosur.es\/wp-content\/uploads\/sites\/12\/2023\/11\/DSC_2924.jpg\" alt=\"\" width=\"1200\" height=\"800\" srcset=\"https:\/\/static-blogs.diariosur.es\/wp-content\/uploads\/sites\/12\/2023\/11\/DSC_2924.jpg 1200w, https:\/\/static-blogs.diariosur.es\/wp-content\/uploads\/sites\/12\/2023\/11\/DSC_2924-600x400.jpg 600w, https:\/\/static-blogs.diariosur.es\/wp-content\/uploads\/sites\/12\/2023\/11\/DSC_2924-768x512.jpg 768w\" sizes=\"(max-width: 1200px) 100vw, 1200px\" \/><\/a><\/p>\n<p>&nbsp;<\/p>\n<p data-pm-slice=\"1 1 []\">Hoy viernes se esperan nubes bajas y brumas, probabilidad de tar\u00f3 en la costa malague\u00f1a. Las temperaturas m\u00e1ximas rondar\u00e1n entre los 21 y 25 grados, d\u00e1ndose las m\u00e1s altas en la comarca de Antequera y Valle del Guadalhorce.<\/p>\n<h3>El tiempo del fin de semana en M\u00e1laga.<\/h3>\n<p><strong>Ma\u00f1ana s\u00e1bado<\/strong> seguimos con brumas y nubes bajas, sin descartar tar\u00f3. Las temperaturas m\u00e1ximas descender\u00e1n en toda la provincia; rondar\u00e1n entre los 17 y 22 grados. Soplar\u00e1 viento de levante.<\/p>\n<p>Os paso las temperaturas m\u00e1ximas y m\u00ednimas que prev\u00e9 la AEMET ma\u00f1ana s\u00e1bado.<\/p>\n<p>&nbsp;<\/p>\n<p><a href=\"https:\/\/static-blogs.diariosur.es\/wp-content\/uploads\/sites\/12\/2023\/11\/sabado-1.jpg\"><img loading=\"lazy\" class=\"aligncenter size-full wp-image-39065\" src=\"https:\/\/static-blogs.diariosur.es\/wp-content\/uploads\/sites\/12\/2023\/11\/sabado-1.jpg\" alt=\"\" width=\"695\" height=\"466\" srcset=\"https:\/\/static-blogs.diariosur.es\/wp-content\/uploads\/sites\/12\/2023\/11\/sabado-1.jpg 695w, https:\/\/static-blogs.diariosur.es\/wp-content\/uploads\/sites\/12\/2023\/11\/sabado-1-597x400.jpg 597w\" sizes=\"(max-width: 695px) 100vw, 695px\" \/><\/a><\/p>\n<p>&nbsp;<\/p>\n<p><strong>El domingo<\/strong> se esperan cielos pocos nubosos en la provincia malague\u00f1a, el viento soplar\u00e1 flojo de componente este.<\/p>\n<p>La aemet prev\u00e9 estas temperaturas m\u00e1ximas y m\u00ednimas<\/p>\n<p>&nbsp;<\/p>\n<p><a href=\"https:\/\/static-blogs.diariosur.es\/wp-content\/uploads\/sites\/12\/2023\/11\/domingo-1.jpg\"><img loading=\"lazy\" class=\"aligncenter size-full wp-image-39066\" src=\"https:\/\/static-blogs.diariosur.es\/wp-content\/uploads\/sites\/12\/2023\/11\/domingo-1.jpg\" alt=\"\" width=\"691\" height=\"463\" srcset=\"https:\/\/static-blogs.diariosur.es\/wp-content\/uploads\/sites\/12\/2023\/11\/domingo-1.jpg 691w, https:\/\/static-blogs.diariosur.es\/wp-content\/uploads\/sites\/12\/2023\/11\/domingo-1-597x400.jpg 597w\" sizes=\"(max-width: 691px) 100vw, 691px\" \/><\/a><\/p>\n<p>&nbsp;<\/p>\n<h3><span style=\"color: #ff0000;\"><strong>\u00bfCu\u00e1ndo se acaba el veranillo de San Mart\u00edn?<\/strong><\/span><\/h3>\n<p data-pm-slice=\"1 1 []\">Desde que comenz\u00f3 el mes de noviembre y probablemente hasta el lunes 20, hemos tenido temperaturas m\u00e1ximas por encima de la media; tan solo el mi\u00e9rcoles d\u00eda ocho registramos 19.2 grados. Como muchos sab\u00e9is, la temperatura media de las m\u00e1ximas en el mes de noviembre en M\u00e1laga Aeropuerto es de 20.1 grados. En cuanto a la media de las m\u00ednimas, tan solo en tres ocasiones ha estado por debajo de la media; uno de esos d\u00edas el aeropuerto registr\u00f3 9.5 grados. La temperatura media de las m\u00ednimas es de 11.3 grados.<\/p>\n<p>Los dos principales modelos coinciden en que a partir del martes o mi\u00e9rcoles bajar\u00e1n las temperaturas m\u00e1ximas y m\u00ednimas en M\u00e1laga y toda Andaluc\u00eda, es decir, que estar\u00e1n dentro de la media a lo que corresponde el mes de noviembre. De momento, los modelos no dan las lluvias deseadas.<\/p>\n<p>&nbsp;<\/p>\n","protected":false},"excerpt":{"rendered":"<p>Buenos d\u00edas, amigos de la meteo.\u00a0 Cuando son las siete de la ma\u00f1ana en M\u00e1laga capital, el aeropuerto registra una temperatura de 10.4 \u00baC, los cielos est\u00e1n poco nubosos y el viento sopla flojo de direcci\u00f3n variable. En estos momentos, por la zona del aeropuerto, Torremolinos y Mijas tienen t\u00e1ro. Mi amigo Antonio Manuel Iglesias [&hellip;]<\/p>\n","protected":false},"author":16,"featured_media":39069,"comment_status":"open","ping_status":"open","sticky":false,"template":"","format":"standard","meta":[],"categories":[2],"tags":[100,587,800,885,953,1051],"_links":{"self":[{"href":"https:\/\/blogs.diariosur.es\/tormentas-y-rayos\/wp-json\/wp\/v2\/posts\/39059"}],"collection":[{"href":"https:\/\/blogs.diariosur.es\/tormentas-y-rayos\/wp-json\/wp\/v2\/posts"}],"about":[{"href":"https:\/\/blogs.diariosur.es\/tormentas-y-rayos\/wp-json\/wp\/v2\/types\/post"}],"author":[{"embeddable":true,"href":"https:\/\/blogs.diariosur.es\/tormentas-y-rayos\/wp-json\/wp\/v2\/users\/16"}],"replies":[{"embeddable":true,"href":"https:\/\/blogs.diariosur.es\/tormentas-y-rayos\/wp-json\/wp\/v2\/comments?post=39059"}],"version-history":[{"count":8,"href":"https:\/\/blogs.diariosur.es\/tormentas-y-rayos\/wp-json\/wp\/v2\/posts\/39059\/revisions"}],"predecessor-version":[{"id":48546,"href":"https:\/\/blogs.diariosur.es\/tormentas-y-rayos\/wp-json\/wp\/v2\/posts\/39059\/revisions\/48546"}],"wp:featuredmedia":[{"embeddable":true,"href":"https:\/\/blogs.diariosur.es\/tormentas-y-rayos\/wp-json\/wp\/v2\/media\/39069"}],"wp:attachment":[{"href":"https:\/\/blogs.diariosur.es\/tormentas-y-rayos\/wp-json\/wp\/v2\/media?parent=39059"}],"wp:term":[{"taxonomy":"category","embeddable":true,"href":"https:\/\/blogs.diariosur.es\/tormentas-y-rayos\/wp-json\/wp\/v2\/categories?post=39059"},{"taxonomy":"post_tag","embeddable":true,"href":"https:\/\/blogs.diariosur.es\/tormentas-y-rayos\/wp-json\/wp\/v2\/tags?post=39059"}],"curies":[{"name":"wp","href":"https:\/\/api.w.org\/{rel}","templated":true}]}}