{"id":39072,"date":"2023-11-18T08:48:02","date_gmt":"2023-11-18T07:48:02","guid":{"rendered":"https:\/\/blogs.diariosur.es\/tormentas-y-rayos\/?p=39072"},"modified":"2026-01-10T11:04:01","modified_gmt":"2026-01-10T10:04:01","slug":"la-magia-del-taro-en-malaga-y-mijas-pueblo-la-humedad-ha-llegado-al-100","status":"publish","type":"post","link":"https:\/\/blogs.diariosur.es\/tormentas-y-rayos\/2023\/11\/18\/la-magia-del-taro-en-malaga-y-mijas-pueblo-la-humedad-ha-llegado-al-100\/","title":{"rendered":"La magia del tar\u00f3 en M\u00e1laga y Mijas Pueblo. La humedad ha llegado al 100%"},"content":{"rendered":"<p><a href=\"https:\/\/static-blogs.diariosur.es\/wp-content\/uploads\/sites\/12\/2023\/10\/243418660_10223324765526342_8448445083528661051_n.jpg\"><img loading=\"lazy\" class=\"aligncenter size-thumbnail wp-image-38644\" src=\"https:\/\/static-blogs.diariosur.es\/wp-content\/uploads\/sites\/12\/2023\/10\/243418660_10223324765526342_8448445083528661051_n-150x150.jpg\" alt=\"\" width=\"150\" height=\"150\" \/><\/a><\/p>\n<p>Muy buenos d\u00edas, amigos de la meteo. Cuando son las ocho de la ma\u00f1ana en M\u00e1laga capital, la estaci\u00f3n de la Aemet del Aeropuerto de M\u00e1laga ha registrado una m\u00ednima de 11 grados, pero lo m\u00e1s destacable ha sido la impresionante humedad que hemos tenido, en algunos momentos el 100%.<\/p>\n<p>Os paso la gr\u00e1fica de humedad.<\/p>\n<p>&nbsp;<\/p>\n<p><a href=\"https:\/\/static-blogs.diariosur.es\/wp-content\/uploads\/sites\/12\/2023\/11\/humedad.jpg\"><img loading=\"lazy\" class=\"aligncenter size-full wp-image-39073\" src=\"https:\/\/static-blogs.diariosur.es\/wp-content\/uploads\/sites\/12\/2023\/11\/humedad.jpg\" alt=\"\" width=\"1107\" height=\"485\" srcset=\"https:\/\/static-blogs.diariosur.es\/wp-content\/uploads\/sites\/12\/2023\/11\/humedad.jpg 1107w, https:\/\/static-blogs.diariosur.es\/wp-content\/uploads\/sites\/12\/2023\/11\/humedad-640x280.jpg 640w, https:\/\/static-blogs.diariosur.es\/wp-content\/uploads\/sites\/12\/2023\/11\/humedad-768x336.jpg 768w\" sizes=\"(max-width: 1107px) 100vw, 1107px\" \/><\/a><\/p>\n<p>Nuevamente se cumplieron las predicciones y el tar\u00f3 fue protagonista ayer viernes a primeras horas de la ma\u00f1ana, por la tarde y sobre todo por la noche. Hubo momentos que la visibilidad era muy reducida. Os pongo una foto de ayer a las 23:45 desde mi terraza.<\/p>\n<p>&nbsp;<\/p>\n<p><a href=\"https:\/\/static-blogs.diariosur.es\/wp-content\/uploads\/sites\/12\/2023\/11\/blog-1.jpg\"><img loading=\"lazy\" class=\"aligncenter size-full wp-image-39074\" src=\"https:\/\/static-blogs.diariosur.es\/wp-content\/uploads\/sites\/12\/2023\/11\/blog-1.jpg\" alt=\"\" width=\"1200\" height=\"800\" srcset=\"https:\/\/static-blogs.diariosur.es\/wp-content\/uploads\/sites\/12\/2023\/11\/blog-1.jpg 1200w, https:\/\/static-blogs.diariosur.es\/wp-content\/uploads\/sites\/12\/2023\/11\/blog-1-600x400.jpg 600w, https:\/\/static-blogs.diariosur.es\/wp-content\/uploads\/sites\/12\/2023\/11\/blog-1-768x512.jpg 768w\" sizes=\"(max-width: 1200px) 100vw, 1200px\" \/><\/a><\/p>\n<p>&nbsp;<\/p>\n<p data-pm-slice=\"1 1 []\">Os pongo las fotos de mi amigo Crist\u00f3bal Gambero, que hizo ayer a primeras horas de la ma\u00f1ana, y a continuaci\u00f3n las m\u00edas que hice por la tarde noche en el Parador de Gibralfaro, incluida la luna creciente.<\/p>\n<p>&nbsp;<\/p>\n<p>&nbsp;<\/p>\n<h3><strong>Fotos Crist\u00f3bal Gambero<\/strong><\/h3>\n<p>&nbsp;<\/p>\n<p><a href=\"https:\/\/static-blogs.diariosur.es\/wp-content\/uploads\/sites\/12\/2023\/11\/IMG_1131-e1700291684718.jpg\"><img loading=\"lazy\" class=\"aligncenter size-full wp-image-39090\" src=\"https:\/\/static-blogs.diariosur.es\/wp-content\/uploads\/sites\/12\/2023\/11\/IMG_1131-e1700291684718.jpg\" alt=\"\" width=\"1200\" height=\"675\" \/><\/a><\/p>\n<p>&nbsp;<\/p>\n<p><a href=\"https:\/\/static-blogs.diariosur.es\/wp-content\/uploads\/sites\/12\/2023\/11\/CRISTOBAL-GAMBERO-15-e1700290132885.jpg\"><img loading=\"lazy\" class=\"aligncenter size-full wp-image-39075\" src=\"https:\/\/static-blogs.diariosur.es\/wp-content\/uploads\/sites\/12\/2023\/11\/CRISTOBAL-GAMBERO-15-e1700290132885.jpg\" alt=\"\" width=\"1200\" height=\"675\" \/><\/a><\/p>\n<p>&nbsp;<\/p>\n<p><a href=\"https:\/\/static-blogs.diariosur.es\/wp-content\/uploads\/sites\/12\/2023\/11\/CRISTOBAL-GAMBERO-14-e1700290160990.jpg\"><img loading=\"lazy\" class=\"aligncenter size-full wp-image-39076\" src=\"https:\/\/static-blogs.diariosur.es\/wp-content\/uploads\/sites\/12\/2023\/11\/CRISTOBAL-GAMBERO-14-e1700290160990.jpg\" alt=\"\" width=\"1200\" height=\"675\" \/><\/a><\/p>\n<p>&nbsp;<\/p>\n<p><a href=\"https:\/\/static-blogs.diariosur.es\/wp-content\/uploads\/sites\/12\/2023\/11\/CRISTOBAL-GAMBERO-11-e1700290184811.jpg\"><img loading=\"lazy\" class=\"aligncenter size-full wp-image-39077\" src=\"https:\/\/static-blogs.diariosur.es\/wp-content\/uploads\/sites\/12\/2023\/11\/CRISTOBAL-GAMBERO-11-e1700290184811.jpg\" alt=\"\" width=\"1200\" height=\"675\" \/><\/a><\/p>\n<p>&nbsp;<\/p>\n<p><a href=\"https:\/\/static-blogs.diariosur.es\/wp-content\/uploads\/sites\/12\/2023\/11\/CRISTOBAL-GAMBERO-1-e1700290221428.jpg\"><img loading=\"lazy\" class=\"aligncenter size-full wp-image-39078\" src=\"https:\/\/static-blogs.diariosur.es\/wp-content\/uploads\/sites\/12\/2023\/11\/CRISTOBAL-GAMBERO-1-e1700290221428.jpg\" alt=\"\" width=\"1200\" height=\"675\" \/><\/a><\/p>\n<h3><\/h3>\n<p>&nbsp;<\/p>\n<h3><strong>Fotos Jose Luis Escudero<\/strong><\/h3>\n<p>&nbsp;<\/p>\n<p><a href=\"https:\/\/static-blogs.diariosur.es\/wp-content\/uploads\/sites\/12\/2023\/11\/JOSE-LUIS-ESCUDERO-1-e1700290991995.jpg\"><img loading=\"lazy\" class=\"aligncenter size-full wp-image-39086\" src=\"https:\/\/static-blogs.diariosur.es\/wp-content\/uploads\/sites\/12\/2023\/11\/JOSE-LUIS-ESCUDERO-1-e1700290991995.jpg\" alt=\"\" width=\"1200\" height=\"800\" \/><\/a><\/p>\n<p>&nbsp;<\/p>\n<p><a href=\"https:\/\/static-blogs.diariosur.es\/wp-content\/uploads\/sites\/12\/2023\/11\/JOSE-LUIS-ESCUDERO-2-e1700291024564.jpg\"><img loading=\"lazy\" class=\"aligncenter size-full wp-image-39087\" src=\"https:\/\/static-blogs.diariosur.es\/wp-content\/uploads\/sites\/12\/2023\/11\/JOSE-LUIS-ESCUDERO-2-e1700291024564.jpg\" alt=\"\" width=\"1200\" height=\"800\" \/><\/a><\/p>\n<p>&nbsp;<\/p>\n<p><a href=\"https:\/\/static-blogs.diariosur.es\/wp-content\/uploads\/sites\/12\/2023\/11\/JOSE-LUIS-ESCUDERO-3-e1700291071335.jpg\"><img loading=\"lazy\" class=\"aligncenter size-full wp-image-39088\" src=\"https:\/\/static-blogs.diariosur.es\/wp-content\/uploads\/sites\/12\/2023\/11\/JOSE-LUIS-ESCUDERO-3-e1700291071335.jpg\" alt=\"\" width=\"1200\" height=\"661\" \/><\/a><\/p>\n<p>&nbsp;<\/p>\n<p><a href=\"https:\/\/static-blogs.diariosur.es\/wp-content\/uploads\/sites\/12\/2023\/11\/JOSE-LUIS-ESCUDERO-4-e1700291108662.jpg\"><img loading=\"lazy\" class=\"aligncenter size-full wp-image-39089\" src=\"https:\/\/static-blogs.diariosur.es\/wp-content\/uploads\/sites\/12\/2023\/11\/JOSE-LUIS-ESCUDERO-4-e1700291108662.jpg\" alt=\"\" width=\"1200\" height=\"800\" \/><\/a><\/p>\n<p>&nbsp;<\/p>\n<p><a href=\"https:\/\/static-blogs.diariosur.es\/wp-content\/uploads\/sites\/12\/2023\/11\/DSC_2990.jpg\"><img loading=\"lazy\" class=\"aligncenter size-full wp-image-39091\" src=\"https:\/\/static-blogs.diariosur.es\/wp-content\/uploads\/sites\/12\/2023\/11\/DSC_2990.jpg\" alt=\"\" width=\"1200\" height=\"800\" srcset=\"https:\/\/static-blogs.diariosur.es\/wp-content\/uploads\/sites\/12\/2023\/11\/DSC_2990.jpg 1200w, https:\/\/static-blogs.diariosur.es\/wp-content\/uploads\/sites\/12\/2023\/11\/DSC_2990-600x400.jpg 600w, https:\/\/static-blogs.diariosur.es\/wp-content\/uploads\/sites\/12\/2023\/11\/DSC_2990-768x512.jpg 768w\" sizes=\"(max-width: 1200px) 100vw, 1200px\" \/><\/a><\/p>\n<p>&nbsp;<\/p>\n<p><a href=\"https:\/\/static-blogs.diariosur.es\/wp-content\/uploads\/sites\/12\/2023\/11\/blog-2.jpg\"><img loading=\"lazy\" class=\"aligncenter size-full wp-image-39092\" src=\"https:\/\/static-blogs.diariosur.es\/wp-content\/uploads\/sites\/12\/2023\/11\/blog-2.jpg\" alt=\"\" width=\"1200\" height=\"900\" srcset=\"https:\/\/static-blogs.diariosur.es\/wp-content\/uploads\/sites\/12\/2023\/11\/blog-2.jpg 1200w, https:\/\/static-blogs.diariosur.es\/wp-content\/uploads\/sites\/12\/2023\/11\/blog-2-533x400.jpg 533w, https:\/\/static-blogs.diariosur.es\/wp-content\/uploads\/sites\/12\/2023\/11\/blog-2-768x576.jpg 768w\" sizes=\"(max-width: 1200px) 100vw, 1200px\" \/><\/a><\/p>\n","protected":false},"excerpt":{"rendered":"<p>Muy buenos d\u00edas, amigos de la meteo. Cuando son las ocho de la ma\u00f1ana en M\u00e1laga capital, la estaci\u00f3n de la Aemet del Aeropuerto de M\u00e1laga ha registrado una m\u00ednima de 11 grados, pero lo m\u00e1s destacable ha sido la impresionante humedad que hemos tenido, en algunos momentos el 100%. Os paso la gr\u00e1fica de [&hellip;]<\/p>\n","protected":false},"author":16,"featured_media":39075,"comment_status":"open","ping_status":"open","sticky":false,"template":"","format":"standard","meta":[],"categories":[2],"tags":[494,587,652,953],"_links":{"self":[{"href":"https:\/\/blogs.diariosur.es\/tormentas-y-rayos\/wp-json\/wp\/v2\/posts\/39072"}],"collection":[{"href":"https:\/\/blogs.diariosur.es\/tormentas-y-rayos\/wp-json\/wp\/v2\/posts"}],"about":[{"href":"https:\/\/blogs.diariosur.es\/tormentas-y-rayos\/wp-json\/wp\/v2\/types\/post"}],"author":[{"embeddable":true,"href":"https:\/\/blogs.diariosur.es\/tormentas-y-rayos\/wp-json\/wp\/v2\/users\/16"}],"replies":[{"embeddable":true,"href":"https:\/\/blogs.diariosur.es\/tormentas-y-rayos\/wp-json\/wp\/v2\/comments?post=39072"}],"version-history":[{"count":3,"href":"https:\/\/blogs.diariosur.es\/tormentas-y-rayos\/wp-json\/wp\/v2\/posts\/39072\/revisions"}],"predecessor-version":[{"id":48548,"href":"https:\/\/blogs.diariosur.es\/tormentas-y-rayos\/wp-json\/wp\/v2\/posts\/39072\/revisions\/48548"}],"wp:featuredmedia":[{"embeddable":true,"href":"https:\/\/blogs.diariosur.es\/tormentas-y-rayos\/wp-json\/wp\/v2\/media\/39075"}],"wp:attachment":[{"href":"https:\/\/blogs.diariosur.es\/tormentas-y-rayos\/wp-json\/wp\/v2\/media?parent=39072"}],"wp:term":[{"taxonomy":"category","embeddable":true,"href":"https:\/\/blogs.diariosur.es\/tormentas-y-rayos\/wp-json\/wp\/v2\/categories?post=39072"},{"taxonomy":"post_tag","embeddable":true,"href":"https:\/\/blogs.diariosur.es\/tormentas-y-rayos\/wp-json\/wp\/v2\/tags?post=39072"}],"curies":[{"name":"wp","href":"https:\/\/api.w.org\/{rel}","templated":true}]}}