{"id":39152,"date":"2023-11-28T08:53:29","date_gmt":"2023-11-28T07:53:29","guid":{"rendered":"https:\/\/blogs.diariosur.es\/tormentas-y-rayos\/?p=39152"},"modified":"2023-11-28T09:00:39","modified_gmt":"2023-11-28T08:00:39","slug":"la-magia-de-los-lenticularis-y-la-luna-llena-en-malaga-gracias-amigos-por-compartir","status":"publish","type":"post","link":"https:\/\/blogs.diariosur.es\/tormentas-y-rayos\/2023\/11\/28\/la-magia-de-los-lenticularis-y-la-luna-llena-en-malaga-gracias-amigos-por-compartir\/","title":{"rendered":"La magia de los lenticularis y la luna llena en M\u00e1laga. Gracias amigos por compartir."},"content":{"rendered":"<p><a href=\"https:\/\/static-blogs.diariosur.es\/wp-content\/uploads\/sites\/12\/2023\/10\/391553712_10227849747128054_5906882869659171719_n.jpg\"><img loading=\"lazy\" class=\"aligncenter size-thumbnail wp-image-38725\" src=\"https:\/\/static-blogs.diariosur.es\/wp-content\/uploads\/sites\/12\/2023\/10\/391553712_10227849747128054_5906882869659171719_n-150x150.jpg\" alt=\"\" width=\"150\" height=\"150\" \/><\/a><\/p>\n<p>Muy buenos d\u00edas, amigos de la meteo. Como la meteo esta tan aburrida, disfrutemos de los cielos que tuvimos anoche y esta ma\u00f1ana gracias a la luna y a los lenticularis.<\/p>\n<p>Fotones de mi amigo Crist\u00f3bal Gambero<\/p>\n<p>&nbsp;<\/p>\n<p><a href=\"https:\/\/static-blogs.diariosur.es\/wp-content\/uploads\/sites\/12\/2023\/11\/z-2-e1701157792614.jpg\"><img loading=\"lazy\" class=\"aligncenter size-full wp-image-39165\" src=\"https:\/\/static-blogs.diariosur.es\/wp-content\/uploads\/sites\/12\/2023\/11\/z-2-e1701157792614.jpg\" alt=\"\" width=\"1200\" height=\"675\" \/><\/a><\/p>\n<p>&nbsp;<\/p>\n<p><a href=\"https:\/\/static-blogs.diariosur.es\/wp-content\/uploads\/sites\/12\/2023\/11\/zz-e1701157836706.jpg\"><img loading=\"lazy\" class=\"aligncenter size-full wp-image-39166\" src=\"https:\/\/static-blogs.diariosur.es\/wp-content\/uploads\/sites\/12\/2023\/11\/zz-e1701157836706.jpg\" alt=\"\" width=\"1200\" height=\"675\" \/><\/a><\/p>\n<p>&nbsp;<\/p>\n<p>Fot\u00f3n de mi amigo Lui Garc\u00eda Mar\u00edn<\/p>\n<p>&nbsp;<\/p>\n<p><a href=\"https:\/\/static-blogs.diariosur.es\/wp-content\/uploads\/sites\/12\/2023\/11\/405996013_10228047390429013_1400026485278802303_n-e1701151027258.jpg\"><img loading=\"lazy\" class=\"aligncenter size-full wp-image-39153\" src=\"https:\/\/static-blogs.diariosur.es\/wp-content\/uploads\/sites\/12\/2023\/11\/405996013_10228047390429013_1400026485278802303_n-e1701151027258.jpg\" alt=\"\" width=\"1200\" height=\"770\" \/><\/a><\/p>\n<p>&nbsp;<\/p>\n<p>Fotones de mi amiga Nany Lavado<\/p>\n<p>&nbsp;<\/p>\n<p><a href=\"https:\/\/static-blogs.diariosur.es\/wp-content\/uploads\/sites\/12\/2023\/11\/406205615_10228047385828898_145140683167551679_n-e1701151057119.jpg\"><img loading=\"lazy\" class=\"aligncenter size-full wp-image-39154\" src=\"https:\/\/static-blogs.diariosur.es\/wp-content\/uploads\/sites\/12\/2023\/11\/406205615_10228047385828898_145140683167551679_n-e1701151057119.jpg\" alt=\"\" width=\"1200\" height=\"801\" \/><\/a><\/p>\n<p>&nbsp;<\/p>\n<p><a href=\"https:\/\/static-blogs.diariosur.es\/wp-content\/uploads\/sites\/12\/2023\/11\/405464773_10228047386468914_6790308793420716141_n-e1701151081740.jpg\"><img loading=\"lazy\" class=\"aligncenter size-full wp-image-39155\" src=\"https:\/\/static-blogs.diariosur.es\/wp-content\/uploads\/sites\/12\/2023\/11\/405464773_10228047386468914_6790308793420716141_n-e1701151081740.jpg\" alt=\"\" width=\"1200\" height=\"801\" \/><\/a><\/p>\n<p>&nbsp;<\/p>\n<p><a href=\"https:\/\/static-blogs.diariosur.es\/wp-content\/uploads\/sites\/12\/2023\/11\/405996004_10228047386308910_4915125455323701704_n-e1701151106490.jpg\"><img loading=\"lazy\" class=\"aligncenter size-full wp-image-39156\" src=\"https:\/\/static-blogs.diariosur.es\/wp-content\/uploads\/sites\/12\/2023\/11\/405996004_10228047386308910_4915125455323701704_n-e1701151106490.jpg\" alt=\"\" width=\"1200\" height=\"801\" \/><\/a><\/p>\n<p>&nbsp;<\/p>\n<p>Fotos de un servidor<\/p>\n<p>&nbsp;<\/p>\n<p><a href=\"https:\/\/static-blogs.diariosur.es\/wp-content\/uploads\/sites\/12\/2023\/11\/8-e1701151133917.jpg\"><img loading=\"lazy\" class=\"aligncenter size-full wp-image-39157\" src=\"https:\/\/static-blogs.diariosur.es\/wp-content\/uploads\/sites\/12\/2023\/11\/8-e1701151133917.jpg\" alt=\"\" width=\"1200\" height=\"800\" \/><\/a><\/p>\n<p>&nbsp;<\/p>\n<p><a href=\"https:\/\/static-blogs.diariosur.es\/wp-content\/uploads\/sites\/12\/2023\/11\/9-e1701151168184.jpg\"><img loading=\"lazy\" class=\"aligncenter size-full wp-image-39158\" src=\"https:\/\/static-blogs.diariosur.es\/wp-content\/uploads\/sites\/12\/2023\/11\/9-e1701151168184.jpg\" alt=\"\" width=\"1200\" height=\"1062\" \/><\/a><\/p>\n<p>&nbsp;<\/p>\n<p><a href=\"https:\/\/static-blogs.diariosur.es\/wp-content\/uploads\/sites\/12\/2023\/11\/DSC_3076-e1701156977878.jpg\"><img loading=\"lazy\" class=\"aligncenter size-full wp-image-39160\" src=\"https:\/\/static-blogs.diariosur.es\/wp-content\/uploads\/sites\/12\/2023\/11\/DSC_3076-e1701156977878.jpg\" alt=\"\" width=\"1200\" height=\"800\" \/><\/a><\/p>\n<p>&nbsp;<\/p>\n<p>Fot\u00f3n de Axarquita Periana.<\/p>\n<p>&nbsp;<\/p>\n<p><a href=\"https:\/\/static-blogs.diariosur.es\/wp-content\/uploads\/sites\/12\/2023\/11\/406024796_2096936934039927_4188835549003610228_n-e1701157170127.jpg\"><img loading=\"lazy\" class=\"aligncenter size-full wp-image-39161\" src=\"https:\/\/static-blogs.diariosur.es\/wp-content\/uploads\/sites\/12\/2023\/11\/406024796_2096936934039927_4188835549003610228_n-e1701157170127.jpg\" alt=\"\" width=\"1200\" height=\"675\" \/><\/a><\/p>\n<p>&nbsp;<\/p>\n<p>Fot\u00f3n de Salvador L\u00f3pez<\/p>\n<p>&nbsp;<\/p>\n<p><a href=\"https:\/\/static-blogs.diariosur.es\/wp-content\/uploads\/sites\/12\/2023\/11\/406029838_6664008677030920_561882279566177669_n-e1701157257368.jpg\"><img loading=\"lazy\" class=\"aligncenter size-full wp-image-39162\" src=\"https:\/\/static-blogs.diariosur.es\/wp-content\/uploads\/sites\/12\/2023\/11\/406029838_6664008677030920_561882279566177669_n-e1701157257368.jpg\" alt=\"\" width=\"500\" height=\"1071\" \/><\/a><\/p>\n<p>&nbsp;<\/p>\n<p>Fot\u00f3n de Christian Machowski<\/p>\n<p>&nbsp;<\/p>\n<p><a href=\"https:\/\/static-blogs.diariosur.es\/wp-content\/uploads\/sites\/12\/2023\/11\/F_9Tb59WgAAGRQu-e1701157435628.jpg\"><img loading=\"lazy\" class=\"aligncenter size-full wp-image-39163\" src=\"https:\/\/static-blogs.diariosur.es\/wp-content\/uploads\/sites\/12\/2023\/11\/F_9Tb59WgAAGRQu-e1701157435628.jpg\" alt=\"\" width=\"1200\" height=\"800\" \/><\/a><\/p>\n<p>&nbsp;<\/p>\n<p>Fot\u00f3n de Nadia Carbajo<\/p>\n<p>&nbsp;<\/p>\n<p><a href=\"https:\/\/static-blogs.diariosur.es\/wp-content\/uploads\/sites\/12\/2023\/11\/405958127_10228047623594842_6131758433704957804_n.jpg\"><img loading=\"lazy\" class=\"aligncenter size-full wp-image-39164\" src=\"https:\/\/static-blogs.diariosur.es\/wp-content\/uploads\/sites\/12\/2023\/11\/405958127_10228047623594842_6131758433704957804_n.jpg\" alt=\"\" width=\"640\" height=\"532\" srcset=\"https:\/\/static-blogs.diariosur.es\/wp-content\/uploads\/sites\/12\/2023\/11\/405958127_10228047623594842_6131758433704957804_n.jpg 640w, https:\/\/static-blogs.diariosur.es\/wp-content\/uploads\/sites\/12\/2023\/11\/405958127_10228047623594842_6131758433704957804_n-481x400.jpg 481w\" sizes=\"(max-width: 640px) 100vw, 640px\" \/><\/a><\/p>\n<p>&nbsp;<\/p>\n<p>Fot\u00f3n de Pen\u00e9lope Frois<\/p>\n<p>&nbsp;<\/p>\n<p><a href=\"https:\/\/static-blogs.diariosur.es\/wp-content\/uploads\/sites\/12\/2023\/11\/406011460_10228047649195482_4312588420705029504_n-e1701158429817.jpg\"><img loading=\"lazy\" class=\"aligncenter size-full wp-image-39170\" src=\"https:\/\/static-blogs.diariosur.es\/wp-content\/uploads\/sites\/12\/2023\/11\/406011460_10228047649195482_4312588420705029504_n-e1701158429817.jpg\" alt=\"\" width=\"1200\" height=\"540\" \/><\/a><\/p>\n<p>&nbsp;<\/p>\n","protected":false},"excerpt":{"rendered":"<p>Muy buenos d\u00edas, amigos de la meteo. Como la meteo esta tan aburrida, disfrutemos de los cielos que tuvimos anoche y esta ma\u00f1ana gracias a la luna y a los lenticularis. Fotones de mi amigo Crist\u00f3bal Gambero &nbsp; &nbsp; &nbsp; Fot\u00f3n de mi amigo Lui Garc\u00eda Mar\u00edn &nbsp; &nbsp; Fotones de mi amiga Nany Lavado [&hellip;]<\/p>\n","protected":false},"author":16,"featured_media":39154,"comment_status":"open","ping_status":"open","sticky":false,"template":"","format":"standard","meta":[],"categories":[2],"tags":[358,1869,1585,576,587,909],"_links":{"self":[{"href":"https:\/\/blogs.diariosur.es\/tormentas-y-rayos\/wp-json\/wp\/v2\/posts\/39152"}],"collection":[{"href":"https:\/\/blogs.diariosur.es\/tormentas-y-rayos\/wp-json\/wp\/v2\/posts"}],"about":[{"href":"https:\/\/blogs.diariosur.es\/tormentas-y-rayos\/wp-json\/wp\/v2\/types\/post"}],"author":[{"embeddable":true,"href":"https:\/\/blogs.diariosur.es\/tormentas-y-rayos\/wp-json\/wp\/v2\/users\/16"}],"replies":[{"embeddable":true,"href":"https:\/\/blogs.diariosur.es\/tormentas-y-rayos\/wp-json\/wp\/v2\/comments?post=39152"}],"version-history":[{"count":5,"href":"https:\/\/blogs.diariosur.es\/tormentas-y-rayos\/wp-json\/wp\/v2\/posts\/39152\/revisions"}],"predecessor-version":[{"id":39171,"href":"https:\/\/blogs.diariosur.es\/tormentas-y-rayos\/wp-json\/wp\/v2\/posts\/39152\/revisions\/39171"}],"wp:featuredmedia":[{"embeddable":true,"href":"https:\/\/blogs.diariosur.es\/tormentas-y-rayos\/wp-json\/wp\/v2\/media\/39154"}],"wp:attachment":[{"href":"https:\/\/blogs.diariosur.es\/tormentas-y-rayos\/wp-json\/wp\/v2\/media?parent=39152"}],"wp:term":[{"taxonomy":"category","embeddable":true,"href":"https:\/\/blogs.diariosur.es\/tormentas-y-rayos\/wp-json\/wp\/v2\/categories?post=39152"},{"taxonomy":"post_tag","embeddable":true,"href":"https:\/\/blogs.diariosur.es\/tormentas-y-rayos\/wp-json\/wp\/v2\/tags?post=39152"}],"curies":[{"name":"wp","href":"https:\/\/api.w.org\/{rel}","templated":true}]}}