{"id":39172,"date":"2023-11-29T08:19:28","date_gmt":"2023-11-29T07:19:28","guid":{"rendered":"https:\/\/blogs.diariosur.es\/tormentas-y-rayos\/?p=39172"},"modified":"2026-01-10T11:17:42","modified_gmt":"2026-01-10T10:17:42","slug":"donde-habra-mas-acumulados-de-precipitacion-en-andalucia","status":"publish","type":"post","link":"https:\/\/blogs.diariosur.es\/tormentas-y-rayos\/2023\/11\/29\/donde-habra-mas-acumulados-de-precipitacion-en-andalucia\/","title":{"rendered":"\u00bfD\u00f3nde habr\u00e1 m\u00e1s acumulados de precipitaci\u00f3n en Andaluc\u00eda?"},"content":{"rendered":"<p><a href=\"https:\/\/static-blogs.diariosur.es\/wp-content\/uploads\/sites\/12\/2023\/10\/243418660_10223324765526342_8448445083528661051_n.jpg\"><img loading=\"lazy\" class=\"aligncenter size-thumbnail wp-image-38644\" src=\"https:\/\/static-blogs.diariosur.es\/wp-content\/uploads\/sites\/12\/2023\/10\/243418660_10223324765526342_8448445083528661051_n-150x150.jpg\" alt=\"\" width=\"150\" height=\"150\" \/><\/a><\/p>\n<p>&nbsp;<\/p>\n<p data-pm-slice=\"1 1 []\">Muy buenos d\u00edas, amigos de la meteo. Cuando son las siete de la ma\u00f1ana en M\u00e1laga capital, la temperatura es de 15 grados, los cielos est\u00e1n con lenticularis y sopla viento flojo de componente oeste.<\/p>\n<p>Hoy mi\u00e9rcoles las temperaturas m\u00e1ximas rondar\u00e1n en la provincia de M\u00e1laga entre los 17 y 23 grados; seguimos con temperaturas por encima de la media. Las rachas fuertes de viento nos dar\u00e1n un respiro.<\/p>\n<p>Os pongo los acumulados del modelo europeo de Andaluc\u00eda y M\u00e1laga. Si os fij\u00e1is, las provincias m\u00e1s favorecidas por las lluvias ser\u00e1n las de C\u00e1diz, Sevilla, C\u00f3rdoba, Ja\u00e9n y Huelva. En la provincia de M\u00e1laga, en su zona interior m\u00e1s occidental. Donde se esperan menos acumulados en las provincias de Granada y Almer\u00eda. Ya iremos viendo en pr\u00f3ximas actualizaciones.<\/p>\n<p>&nbsp;<\/p>\n<p>&nbsp;<\/p>\n<p><a href=\"https:\/\/static-blogs.diariosur.es\/wp-content\/uploads\/sites\/12\/2023\/11\/xx_model-en-342-7_modez_2023112900_72_923_157.jpg\"><img loading=\"lazy\" class=\"aligncenter size-full wp-image-39173\" src=\"https:\/\/static-blogs.diariosur.es\/wp-content\/uploads\/sites\/12\/2023\/11\/xx_model-en-342-7_modez_2023112900_72_923_157.jpg\" alt=\"\" width=\"760\" height=\"760\" srcset=\"https:\/\/static-blogs.diariosur.es\/wp-content\/uploads\/sites\/12\/2023\/11\/xx_model-en-342-7_modez_2023112900_72_923_157.jpg 760w, https:\/\/static-blogs.diariosur.es\/wp-content\/uploads\/sites\/12\/2023\/11\/xx_model-en-342-7_modez_2023112900_72_923_157-150x150.jpg 150w, https:\/\/static-blogs.diariosur.es\/wp-content\/uploads\/sites\/12\/2023\/11\/xx_model-en-342-7_modez_2023112900_72_923_157-400x400.jpg 400w\" sizes=\"(max-width: 760px) 100vw, 760px\" \/><\/a><\/p>\n<p>&nbsp;<\/p>\n<p><a href=\"https:\/\/static-blogs.diariosur.es\/wp-content\/uploads\/sites\/12\/2023\/11\/xx_model-en-342-7_modez_2023112900_67_23783_157.jpg\"><img loading=\"lazy\" class=\"aligncenter size-full wp-image-39174\" src=\"https:\/\/static-blogs.diariosur.es\/wp-content\/uploads\/sites\/12\/2023\/11\/xx_model-en-342-7_modez_2023112900_67_23783_157.jpg\" alt=\"\" width=\"760\" height=\"760\" srcset=\"https:\/\/static-blogs.diariosur.es\/wp-content\/uploads\/sites\/12\/2023\/11\/xx_model-en-342-7_modez_2023112900_67_23783_157.jpg 760w, https:\/\/static-blogs.diariosur.es\/wp-content\/uploads\/sites\/12\/2023\/11\/xx_model-en-342-7_modez_2023112900_67_23783_157-150x150.jpg 150w, https:\/\/static-blogs.diariosur.es\/wp-content\/uploads\/sites\/12\/2023\/11\/xx_model-en-342-7_modez_2023112900_67_23783_157-400x400.jpg 400w\" sizes=\"(max-width: 760px) 100vw, 760px\" \/><\/a><\/p>\n<p>&nbsp;<\/p>\n<p>Os dejo hasta ma\u00f1ana con esta bonita foto que he hecho a las siete y media de la ma\u00f1ana. Lenticularis y luna menguando.<\/p>\n<p>&nbsp;<\/p>\n<p><a href=\"https:\/\/static-blogs.diariosur.es\/wp-content\/uploads\/sites\/12\/2023\/11\/DSC_3086.jpg\"><img loading=\"lazy\" class=\"aligncenter size-full wp-image-39175\" src=\"https:\/\/static-blogs.diariosur.es\/wp-content\/uploads\/sites\/12\/2023\/11\/DSC_3086.jpg\" alt=\"\" width=\"1200\" height=\"800\" srcset=\"https:\/\/static-blogs.diariosur.es\/wp-content\/uploads\/sites\/12\/2023\/11\/DSC_3086.jpg 1200w, https:\/\/static-blogs.diariosur.es\/wp-content\/uploads\/sites\/12\/2023\/11\/DSC_3086-600x400.jpg 600w, https:\/\/static-blogs.diariosur.es\/wp-content\/uploads\/sites\/12\/2023\/11\/DSC_3086-768x512.jpg 768w\" sizes=\"(max-width: 1200px) 100vw, 1200px\" \/><\/a><\/p>\n<p>&nbsp;<\/p>\n<p><a href=\"https:\/\/static-blogs.diariosur.es\/wp-content\/uploads\/sites\/12\/2023\/11\/LUNA-e1701242149804.jpg\"><img loading=\"lazy\" class=\"aligncenter size-full wp-image-39176\" src=\"https:\/\/static-blogs.diariosur.es\/wp-content\/uploads\/sites\/12\/2023\/11\/LUNA-e1701242149804.jpg\" alt=\"\" width=\"1200\" height=\"900\" \/><\/a><\/p>\n","protected":false},"excerpt":{"rendered":"<p>&nbsp; Muy buenos d\u00edas, amigos de la meteo. Cuando son las siete de la ma\u00f1ana en M\u00e1laga capital, la temperatura es de 15 grados, los cielos est\u00e1n con lenticularis y sopla viento flojo de componente oeste. Hoy mi\u00e9rcoles las temperaturas m\u00e1ximas rondar\u00e1n en la provincia de M\u00e1laga entre los 17 y 23 grados; seguimos con [&hellip;]<\/p>\n","protected":false},"author":16,"featured_media":39177,"comment_status":"open","ping_status":"open","sticky":false,"template":"","format":"standard","meta":[],"categories":[2],"tags":[100,188,358,569,587,800],"_links":{"self":[{"href":"https:\/\/blogs.diariosur.es\/tormentas-y-rayos\/wp-json\/wp\/v2\/posts\/39172"}],"collection":[{"href":"https:\/\/blogs.diariosur.es\/tormentas-y-rayos\/wp-json\/wp\/v2\/posts"}],"about":[{"href":"https:\/\/blogs.diariosur.es\/tormentas-y-rayos\/wp-json\/wp\/v2\/types\/post"}],"author":[{"embeddable":true,"href":"https:\/\/blogs.diariosur.es\/tormentas-y-rayos\/wp-json\/wp\/v2\/users\/16"}],"replies":[{"embeddable":true,"href":"https:\/\/blogs.diariosur.es\/tormentas-y-rayos\/wp-json\/wp\/v2\/comments?post=39172"}],"version-history":[{"count":2,"href":"https:\/\/blogs.diariosur.es\/tormentas-y-rayos\/wp-json\/wp\/v2\/posts\/39172\/revisions"}],"predecessor-version":[{"id":48557,"href":"https:\/\/blogs.diariosur.es\/tormentas-y-rayos\/wp-json\/wp\/v2\/posts\/39172\/revisions\/48557"}],"wp:featuredmedia":[{"embeddable":true,"href":"https:\/\/blogs.diariosur.es\/tormentas-y-rayos\/wp-json\/wp\/v2\/media\/39177"}],"wp:attachment":[{"href":"https:\/\/blogs.diariosur.es\/tormentas-y-rayos\/wp-json\/wp\/v2\/media?parent=39172"}],"wp:term":[{"taxonomy":"category","embeddable":true,"href":"https:\/\/blogs.diariosur.es\/tormentas-y-rayos\/wp-json\/wp\/v2\/categories?post=39172"},{"taxonomy":"post_tag","embeddable":true,"href":"https:\/\/blogs.diariosur.es\/tormentas-y-rayos\/wp-json\/wp\/v2\/tags?post=39172"}],"curies":[{"name":"wp","href":"https:\/\/api.w.org\/{rel}","templated":true}]}}