{"id":39180,"date":"2023-11-30T09:22:06","date_gmt":"2023-11-30T08:22:06","guid":{"rendered":"https:\/\/blogs.diariosur.es\/tormentas-y-rayos\/?p=39180"},"modified":"2026-01-10T11:20:33","modified_gmt":"2026-01-10T10:20:33","slug":"a-que-hora-llegara-manana-el-frente-frio-a-la-provincia-de-malaga-precioso-amanecer-fotos-y-videos","status":"publish","type":"post","link":"https:\/\/blogs.diariosur.es\/tormentas-y-rayos\/2023\/11\/30\/a-que-hora-llegara-manana-el-frente-frio-a-la-provincia-de-malaga-precioso-amanecer-fotos-y-videos\/","title":{"rendered":"\u00bfA qu\u00e9 hora llegar\u00e1 ma\u00f1ana el frente fr\u00edo a la provincia de M\u00e1laga? Precioso amanecer, fotos y videos."},"content":{"rendered":"<p><a href=\"https:\/\/static-blogs.diariosur.es\/wp-content\/uploads\/sites\/12\/2023\/10\/391553712_10227849747128054_5906882869659171719_n.jpg\"><img loading=\"lazy\" class=\"aligncenter size-thumbnail wp-image-38725\" src=\"https:\/\/static-blogs.diariosur.es\/wp-content\/uploads\/sites\/12\/2023\/10\/391553712_10227849747128054_5906882869659171719_n-150x150.jpg\" alt=\"\" width=\"150\" height=\"150\" \/><\/a><\/p>\n<p data-pm-slice=\"1 1 []\">Muy buenos d\u00edas, amigos de la meteo. Cuando son las siete y media de la ma\u00f1ana en M\u00e1laga capital, mi estaci\u00f3n registra 15.7 grados, los cielos est\u00e1n nubosos y el viento en mi zona en calma. Antes de comentaros a qu\u00e9 hora llega ma\u00f1ana el frente, tiro para la playa para ver el amanecer que promete.<\/p>\n<p>Ya de vuelta, amigos, ha merecido la pena verlo, grabarlo y fotografiarlo. Os paso un video y unas cuantas fotos al final del post.<\/p>\n<p>&nbsp;<\/p>\n<h3><span style=\"color: #0000ff;\"><strong>\u00bfA qu\u00e9 hora llegar\u00e1 ma\u00f1ana el frente fr\u00edo a la provincia de M\u00e1laga?<\/strong><\/span><\/h3>\n<p>Ayer mi\u00e9rcoles y esta pasada madrugada se han registrado precipitaciones por el interior m\u00e1s occidental de la provincia malague\u00f1a, entre 3 y 7 litros por metro cuadrado, y en la comarca de Antequera, entre 1 y 3.<\/p>\n<p>El frente llegar\u00e1 ma\u00f1ana viernes a la zona m\u00e1s occidental de la provincia malague\u00f1a a primeras horas de la ma\u00f1ana, se ir\u00e1 trasladando r\u00e1pidamente por toda la provincia, llegando a M\u00e1laga capital antes del mediod\u00eda. Una vez que pase, tendremos rachas fuertes de poniente tanto en la costa como por el interior.<\/p>\n<p>Os paso los probables acumulados que se esperan por el modelo europeo y americano; este \u00faltimo es m\u00e1s generoso.<\/p>\n<p>&nbsp;<\/p>\n<p><strong>Modelo europeo.<\/strong><\/p>\n<p>&nbsp;<\/p>\n<p><a href=\"https:\/\/static-blogs.diariosur.es\/wp-content\/uploads\/sites\/12\/2023\/11\/ee.jpg\"><img loading=\"lazy\" class=\"aligncenter size-full wp-image-39185\" src=\"https:\/\/static-blogs.diariosur.es\/wp-content\/uploads\/sites\/12\/2023\/11\/ee.jpg\" alt=\"\" width=\"764\" height=\"765\" srcset=\"https:\/\/static-blogs.diariosur.es\/wp-content\/uploads\/sites\/12\/2023\/11\/ee.jpg 764w, https:\/\/static-blogs.diariosur.es\/wp-content\/uploads\/sites\/12\/2023\/11\/ee-150x150.jpg 150w, https:\/\/static-blogs.diariosur.es\/wp-content\/uploads\/sites\/12\/2023\/11\/ee-399x400.jpg 399w\" sizes=\"(max-width: 764px) 100vw, 764px\" \/><\/a><\/p>\n<p>&nbsp;<\/p>\n<p><strong>Modelo americano<\/strong><\/p>\n<p>&nbsp;<\/p>\n<p><a href=\"https:\/\/static-blogs.diariosur.es\/wp-content\/uploads\/sites\/12\/2023\/11\/amer.jpg\"><img loading=\"lazy\" class=\"aligncenter size-full wp-image-39186\" src=\"https:\/\/static-blogs.diariosur.es\/wp-content\/uploads\/sites\/12\/2023\/11\/amer.jpg\" alt=\"\" width=\"764\" height=\"768\" srcset=\"https:\/\/static-blogs.diariosur.es\/wp-content\/uploads\/sites\/12\/2023\/11\/amer.jpg 764w, https:\/\/static-blogs.diariosur.es\/wp-content\/uploads\/sites\/12\/2023\/11\/amer-150x150.jpg 150w, https:\/\/static-blogs.diariosur.es\/wp-content\/uploads\/sites\/12\/2023\/11\/amer-398x400.jpg 398w\" sizes=\"(max-width: 764px) 100vw, 764px\" \/><\/a><\/p>\n<p>&nbsp;<\/p>\n<p data-pm-slice=\"1 1 []\">En cuanto a las otras provincias de nuestra comunidad, donde llover\u00e1 m\u00e1s es en Huelva, Sevilla y C\u00f3rdoba; est\u00e1n en aviso amarillo por acumulados de 40 mm en doce horas.<\/p>\n<p>&nbsp;<\/p>\n<p>&nbsp;<\/p>\n<p><a href=\"https:\/\/static-blogs.diariosur.es\/wp-content\/uploads\/sites\/12\/2023\/11\/Captura-de-pantalla-2023-11-30-091703.jpg\"><img loading=\"lazy\" class=\"aligncenter size-full wp-image-39187\" src=\"https:\/\/static-blogs.diariosur.es\/wp-content\/uploads\/sites\/12\/2023\/11\/Captura-de-pantalla-2023-11-30-091703.jpg\" alt=\"\" width=\"768\" height=\"756\" srcset=\"https:\/\/static-blogs.diariosur.es\/wp-content\/uploads\/sites\/12\/2023\/11\/Captura-de-pantalla-2023-11-30-091703.jpg 768w, https:\/\/static-blogs.diariosur.es\/wp-content\/uploads\/sites\/12\/2023\/11\/Captura-de-pantalla-2023-11-30-091703-406x400.jpg 406w\" sizes=\"(max-width: 768px) 100vw, 768px\" \/><\/a><\/p>\n<p>&nbsp;<\/p>\n<p>Os paso el amanecer.<\/p>\n<p>&nbsp;<\/p>\n<p><iframe loading=\"lazy\" title=\"YouTube video player\" src=\"https:\/\/www.youtube.com\/embed\/Yeo9CC6Ebqc?si=OeJZFglRkerzio6a\" width=\"560\" height=\"315\" frameborder=\"0\" allowfullscreen=\"allowfullscreen\"><\/iframe><\/p>\n<p>&nbsp;<\/p>\n<p><a href=\"https:\/\/static-blogs.diariosur.es\/wp-content\/uploads\/sites\/12\/2023\/11\/DSC_3107-e1701331186793.jpg\"><img loading=\"lazy\" class=\"aligncenter size-full wp-image-39181\" src=\"https:\/\/static-blogs.diariosur.es\/wp-content\/uploads\/sites\/12\/2023\/11\/DSC_3107-e1701331186793.jpg\" alt=\"\" width=\"1200\" height=\"800\" \/><\/a><\/p>\n<p>&nbsp;<\/p>\n<p><a href=\"https:\/\/static-blogs.diariosur.es\/wp-content\/uploads\/sites\/12\/2023\/11\/DSC_3111-e1701331210507.jpg\"><img loading=\"lazy\" class=\"aligncenter size-full wp-image-39182\" src=\"https:\/\/static-blogs.diariosur.es\/wp-content\/uploads\/sites\/12\/2023\/11\/DSC_3111-e1701331210507.jpg\" alt=\"\" width=\"1200\" height=\"800\" \/><\/a><\/p>\n<p>&nbsp;<\/p>\n<p><a href=\"https:\/\/static-blogs.diariosur.es\/wp-content\/uploads\/sites\/12\/2023\/11\/DSCN0945-e1701331234122.jpg\"><img loading=\"lazy\" class=\"aligncenter size-full wp-image-39183\" src=\"https:\/\/static-blogs.diariosur.es\/wp-content\/uploads\/sites\/12\/2023\/11\/DSCN0945-e1701331234122.jpg\" alt=\"\" width=\"1200\" height=\"900\" \/><\/a><\/p>\n<p>&nbsp;<\/p>\n<p><a href=\"https:\/\/static-blogs.diariosur.es\/wp-content\/uploads\/sites\/12\/2023\/11\/DSCN0952-e1701331260510.jpg\"><img loading=\"lazy\" class=\"aligncenter size-full wp-image-39184\" src=\"https:\/\/static-blogs.diariosur.es\/wp-content\/uploads\/sites\/12\/2023\/11\/DSCN0952-e1701331260510.jpg\" alt=\"\" width=\"1200\" height=\"900\" \/><\/a><\/p>\n","protected":false},"excerpt":{"rendered":"<p>Muy buenos d\u00edas, amigos de la meteo. Cuando son las siete y media de la ma\u00f1ana en M\u00e1laga capital, mi estaci\u00f3n registra 15.7 grados, los cielos est\u00e1n nubosos y el viento en mi zona en calma. Antes de comentaros a qu\u00e9 hora llega ma\u00f1ana el frente, tiro para la playa para ver el amanecer que [&hellip;]<\/p>\n","protected":false},"author":16,"featured_media":39188,"comment_status":"open","ping_status":"open","sticky":false,"template":"","format":"standard","meta":[],"categories":[2],"tags":[],"_links":{"self":[{"href":"https:\/\/blogs.diariosur.es\/tormentas-y-rayos\/wp-json\/wp\/v2\/posts\/39180"}],"collection":[{"href":"https:\/\/blogs.diariosur.es\/tormentas-y-rayos\/wp-json\/wp\/v2\/posts"}],"about":[{"href":"https:\/\/blogs.diariosur.es\/tormentas-y-rayos\/wp-json\/wp\/v2\/types\/post"}],"author":[{"embeddable":true,"href":"https:\/\/blogs.diariosur.es\/tormentas-y-rayos\/wp-json\/wp\/v2\/users\/16"}],"replies":[{"embeddable":true,"href":"https:\/\/blogs.diariosur.es\/tormentas-y-rayos\/wp-json\/wp\/v2\/comments?post=39180"}],"version-history":[{"count":5,"href":"https:\/\/blogs.diariosur.es\/tormentas-y-rayos\/wp-json\/wp\/v2\/posts\/39180\/revisions"}],"predecessor-version":[{"id":48558,"href":"https:\/\/blogs.diariosur.es\/tormentas-y-rayos\/wp-json\/wp\/v2\/posts\/39180\/revisions\/48558"}],"wp:featuredmedia":[{"embeddable":true,"href":"https:\/\/blogs.diariosur.es\/tormentas-y-rayos\/wp-json\/wp\/v2\/media\/39188"}],"wp:attachment":[{"href":"https:\/\/blogs.diariosur.es\/tormentas-y-rayos\/wp-json\/wp\/v2\/media?parent=39180"}],"wp:term":[{"taxonomy":"category","embeddable":true,"href":"https:\/\/blogs.diariosur.es\/tormentas-y-rayos\/wp-json\/wp\/v2\/categories?post=39180"},{"taxonomy":"post_tag","embeddable":true,"href":"https:\/\/blogs.diariosur.es\/tormentas-y-rayos\/wp-json\/wp\/v2\/tags?post=39180"}],"curies":[{"name":"wp","href":"https:\/\/api.w.org\/{rel}","templated":true}]}}