{"id":39194,"date":"2023-12-01T07:58:49","date_gmt":"2023-12-01T06:58:49","guid":{"rendered":"https:\/\/blogs.diariosur.es\/tormentas-y-rayos\/?p=39194"},"modified":"2025-12-25T10:39:56","modified_gmt":"2025-12-25T09:39:56","slug":"comienza-el-invierno-meteorologico-prevision-fin-de-semana-como-ha-sido-noviembre-llovera-en-el-puente-de-la-constitucion-en-malaga","status":"publish","type":"post","link":"https:\/\/blogs.diariosur.es\/tormentas-y-rayos\/2023\/12\/01\/comienza-el-invierno-meteorologico-prevision-fin-de-semana-como-ha-sido-noviembre-llovera-en-el-puente-de-la-constitucion-en-malaga\/","title":{"rendered":"Comienza el invierno meteorol\u00f3gico, previsi\u00f3n fin de semana. \u00bfC\u00f3mo ha sido noviembre. Llover\u00e1 en el Puente de la Constituci\u00f3n en M\u00e1laga?"},"content":{"rendered":"<p><a href=\"https:\/\/static-blogs.diariosur.es\/wp-content\/uploads\/sites\/12\/2023\/10\/243418660_10223324765526342_8448445083528661051_n.jpg\"><img loading=\"lazy\" class=\"aligncenter size-thumbnail wp-image-38644\" src=\"https:\/\/static-blogs.diariosur.es\/wp-content\/uploads\/sites\/12\/2023\/10\/243418660_10223324765526342_8448445083528661051_n-150x150.jpg\" alt=\"\" width=\"150\" height=\"150\" \/><\/a><\/p>\n<p data-pm-slice=\"1 1 []\">Muy buenos d\u00edas, amigos de la meteo. El invierno meteorol\u00f3gico que comienza hoy viernes traer\u00e1 consigo precipitaciones a la provincia de M\u00e1laga. Curiosamente, en Grazalema llevan cerca de 200 litros en 48 horas. Una vez pase el frente, tomar\u00e1n protagonismo las rachas fuertes de poniente y terral. Destacar tambi\u00e9n la temperatura que tenemos en M\u00e1laga capital; mi estaci\u00f3n registra a las siete menos cuarto de la ma\u00f1ana 18 grados.<\/p>\n<p>En esta imagen en infrarrojo se distingue perfectamente el frente fr\u00edo y las lluvias que deja en estos momentos en las provincias occidentales de Andaluc\u00eda. En algunos puntos, m\u00e1s de 50 mm.<\/p>\n<p>&nbsp;<\/p>\n<p><a href=\"https:\/\/static-blogs.diariosur.es\/wp-content\/uploads\/sites\/12\/2023\/12\/webexterna_ColorIR87_05-00.jpg\"><img loading=\"lazy\" class=\"aligncenter size-full wp-image-39206\" src=\"https:\/\/static-blogs.diariosur.es\/wp-content\/uploads\/sites\/12\/2023\/12\/webexterna_ColorIR87_05-00.jpg\" alt=\"\" width=\"677\" height=\"420\" srcset=\"https:\/\/static-blogs.diariosur.es\/wp-content\/uploads\/sites\/12\/2023\/12\/webexterna_ColorIR87_05-00.jpg 677w, https:\/\/static-blogs.diariosur.es\/wp-content\/uploads\/sites\/12\/2023\/12\/webexterna_ColorIR87_05-00-640x397.jpg 640w\" sizes=\"(max-width: 677px) 100vw, 677px\" \/><\/a><\/p>\n<p><a href=\"https:\/\/static-blogs.diariosur.es\/wp-content\/uploads\/sites\/12\/2023\/12\/Captura-de-pantalla-2023-12-01-063939.jpg\"><img loading=\"lazy\" class=\"aligncenter size-full wp-image-39207\" src=\"https:\/\/static-blogs.diariosur.es\/wp-content\/uploads\/sites\/12\/2023\/12\/Captura-de-pantalla-2023-12-01-063939.jpg\" alt=\"\" width=\"606\" height=\"609\" srcset=\"https:\/\/static-blogs.diariosur.es\/wp-content\/uploads\/sites\/12\/2023\/12\/Captura-de-pantalla-2023-12-01-063939.jpg 606w, https:\/\/static-blogs.diariosur.es\/wp-content\/uploads\/sites\/12\/2023\/12\/Captura-de-pantalla-2023-12-01-063939-150x150.jpg 150w, https:\/\/static-blogs.diariosur.es\/wp-content\/uploads\/sites\/12\/2023\/12\/Captura-de-pantalla-2023-12-01-063939-398x400.jpg 398w\" sizes=\"(max-width: 606px) 100vw, 606px\" \/><\/a><\/p>\n<p>&nbsp;<\/p>\n<p data-pm-slice=\"1 1 []\">El lunes 4 nos afectar\u00e1 otro frente, pero tampoco espero gran cosa.<\/p>\n<h3><span style=\"color: #0000ff;\"><strong>Previsi\u00f3n fin de semana<\/strong><\/span><\/h3>\n<p><strong>El s\u00e1bado<\/strong> seguiremos con viento de poniente y terral; espero rachas de moderadas a fuertes. La probabilidad de precipitaciones es muy baja. La AEMET espera estas temperaturas m\u00e1ximas y m\u00ednimas.<\/p>\n<p>&nbsp;<\/p>\n<p>&nbsp;<\/p>\n<p><a href=\"https:\/\/static-blogs.diariosur.es\/wp-content\/uploads\/sites\/12\/2023\/11\/SABADO.jpg\"><img loading=\"lazy\" class=\"aligncenter size-full wp-image-39201\" src=\"https:\/\/static-blogs.diariosur.es\/wp-content\/uploads\/sites\/12\/2023\/11\/SABADO.jpg\" alt=\"\" width=\"688\" height=\"549\" srcset=\"https:\/\/static-blogs.diariosur.es\/wp-content\/uploads\/sites\/12\/2023\/11\/SABADO.jpg 688w, https:\/\/static-blogs.diariosur.es\/wp-content\/uploads\/sites\/12\/2023\/11\/SABADO-501x400.jpg 501w\" sizes=\"(max-width: 688px) 100vw, 688px\" \/><\/a><\/p>\n<p>&nbsp;<\/p>\n<p><strong>El domingo<\/strong> el viento cambiar\u00e1 a levante a primeras horas de la ma\u00f1ana. La probabilidad de precipitaciones es muy baja.\u00a0 La Aemet espera estas temperaturas m\u00e1ximas y m\u00ednimas.<\/p>\n<p>&nbsp;<\/p>\n<p><a href=\"https:\/\/static-blogs.diariosur.es\/wp-content\/uploads\/sites\/12\/2023\/11\/DOMINGO.jpg\"><img loading=\"lazy\" class=\"aligncenter size-full wp-image-39202\" src=\"https:\/\/static-blogs.diariosur.es\/wp-content\/uploads\/sites\/12\/2023\/11\/DOMINGO.jpg\" alt=\"\" width=\"699\" height=\"543\" srcset=\"https:\/\/static-blogs.diariosur.es\/wp-content\/uploads\/sites\/12\/2023\/11\/DOMINGO.jpg 699w, https:\/\/static-blogs.diariosur.es\/wp-content\/uploads\/sites\/12\/2023\/11\/DOMINGO-515x400.jpg 515w\" sizes=\"(max-width: 699px) 100vw, 699px\" \/><\/a><\/p>\n<h3><\/h3>\n<h3><span style=\"color: #ff0000;\"><strong>\u00bfC\u00f3mo ha sido noviembre?<\/strong><\/span><\/h3>\n<p data-pm-slice=\"1 1 []\">Se nos ha ido noviembre con cero litros en M\u00e1laga capital; la media de noviembre es de 100 mm. Se vuelven a repetir los de los a\u00f1os:<\/p>\n<p><strong>A\u00f1o 1948: cero\u00a0litros por metro cuadrado.<\/strong><\/p>\n<p><strong>A\u00f1o 1950: cero litros por metro cuadrado.<\/strong><\/p>\n<p><strong>A\u00f1o 1981: cero\u00a0litros por metro cuadrado.<\/strong><\/p>\n<p>Lo peor de esta ausencia de lluvias es que en 2021 y 2022 cayeron menos de 9 mm. Noviembre de 2021\u00a0cay\u00f3 5.6 mm y noviembre de 2022 un poco m\u00e1s, 9.4 mm.<\/p>\n<p>En cuanto a las temperaturas medias de noviembre de 2023, pendiente de confirmar por la AEMET, han sido estas. Probablemente el segundo noviembre m\u00e1s c\u00e1lido de la serie hist\u00f3rica; el primero fue el a\u00f1o pasado.<\/p>\n<p><strong>Noviembre de 2023<\/strong><\/p>\n<p>Temperatura media de las m\u00e1ximas: 22.8 grados.<\/p>\n<p>Temperatura media de las m\u00ednimas: 12,3 grados.<\/p>\n<p>Temperatura media: 17,6 grados.<\/p>\n<p>Estos fueron los registros del a\u00f1o pasado, el m\u00e1s c\u00e1lido de la serie hist\u00f3rica.<\/p>\n<p>Temperatura media de las m\u00e1ximas: 22.9 grados.<\/p>\n<p>Temperatura media de las m\u00ednimas: 13 grados.<\/p>\n<p>Temperatura media: 18 grados.<\/p>\n<p>&nbsp;<\/p>\n<p>&nbsp;<\/p>\n<h3><span style=\"color: #ff0000;\"><strong>\u00bfLlover\u00e1 en el Puente de la Constituci\u00f3n en M\u00e1laga?<\/strong><\/span><\/h3>\n<p data-pm-slice=\"1 1 []\">Ante la insistencia de muchos por saber qu\u00e9 probable tiempo tendremos en el Puente de la Constituci\u00f3n e Inmaculada, os doy un avance. <strong>Pero recordar que a\u00fan quedan muchos d\u00edas y puede cambiar.<\/strong><\/p>\n<p>En cuanto a las temperaturas m\u00e1ximas y m\u00ednimas, es probable que est\u00e9n por encima de la media casi todos los d\u00edas. Y la mala noticia, s\u00ed, la mal\u00edsima noticia es que la probabilidad de precipitaciones es muy baja. Pero como os he dicho m\u00e1s arriba, a\u00fan quedan muchos d\u00edas y puede cambiar.<\/p>\n<p>Os dejo con esta bonita imagen de mi amigo Crist\u00f3bal Gambero en Mijas Pueblo. El de la foto es Juan Gambero, padre de Crist\u00f3bal, que cumple 87 a\u00f1os. Adem\u00e1s, entiende un mont\u00f3n de meteorolog\u00eda. Un abrazo.<\/p>\n<p>&nbsp;<\/p>\n<p><a href=\"https:\/\/static-blogs.diariosur.es\/wp-content\/uploads\/sites\/12\/2023\/11\/405701262_6795985657117037_2445035078105399752_n-e1701364109799.jpg\"><img loading=\"lazy\" class=\"aligncenter size-full wp-image-39203\" src=\"https:\/\/static-blogs.diariosur.es\/wp-content\/uploads\/sites\/12\/2023\/11\/405701262_6795985657117037_2445035078105399752_n-e1701364109799.jpg\" alt=\"\" width=\"1200\" height=\"675\" \/><\/a><\/p>\n<p>&nbsp;<\/p>\n<p>&nbsp;<\/p>\n","protected":false},"excerpt":{"rendered":"<p>Muy buenos d\u00edas, amigos de la meteo. El invierno meteorol\u00f3gico que comienza hoy viernes traer\u00e1 consigo precipitaciones a la provincia de M\u00e1laga. Curiosamente, en Grazalema llevan cerca de 200 litros en 48 horas. Una vez pase el frente, tomar\u00e1n protagonismo las rachas fuertes de poniente y terral. Destacar tambi\u00e9n la temperatura que tenemos en M\u00e1laga [&hellip;]<\/p>\n","protected":false},"author":16,"featured_media":39203,"comment_status":"open","ping_status":"open","sticky":false,"template":"","format":"standard","meta":[],"categories":[2],"tags":[212,276,358,511,569,809,832,909],"_links":{"self":[{"href":"https:\/\/blogs.diariosur.es\/tormentas-y-rayos\/wp-json\/wp\/v2\/posts\/39194"}],"collection":[{"href":"https:\/\/blogs.diariosur.es\/tormentas-y-rayos\/wp-json\/wp\/v2\/posts"}],"about":[{"href":"https:\/\/blogs.diariosur.es\/tormentas-y-rayos\/wp-json\/wp\/v2\/types\/post"}],"author":[{"embeddable":true,"href":"https:\/\/blogs.diariosur.es\/tormentas-y-rayos\/wp-json\/wp\/v2\/users\/16"}],"replies":[{"embeddable":true,"href":"https:\/\/blogs.diariosur.es\/tormentas-y-rayos\/wp-json\/wp\/v2\/comments?post=39194"}],"version-history":[{"count":15,"href":"https:\/\/blogs.diariosur.es\/tormentas-y-rayos\/wp-json\/wp\/v2\/posts\/39194\/revisions"}],"predecessor-version":[{"id":48241,"href":"https:\/\/blogs.diariosur.es\/tormentas-y-rayos\/wp-json\/wp\/v2\/posts\/39194\/revisions\/48241"}],"wp:featuredmedia":[{"embeddable":true,"href":"https:\/\/blogs.diariosur.es\/tormentas-y-rayos\/wp-json\/wp\/v2\/media\/39203"}],"wp:attachment":[{"href":"https:\/\/blogs.diariosur.es\/tormentas-y-rayos\/wp-json\/wp\/v2\/media?parent=39194"}],"wp:term":[{"taxonomy":"category","embeddable":true,"href":"https:\/\/blogs.diariosur.es\/tormentas-y-rayos\/wp-json\/wp\/v2\/categories?post=39194"},{"taxonomy":"post_tag","embeddable":true,"href":"https:\/\/blogs.diariosur.es\/tormentas-y-rayos\/wp-json\/wp\/v2\/tags?post=39194"}],"curies":[{"name":"wp","href":"https:\/\/api.w.org\/{rel}","templated":true}]}}