{"id":39213,"date":"2023-12-02T07:49:13","date_gmt":"2023-12-02T06:49:13","guid":{"rendered":"https:\/\/blogs.diariosur.es\/tormentas-y-rayos\/?p=39213"},"modified":"2025-12-25T10:42:17","modified_gmt":"2025-12-25T09:42:17","slug":"acumulados-de-precipitaciones-en-la-provincia-malaguena","status":"publish","type":"post","link":"https:\/\/blogs.diariosur.es\/tormentas-y-rayos\/2023\/12\/02\/acumulados-de-precipitaciones-en-la-provincia-malaguena\/","title":{"rendered":"Acumulados de precipitaciones en la provincia malague\u00f1a"},"content":{"rendered":"<p><a href=\"https:\/\/static-blogs.diariosur.es\/wp-content\/uploads\/sites\/12\/2023\/10\/243418660_10223324765526342_8448445083528661051_n.jpg\"><img loading=\"lazy\" class=\"aligncenter size-thumbnail wp-image-38644\" src=\"https:\/\/static-blogs.diariosur.es\/wp-content\/uploads\/sites\/12\/2023\/10\/243418660_10223324765526342_8448445083528661051_n-150x150.jpg\" alt=\"\" width=\"150\" height=\"150\" \/><\/a><\/p>\n<p>Buenos d\u00edas, amigos de la meteo. Cuando son las siete y media de la ma\u00f1ana en M\u00e1laga capital, la estaci\u00f3n del Aeropuerto registra 9,8 grados, los cielos est\u00e1n despejados y sopla viento del noroeste (terral de invierno) con rachas moderadas. Destacar las temperaturas m\u00ednimas\u00a0 de Antequera con 2,5 grados, Archidona Huertas del R\u00edo 2.2 y Ronda con 4,8 grados.<\/p>\n<p><a href=\"https:\/\/blogs.diariosur.es\/tormentas-y-rayos\/2023\/12\/01\/comienza-el-invierno-meteorologico-prevision-fin-de-semana-como-ha-sido-noviembre-llovera-en-el-puente-de-la-constitucion-en-malaga\/\"><strong>Por si alguno no ley\u00f3 la previsi\u00f3n del fin de semana, la pongo de nuevo.<\/strong><\/a><\/p>\n<p>Se cumplieron las previsiones y las provincias andaluzas donde m\u00e1s acumulados se han dado son: Las de Huelva, Sevilla y C\u00f3rdoba, en muchos puntos m\u00e1s de 50 mm. En la de M\u00e1laga muy poco.<\/p>\n<h3><span style=\"color: #0000ff;\"><strong>Os paso los acumulados de este pasado episodio en la provincia de M\u00e1laga. Fuentes Red Hidrosur, Aemet y Meteoclimatic.<\/strong><\/span><\/h3>\n<p>En rojo donde han ca\u00eddo m\u00e1s de 10 mm<\/p>\n<p>Embalse de Casasola\u00a0 3 mm<\/p>\n<p>Embalse Limonero\u00a0 1.1<\/p>\n<p>Embalse Guadalteba\u00a0 8,2 mm<\/p>\n<p>Embalse de la Concepci\u00f3n 1,8 mm<\/p>\n<p>Embalse de la Vi\u00f1uela 1,5 mm<\/p>\n<p>Los Reales 16,2 mm<\/p>\n<p><span style=\"color: #ff0000;\">Majada de las Lomas\u00a0 15,6 mm<\/span><\/p>\n<p><span style=\"color: #ff0000;\">Rio Genal Jubrique 10,7 mm<\/span><\/p>\n<p><span style=\"color: #ff0000;\">Pujerra\u00a0 16,6\u00a0 mm<\/span><\/p>\n<p><span style=\"color: #ff0000;\">Cuevas del Becerro\u00a0 11,5 mm<\/span><\/p>\n<p>El Torcal\u00a0 5 mm<\/p>\n<p><span style=\"color: #ff0000;\">Ca\u00f1ete La Real 13,8 mm<\/span><\/p>\n<p>Ronda 9,30 mm<\/p>\n<p><span style=\"color: #ff0000;\">Laguna de Fuente Piedra\u00a0 10,2 mm<\/span><\/p>\n<p>Canal de la Encantada 6 mm<\/p>\n<p>Alcaucin 3,1 mm<\/p>\n<p>Rio Guadalhorce C\u00e1rtama\u00a0 2,80 mm<\/p>\n<p>Villanueva de la Concepci\u00f3n\u00a0 6,6 mm<\/p>\n<p>Casarabonela\u00a0 3,5 mm<\/p>\n<p>Colmenar\u00a0 4,1 mm<\/p>\n<p>Alfarnatejo\u00a0 4 mm<\/p>\n<p>Rio Benamargosa 2,6 mm<\/p>\n<p>Torrox 1,2 mm<\/p>\n<p>Torre del Mar 2,4 mm<\/p>\n<p><span style=\"color: #ff0000;\">Rio Guadiaro Majaceite\u00a0 12,7 mm<\/span><\/p>\n<p>Rio Grande\u00a0 2,2 mm<\/p>\n<p><span style=\"color: #ff0000;\">Rio Guadalhorce Bobadilla 13,1 mm<\/span><\/p>\n<p>Rio Tur\u00f3n Ardales\u00a0 6,1 mm<\/p>\n<p>R\u00edo Guadalteba Aforo Teba\u00a0 3,9 mm<\/p>\n<p><span style=\"color: #ff0000;\">Rio Guadalhorce Archidona\u00a0 12,9 mm<\/span><\/p>\n<p><span style=\"color: #ff0000;\">Antequera\u00a0 12,2 mm<\/span><\/p>\n<p><span style=\"color: #ff0000;\">Cortes de la Frontera 14 mm<\/span><\/p>\n<p><span style=\"color: #ff0000;\">Gaucin 15 mm<\/span><\/p>\n<p><span style=\"color: #ff0000;\">Alpandeire 19 mm<\/span><\/p>\n<p>Estepona 2,2 mm<\/p>\n<p>\u00c1lora\u00a0 1,6 mm<\/p>\n<p>Rinc\u00f3n de la Victoria 1,2<\/p>\n<p>V\u00e9lez M\u00e1laga 2,8 mm<\/p>\n<p>Algarrobo\u00a0 1,6 mm<\/p>\n<p><span style=\"color: #ff0000;\">Alameda\u00a0 15 mm<\/span><\/p>\n<p>Algatocin 9,1 mm<\/p>\n<p>Archidona Huertas del R\u00edo\u00a0 14 mm<\/p>\n<p><span style=\"color: #ff0000;\">El Colmenar las Buitreras\u00a0 10,8 mm<\/span><\/p>\n<p>Torremolinos 1,5 mm<\/p>\n<p>Tolox 4,3 mm<\/p>\n<p>M\u00e1laga Aeropuerto 1,3<\/p>\n<p>M\u00e1laga Centro Meteorol\u00f3gico\u00a0 3 mm<\/p>\n<p>Puerto 1,6 mm<\/p>\n<p>Os dejo con esta bonita foto de hace un a\u00f1os y a la luna de hoy.<\/p>\n<p>&nbsp;<\/p>\n<p><a href=\"https:\/\/static-blogs.diariosur.es\/wp-content\/uploads\/sites\/12\/2023\/12\/1000141797-01.jpeg\"><img loading=\"lazy\" class=\"size-full wp-image-39220\" src=\"https:\/\/static-blogs.diariosur.es\/wp-content\/uploads\/sites\/12\/2023\/12\/1000141797-01.jpeg\" alt=\"\" width=\"950\" height=\"713\" srcset=\"https:\/\/static-blogs.diariosur.es\/wp-content\/uploads\/sites\/12\/2023\/12\/1000141797-01.jpeg 950w, https:\/\/static-blogs.diariosur.es\/wp-content\/uploads\/sites\/12\/2023\/12\/1000141797-01-533x400.jpeg 533w, https:\/\/static-blogs.diariosur.es\/wp-content\/uploads\/sites\/12\/2023\/12\/1000141797-01-768x576.jpeg 768w\" sizes=\"(max-width: 950px) 100vw, 950px\" \/><\/a><\/p>\n<p>&nbsp;<\/p>\n<p><a href=\"https:\/\/static-blogs.diariosur.es\/wp-content\/uploads\/sites\/12\/2023\/12\/DSCN0967-e1701499904427.jpg\"><img loading=\"lazy\" class=\"aligncenter size-full wp-image-39229\" src=\"https:\/\/static-blogs.diariosur.es\/wp-content\/uploads\/sites\/12\/2023\/12\/DSCN0967-e1701499904427.jpg\" alt=\"\" width=\"1200\" height=\"900\" \/><\/a><\/p>\n<p>&nbsp;<\/p>\n<p><a href=\"https:\/\/static-blogs.diariosur.es\/wp-content\/uploads\/sites\/12\/2023\/12\/DSCN0969-e1701499952307.jpg\"><img loading=\"lazy\" class=\"aligncenter size-full wp-image-39230\" src=\"https:\/\/static-blogs.diariosur.es\/wp-content\/uploads\/sites\/12\/2023\/12\/DSCN0969-e1701499952307.jpg\" alt=\"\" width=\"1200\" height=\"900\" \/><\/a><\/p>\n<p>&nbsp;<\/p>\n<p>&nbsp;<\/p>\n","protected":false},"excerpt":{"rendered":"<p>Buenos d\u00edas, amigos de la meteo. Cuando son las siete y media de la ma\u00f1ana en M\u00e1laga capital, la estaci\u00f3n del Aeropuerto registra 9,8 grados, los cielos est\u00e1n despejados y sopla viento del noroeste (terral de invierno) con rachas moderadas. Destacar las temperaturas m\u00ednimas\u00a0 de Antequera con 2,5 grados, Archidona Huertas del R\u00edo 2.2 y [&hellip;]<\/p>\n","protected":false},"author":16,"featured_media":39220,"comment_status":"open","ping_status":"open","sticky":false,"template":"","format":"standard","meta":[],"categories":[2],"tags":[100,358,568,587,809,909],"_links":{"self":[{"href":"https:\/\/blogs.diariosur.es\/tormentas-y-rayos\/wp-json\/wp\/v2\/posts\/39213"}],"collection":[{"href":"https:\/\/blogs.diariosur.es\/tormentas-y-rayos\/wp-json\/wp\/v2\/posts"}],"about":[{"href":"https:\/\/blogs.diariosur.es\/tormentas-y-rayos\/wp-json\/wp\/v2\/types\/post"}],"author":[{"embeddable":true,"href":"https:\/\/blogs.diariosur.es\/tormentas-y-rayos\/wp-json\/wp\/v2\/users\/16"}],"replies":[{"embeddable":true,"href":"https:\/\/blogs.diariosur.es\/tormentas-y-rayos\/wp-json\/wp\/v2\/comments?post=39213"}],"version-history":[{"count":14,"href":"https:\/\/blogs.diariosur.es\/tormentas-y-rayos\/wp-json\/wp\/v2\/posts\/39213\/revisions"}],"predecessor-version":[{"id":48242,"href":"https:\/\/blogs.diariosur.es\/tormentas-y-rayos\/wp-json\/wp\/v2\/posts\/39213\/revisions\/48242"}],"wp:featuredmedia":[{"embeddable":true,"href":"https:\/\/blogs.diariosur.es\/tormentas-y-rayos\/wp-json\/wp\/v2\/media\/39220"}],"wp:attachment":[{"href":"https:\/\/blogs.diariosur.es\/tormentas-y-rayos\/wp-json\/wp\/v2\/media?parent=39213"}],"wp:term":[{"taxonomy":"category","embeddable":true,"href":"https:\/\/blogs.diariosur.es\/tormentas-y-rayos\/wp-json\/wp\/v2\/categories?post=39213"},{"taxonomy":"post_tag","embeddable":true,"href":"https:\/\/blogs.diariosur.es\/tormentas-y-rayos\/wp-json\/wp\/v2\/tags?post=39213"}],"curies":[{"name":"wp","href":"https:\/\/api.w.org\/{rel}","templated":true}]}}