{"id":39232,"date":"2023-12-03T09:22:30","date_gmt":"2023-12-03T08:22:30","guid":{"rendered":"https:\/\/blogs.diariosur.es\/tormentas-y-rayos\/?p=39232"},"modified":"2025-12-25T10:43:48","modified_gmt":"2025-12-25T09:43:48","slug":"probable-cambio-de-tiempo-en-la-provincia-de-malaga-en-el-puente","status":"publish","type":"post","link":"https:\/\/blogs.diariosur.es\/tormentas-y-rayos\/2023\/12\/03\/probable-cambio-de-tiempo-en-la-provincia-de-malaga-en-el-puente\/","title":{"rendered":"\u00bfProbable cambio de tiempo en la provincia de M\u00e1laga en el Puente?"},"content":{"rendered":"<p><a href=\"https:\/\/static-blogs.diariosur.es\/wp-content\/uploads\/sites\/12\/2023\/10\/391553712_10227849747128054_5906882869659171719_n.jpg\"><img loading=\"lazy\" class=\"aligncenter size-thumbnail wp-image-38725\" src=\"https:\/\/static-blogs.diariosur.es\/wp-content\/uploads\/sites\/12\/2023\/10\/391553712_10227849747128054_5906882869659171719_n-150x150.jpg\" alt=\"\" width=\"150\" height=\"150\" \/><\/a><\/p>\n<p data-pm-slice=\"1 1 []\">Muy buenos d\u00edas, amigos de la meteo. La temperatura m\u00ednima hoy domingo en la estaci\u00f3n de la Aemet del aeropuerto malague\u00f1o ha sido de <strong>6.9 grados<\/strong>; destacar Archidona Huertas del R\u00edo con <strong>-0.4 grados bajo cero<\/strong> y Antequera <strong>-0.1 grados bajo cero<\/strong>. En el resto de Andaluc\u00eda, Granada Aeropuerto con -3.5 grados bajo cero y Baza con<strong> -5.2 grados bajo cero.<\/strong><\/p>\n<p>Ma\u00f1ana lunes, un frente muy poco activo afectar\u00e1 a nuestra comunidad y dejar\u00e1 precipitaciones ocasionales y d\u00e9biles. En la provincia de M\u00e1laga dejar\u00e1 algunas gotas por el interior.<\/p>\n<h3><strong>\u00bfProbable cambio de tiempo en la provincia de M\u00e1laga en el puente?<\/strong><\/h3>\n<p>El viernes pasado os daba un avance del probable tiempo para el Puente de la Constituci\u00f3n e Inmaculada y os comentaba esto: <em>Ante la insistencia de muchos por saber qu\u00e9 probable tiempo tendremos en el Puente de la Constituci\u00f3n e Inmaculada, os doy un avance.\u00a0 <\/em><strong><em>Pero recordar que a\u00fan quedan muchos d\u00edas y puede cambiar.<\/em><\/strong><\/p>\n<p><em>En cuanto a las temperaturas m\u00e1ximas y m\u00ednimas, es probable que est\u00e9n por encima de la media casi todos los d\u00edas. Y la mala noticia, s\u00ed, la mal\u00edsima noticia es que la probabilidad de precipitaciones es muy baja. Pero como os he dicho m\u00e1s arriba, a\u00fan quedan muchos d\u00edas y puede cambiar.<\/em><\/p>\n<p>Los modelos han cambiado y hay probabilidad de precipitaciones en la provincia malague\u00f1a algunos d\u00edas del puente tan largo, siendo m\u00e1s probables por el interior, pero sin descartarlas en zonas de la costa m\u00e1s occidental. <strong>Pero no os hag\u00e1is ilusiones, porque no aliviar\u00e1n los embalses y no se espera mucho.<\/strong> En cuanto a las temperaturas m\u00e1ximas y m\u00ednimas, estar\u00e1n m\u00e1s o menos en la media.<\/p>\n<p>Ma\u00f1ana iremos viendo si al final se cumplen los modelos.<\/p>\n<p>Os dejo con este fot\u00f3n de mi amigo Crist\u00f3bal Gambero en Mijas Pueblo. Y una foto que le he hecho yo hoy domingo a la luna.<\/p>\n<p>&nbsp;<\/p>\n<p><a href=\"https:\/\/static-blogs.diariosur.es\/wp-content\/uploads\/sites\/12\/2023\/12\/407454654_10229836965082631_695445405963069617_n.jpg\"><img loading=\"lazy\" class=\"aligncenter size-full wp-image-39234\" src=\"https:\/\/static-blogs.diariosur.es\/wp-content\/uploads\/sites\/12\/2023\/12\/407454654_10229836965082631_695445405963069617_n.jpg\" alt=\"\" width=\"960\" height=\"612\" srcset=\"https:\/\/static-blogs.diariosur.es\/wp-content\/uploads\/sites\/12\/2023\/12\/407454654_10229836965082631_695445405963069617_n.jpg 960w, https:\/\/static-blogs.diariosur.es\/wp-content\/uploads\/sites\/12\/2023\/12\/407454654_10229836965082631_695445405963069617_n-627x400.jpg 627w, https:\/\/static-blogs.diariosur.es\/wp-content\/uploads\/sites\/12\/2023\/12\/407454654_10229836965082631_695445405963069617_n-768x490.jpg 768w\" sizes=\"(max-width: 960px) 100vw, 960px\" \/><\/a><\/p>\n<p>&nbsp;<\/p>\n<p><a href=\"https:\/\/static-blogs.diariosur.es\/wp-content\/uploads\/sites\/12\/2023\/12\/Luna-convexa.jpg\"><img loading=\"lazy\" class=\"aligncenter size-full wp-image-39235\" src=\"https:\/\/static-blogs.diariosur.es\/wp-content\/uploads\/sites\/12\/2023\/12\/Luna-convexa-e1701589337312.jpg\" alt=\"\" width=\"1200\" height=\"900\" \/><\/a><\/p>\n<p>&nbsp;<\/p>\n","protected":false},"excerpt":{"rendered":"<p>Muy buenos d\u00edas, amigos de la meteo. La temperatura m\u00ednima hoy domingo en la estaci\u00f3n de la Aemet del aeropuerto malague\u00f1o ha sido de 6.9 grados; destacar Archidona Huertas del R\u00edo con -0.4 grados bajo cero y Antequera -0.1 grados bajo cero. En el resto de Andaluc\u00eda, Granada Aeropuerto con -3.5 grados bajo cero y [&hellip;]<\/p>\n","protected":false},"author":16,"featured_media":39234,"comment_status":"open","ping_status":"open","sticky":false,"template":"","format":"standard","meta":[],"categories":[2],"tags":[100,276,432,511,569,587,809,832,980],"_links":{"self":[{"href":"https:\/\/blogs.diariosur.es\/tormentas-y-rayos\/wp-json\/wp\/v2\/posts\/39232"}],"collection":[{"href":"https:\/\/blogs.diariosur.es\/tormentas-y-rayos\/wp-json\/wp\/v2\/posts"}],"about":[{"href":"https:\/\/blogs.diariosur.es\/tormentas-y-rayos\/wp-json\/wp\/v2\/types\/post"}],"author":[{"embeddable":true,"href":"https:\/\/blogs.diariosur.es\/tormentas-y-rayos\/wp-json\/wp\/v2\/users\/16"}],"replies":[{"embeddable":true,"href":"https:\/\/blogs.diariosur.es\/tormentas-y-rayos\/wp-json\/wp\/v2\/comments?post=39232"}],"version-history":[{"count":3,"href":"https:\/\/blogs.diariosur.es\/tormentas-y-rayos\/wp-json\/wp\/v2\/posts\/39232\/revisions"}],"predecessor-version":[{"id":48243,"href":"https:\/\/blogs.diariosur.es\/tormentas-y-rayos\/wp-json\/wp\/v2\/posts\/39232\/revisions\/48243"}],"wp:featuredmedia":[{"embeddable":true,"href":"https:\/\/blogs.diariosur.es\/tormentas-y-rayos\/wp-json\/wp\/v2\/media\/39234"}],"wp:attachment":[{"href":"https:\/\/blogs.diariosur.es\/tormentas-y-rayos\/wp-json\/wp\/v2\/media?parent=39232"}],"wp:term":[{"taxonomy":"category","embeddable":true,"href":"https:\/\/blogs.diariosur.es\/tormentas-y-rayos\/wp-json\/wp\/v2\/categories?post=39232"},{"taxonomy":"post_tag","embeddable":true,"href":"https:\/\/blogs.diariosur.es\/tormentas-y-rayos\/wp-json\/wp\/v2\/tags?post=39232"}],"curies":[{"name":"wp","href":"https:\/\/api.w.org\/{rel}","templated":true}]}}