{"id":39245,"date":"2023-12-07T07:58:13","date_gmt":"2023-12-07T06:58:13","guid":{"rendered":"https:\/\/blogs.diariosur.es\/tormentas-y-rayos\/?p=39245"},"modified":"2025-12-25T10:48:40","modified_gmt":"2025-12-25T09:48:40","slug":"cogemos-la-manga-corta-a-partir-del-domingo-en-malaga-acumulados-de-precipitacion-ayer-martes","status":"publish","type":"post","link":"https:\/\/blogs.diariosur.es\/tormentas-y-rayos\/2023\/12\/07\/cogemos-la-manga-corta-a-partir-del-domingo-en-malaga-acumulados-de-precipitacion-ayer-martes\/","title":{"rendered":"\u00bfCogemos la manga corta a partir del domingo en M\u00e1laga? Acumulados de precipitaci\u00f3n ayer martes."},"content":{"rendered":"<p><a href=\"https:\/\/static-blogs.diariosur.es\/wp-content\/uploads\/sites\/12\/2023\/10\/391553712_10227849747128054_5906882869659171719_n.jpg\"><img loading=\"lazy\" class=\"aligncenter size-thumbnail wp-image-38725\" src=\"https:\/\/static-blogs.diariosur.es\/wp-content\/uploads\/sites\/12\/2023\/10\/391553712_10227849747128054_5906882869659171719_n-150x150.jpg\" alt=\"\" width=\"150\" height=\"150\" \/><\/a><\/p>\n<p data-pm-slice=\"1 1 []\">Buenos d\u00edas, amigos de la meteo. Qu\u00e9 maravilla de d\u00eda tuvimos ayer mi\u00e9rcoles en toda la provincia malague\u00f1a, no vimos el sol y todo el d\u00eda chispeando. No cay\u00f3 gran cosa, pero algo es algo.<\/p>\n<p>Ma\u00f1ana viernes, nuevamente caer\u00e1n chubascos en la provincia malague\u00f1a; no espero mucho. Lo que s\u00ed tomar\u00e1 protagonismo ser\u00e1n las rachas fuertes de viento de terral de invierno y poniente.<\/p>\n<p><strong>Os paso los acumulados m\u00e1s importantes que se dieron ayer d\u00eda seis en la provincia de M\u00e1laga. Fuentes: Aemet, Red Hidrosur, Meteoclimatic y Weather Underground.<\/strong><\/p>\n<p>Sierra Mijas 2,3 mm<\/p>\n<p>M\u00e1laga Centro Meteorol\u00f3gico 4,2 mm<\/p>\n<p>Gauc\u00edn 8,6 mm<\/p>\n<p>Cortes de la Frontera 6,8 mm<\/p>\n<p>Estepona 3,5 mm<\/p>\n<p>Los Reales 8,8 mm<\/p>\n<p>Fuengirola 3,7 mm<\/p>\n<p>R\u00edo Genal Jubrique 4,7 mm<\/p>\n<p>Pujerra 6,2 mm<\/p>\n<p>El Torcal 3 mm<\/p>\n<p>Depuradora de Marbella 4 mm<\/p>\n<p>Santo Pitar 2,5 mm<\/p>\n<p>Ca\u00f1ete La Real 4,2 mm<\/p>\n<p>Laguna Fuente Piedra 2,7<\/p>\n<p>Co\u00edn 3,5 mm<\/p>\n<p>Alcauc\u00edn 2.8 mm<\/p>\n<p>Embalse de la Vi\u00f1uela 4,6 mm<\/p>\n<p>Villanueva de la Concepci\u00f3n 6,7 mm<\/p>\n<p>Alfarnatejo\u00a011,8 mm<\/p>\n<p>Alfarnate 13 mm<\/p>\n<p>Rio Benamargosa 4,4 mm<\/p>\n<p>Torrox 5,9 mm<\/p>\n<p>Rio Guadiaro 6,9 mm<\/p>\n<p>Alameda 6,4 mm<\/p>\n<p>Algatocin 9,8 mm<\/p>\n<p>Archidona Huertas del R\u00edo\u00a04,1 mm<\/p>\n<p>C\u00e1rtama 3,6 mm<\/p>\n<p>C\u00f3mpeta 9,4 mm<\/p>\n<p>Frigiliana 6 mm<\/p>\n<p>Mijas Pueblo\u00a04.6 mm<\/p>\n<p>Nerja 8,6 mm<\/p>\n<p>V\u00e9lez M\u00e1laga 2,4 mm<\/p>\n<p>Algarrobo 3 mm<\/p>\n<p>Alpandeire 6,6 mm<\/p>\n<p>Almachar 3,5 mm<\/p>\n<p>Benamocarra 3,9 mm<\/p>\n<p>Alcauc\u00edn 8,5 mm<\/p>\n<p>Periana 9 mm<\/p>\n<p>Comares\u00a04,3 mm<\/p>\n<p>Ronda 3,6 mm<\/p>\n<p>\u00c1lora 3 mm<\/p>\n<h3><strong>\u00bfCogemos la manga corta a partir del domingo en M\u00e1laga?<\/strong><\/h3>\n<p>Pues s\u00ed, amigos, a partir del domingo y hasta el martes se esperan temperaturas m\u00e1ximas y m\u00ednimas muy por encima de la media en toda la provincia malague\u00f1a. Nos afectar\u00e1 una masa de aire c\u00e1lida que dejar\u00e1 anomal\u00edas positivas a 850 hpa (1500 m) de hasta 10 y 13 grados. Os paso el mapa a 850 hPa de anomal\u00edas positivas y de temperatura, fuente Meteociel, modelo europeo.<\/p>\n<p>&nbsp;<\/p>\n<p>&nbsp;<\/p>\n<p><a href=\"https:\/\/static-blogs.diariosur.es\/wp-content\/uploads\/sites\/12\/2023\/12\/Captura-de-pantalla-2023-12-07-074013.jpg\"><img loading=\"lazy\" class=\"aligncenter size-full wp-image-39252\" src=\"https:\/\/static-blogs.diariosur.es\/wp-content\/uploads\/sites\/12\/2023\/12\/Captura-de-pantalla-2023-12-07-074013.jpg\" alt=\"\" width=\"765\" height=\"771\" srcset=\"https:\/\/static-blogs.diariosur.es\/wp-content\/uploads\/sites\/12\/2023\/12\/Captura-de-pantalla-2023-12-07-074013.jpg 765w, https:\/\/static-blogs.diariosur.es\/wp-content\/uploads\/sites\/12\/2023\/12\/Captura-de-pantalla-2023-12-07-074013-150x150.jpg 150w, https:\/\/static-blogs.diariosur.es\/wp-content\/uploads\/sites\/12\/2023\/12\/Captura-de-pantalla-2023-12-07-074013-397x400.jpg 397w\" sizes=\"(max-width: 765px) 100vw, 765px\" \/><\/a><\/p>\n<p>&nbsp;<\/p>\n<p><a href=\"https:\/\/static-blogs.diariosur.es\/wp-content\/uploads\/sites\/12\/2023\/12\/Captura-de-pantalla-2023-12-07-074758.jpg\"><img loading=\"lazy\" class=\"aligncenter size-full wp-image-39253\" src=\"https:\/\/static-blogs.diariosur.es\/wp-content\/uploads\/sites\/12\/2023\/12\/Captura-de-pantalla-2023-12-07-074758.jpg\" alt=\"\" width=\"783\" height=\"781\" srcset=\"https:\/\/static-blogs.diariosur.es\/wp-content\/uploads\/sites\/12\/2023\/12\/Captura-de-pantalla-2023-12-07-074758.jpg 783w, https:\/\/static-blogs.diariosur.es\/wp-content\/uploads\/sites\/12\/2023\/12\/Captura-de-pantalla-2023-12-07-074758-150x150.jpg 150w, https:\/\/static-blogs.diariosur.es\/wp-content\/uploads\/sites\/12\/2023\/12\/Captura-de-pantalla-2023-12-07-074758-401x400.jpg 401w, https:\/\/static-blogs.diariosur.es\/wp-content\/uploads\/sites\/12\/2023\/12\/Captura-de-pantalla-2023-12-07-074758-768x766.jpg 768w\" sizes=\"(max-width: 783px) 100vw, 783px\" \/><\/a><\/p>\n<p>&nbsp;<\/p>\n<p data-pm-slice=\"1 1 []\">Esto se traduce en que el lunes y martes pueden darse temperaturas m\u00e1ximas de m\u00e1s de 24 grados. Y posiblemente se bata el valor extremo de temperatura m\u00e1xima en el Aeropuerto de M\u00e1laga que se dio un 12 de diciembre de 1998 con 24.6 grados.<\/p>\n<p>La mala noticia es que la semana que viene tampoco llegar\u00e1n las ansiadas lluvias.<\/p>\n<p>Os dejo con este fot\u00f3n de mi amigo Crist\u00f3bal Gambero.<\/p>\n<p>&nbsp;<\/p>\n<p><a href=\"https:\/\/static-blogs.diariosur.es\/wp-content\/uploads\/sites\/12\/2023\/12\/407766120_6825651367483799_704025227887826870_n-e1701932153647.jpg\"><img loading=\"lazy\" class=\"aligncenter size-full wp-image-39254\" src=\"https:\/\/static-blogs.diariosur.es\/wp-content\/uploads\/sites\/12\/2023\/12\/407766120_6825651367483799_704025227887826870_n-e1701932153647.jpg\" alt=\"\" width=\"900\" height=\"675\" \/><\/a><\/p>\n<p>&nbsp;<\/p>\n<p>&nbsp;<\/p>\n","protected":false},"excerpt":{"rendered":"<p>Buenos d\u00edas, amigos de la meteo. Qu\u00e9 maravilla de d\u00eda tuvimos ayer mi\u00e9rcoles en toda la provincia malague\u00f1a, no vimos el sol y todo el d\u00eda chispeando. No cay\u00f3 gran cosa, pero algo es algo. Ma\u00f1ana viernes, nuevamente caer\u00e1n chubascos en la provincia malague\u00f1a; no espero mucho. Lo que s\u00ed tomar\u00e1 protagonismo ser\u00e1n las rachas [&hellip;]<\/p>\n","protected":false},"author":16,"featured_media":39254,"comment_status":"open","ping_status":"open","sticky":false,"template":"","format":"standard","meta":[],"categories":[2],"tags":[100,212,358,587,800,909],"_links":{"self":[{"href":"https:\/\/blogs.diariosur.es\/tormentas-y-rayos\/wp-json\/wp\/v2\/posts\/39245"}],"collection":[{"href":"https:\/\/blogs.diariosur.es\/tormentas-y-rayos\/wp-json\/wp\/v2\/posts"}],"about":[{"href":"https:\/\/blogs.diariosur.es\/tormentas-y-rayos\/wp-json\/wp\/v2\/types\/post"}],"author":[{"embeddable":true,"href":"https:\/\/blogs.diariosur.es\/tormentas-y-rayos\/wp-json\/wp\/v2\/users\/16"}],"replies":[{"embeddable":true,"href":"https:\/\/blogs.diariosur.es\/tormentas-y-rayos\/wp-json\/wp\/v2\/comments?post=39245"}],"version-history":[{"count":12,"href":"https:\/\/blogs.diariosur.es\/tormentas-y-rayos\/wp-json\/wp\/v2\/posts\/39245\/revisions"}],"predecessor-version":[{"id":48247,"href":"https:\/\/blogs.diariosur.es\/tormentas-y-rayos\/wp-json\/wp\/v2\/posts\/39245\/revisions\/48247"}],"wp:featuredmedia":[{"embeddable":true,"href":"https:\/\/blogs.diariosur.es\/tormentas-y-rayos\/wp-json\/wp\/v2\/media\/39254"}],"wp:attachment":[{"href":"https:\/\/blogs.diariosur.es\/tormentas-y-rayos\/wp-json\/wp\/v2\/media?parent=39245"}],"wp:term":[{"taxonomy":"category","embeddable":true,"href":"https:\/\/blogs.diariosur.es\/tormentas-y-rayos\/wp-json\/wp\/v2\/categories?post=39245"},{"taxonomy":"post_tag","embeddable":true,"href":"https:\/\/blogs.diariosur.es\/tormentas-y-rayos\/wp-json\/wp\/v2\/tags?post=39245"}],"curies":[{"name":"wp","href":"https:\/\/api.w.org\/{rel}","templated":true}]}}