{"id":39265,"date":"2023-12-11T15:43:18","date_gmt":"2023-12-11T14:43:18","guid":{"rendered":"https:\/\/blogs.diariosur.es\/tormentas-y-rayos\/?p=39265"},"modified":"2025-12-25T10:53:15","modified_gmt":"2025-12-25T09:53:15","slug":"el-taro-protagonista-impresionantes-maximas-en-sierra-nevada-manana-se-batira-el-valor-extremo-de-temperatura-maxima-en-malaga","status":"publish","type":"post","link":"https:\/\/blogs.diariosur.es\/tormentas-y-rayos\/2023\/12\/11\/el-taro-protagonista-impresionantes-maximas-en-sierra-nevada-manana-se-batira-el-valor-extremo-de-temperatura-maxima-en-malaga\/","title":{"rendered":"El tar\u00f3 protagonista. Impresionantes m\u00e1ximas en Sierra Nevada. Ma\u00f1ana se batir\u00e1 el valor extremo de temperatura m\u00e1xima en M\u00e1laga."},"content":{"rendered":"<p><a href=\"https:\/\/static-blogs.diariosur.es\/wp-content\/uploads\/sites\/12\/2023\/10\/243418660_10223324765526342_8448445083528661051_n.jpg\"><img loading=\"lazy\" class=\"aligncenter size-thumbnail wp-image-38644\" src=\"https:\/\/static-blogs.diariosur.es\/wp-content\/uploads\/sites\/12\/2023\/10\/243418660_10223324765526342_8448445083528661051_n-150x150.jpg\" alt=\"\" width=\"150\" height=\"150\" \/><\/a><\/p>\n<p data-pm-slice=\"1 1 []\">Buenas tardes, amigos de la meteo. Se cumplen las previsiones hoy lunes; el tar\u00f3 ha sido protagonista en la costa malague\u00f1a, como es el caso de Torremolinos,\u00a0Benalm\u00e1dena, Fuengirola, M\u00e1laga capital y costa de la Axarqu\u00eda. Os pongo un video desde el Parador de Gibralfaro, a primera hora, cuando a\u00fan no entr\u00f3 lo gordo.<\/p>\n<p>Otros de mis amigos: Carlos Freire en Los \u00c1lamos,\u00a0Francisco Javier Gonz\u00e1lez, Seby Santos y Crist\u00f3bal Gambero.<\/p>\n<p>&nbsp;<\/p>\n<p><iframe loading=\"lazy\" title=\"YouTube video player\" src=\"https:\/\/www.youtube.com\/embed\/sj-bzdvdL_A?si=Km6Nc9MlWuKQKAaa\" width=\"560\" height=\"315\" frameborder=\"0\" allowfullscreen=\"allowfullscreen\"><\/iframe><\/p>\n<p>&nbsp;<\/p>\n<p><strong>Carlos Freire desde Los \u00c1lamos<\/strong><\/p>\n<p>&nbsp;<\/p>\n<p><a href=\"https:\/\/static-blogs.diariosur.es\/wp-content\/uploads\/sites\/12\/2023\/12\/409385908_10228103546392877_1285164776844653891_n-e1702304041830.jpg\"><img loading=\"lazy\" class=\"aligncenter size-full wp-image-39280\" src=\"https:\/\/static-blogs.diariosur.es\/wp-content\/uploads\/sites\/12\/2023\/12\/409385908_10228103546392877_1285164776844653891_n-e1702304041830.jpg\" alt=\"\" width=\"1200\" height=\"900\" \/><\/a><\/p>\n<p>&nbsp;<\/p>\n<p>Francisco Javier Gonz\u00e1lez desde la zona de la estaci\u00f3n\u00a0 M\u00e1laga.<\/p>\n<p>&nbsp;<\/p>\n<p><a href=\"https:\/\/static-blogs.diariosur.es\/wp-content\/uploads\/sites\/12\/2023\/12\/408910678_10228103698316675_2601855610546623133_n-e1702304151956.jpg\"><img loading=\"lazy\" class=\"aligncenter size-full wp-image-39281\" src=\"https:\/\/static-blogs.diariosur.es\/wp-content\/uploads\/sites\/12\/2023\/12\/408910678_10228103698316675_2601855610546623133_n-e1702304151956.jpg\" alt=\"\" width=\"1200\" height=\"584\" \/><\/a><\/p>\n<p>&nbsp;<\/p>\n<p>Mi amiga Seby Santos Fermoselle desde el Atabal<\/p>\n<p>&nbsp;<\/p>\n<p><a href=\"https:\/\/static-blogs.diariosur.es\/wp-content\/uploads\/sites\/12\/2023\/12\/409406654_10228103923082294_7247886212977941532_n-e1702304382711.jpg\"><img loading=\"lazy\" class=\"aligncenter size-full wp-image-39282\" src=\"https:\/\/static-blogs.diariosur.es\/wp-content\/uploads\/sites\/12\/2023\/12\/409406654_10228103923082294_7247886212977941532_n-e1702304382711.jpg\" alt=\"\" width=\"1200\" height=\"675\" \/><\/a><\/p>\n<p>&nbsp;<\/p>\n<p>Crist\u00f3bal Gambero desde Mijas Pueblo. Recordar que ha batido el extremo absoluto de temperatura m\u00e1xima.<\/p>\n<p>&nbsp;<\/p>\n<p><a href=\"https:\/\/static-blogs.diariosur.es\/wp-content\/uploads\/sites\/12\/2023\/12\/409426928_10228103951803012_4211885250863162027_n-e1702304786843.jpg\"><img loading=\"lazy\" class=\"aligncenter size-full wp-image-39284\" src=\"https:\/\/static-blogs.diariosur.es\/wp-content\/uploads\/sites\/12\/2023\/12\/409426928_10228103951803012_4211885250863162027_n-e1702304786843.jpg\" alt=\"\" width=\"1200\" height=\"675\" \/><\/a><\/p>\n<p>&nbsp;<\/p>\n<p data-pm-slice=\"1 1 []\"><strong>Las temperaturas m\u00e1ximas m\u00e1s altas se han dado por el interior de la provincia malague\u00f1a y curiosamente en Mijas Pueblo.<\/strong><\/p>\n<p>Paso algunos registros. Fuente: Meteoclimatic y Aemet<\/p>\n<p>Mijas Pueblo 25.2 grados, <strong>ha batido el valor extremo de temperatura m\u00e1xima.<\/strong><\/p>\n<p>El Colmenar las Buitreras: 27.4 grados.<\/p>\n<p>Alhaur\u00edn el Grande: 23.7 grados<\/p>\n<p>Ronda San Crist\u00f3bal 25.1 grados.<\/p>\n<p>Frigiliana 23.2 grados.<\/p>\n<p>Ist\u00e1n 22.9 grados<\/p>\n<p>Archidona Huertas del R\u00edo 24.8 grados<\/p>\n<p>\u00c1lora: 26.4 grados a las dos de la tarde.<\/p>\n<p>Antequera 21.1 grados a las dos de la tarde.<\/p>\n<p>Gauc\u00edn\u00a024 grados<\/p>\n<p><strong>En M\u00e1laga capital se han dado estas temperaturas m\u00e1ximas <\/strong><strong>a las dos de la tarde<\/strong><strong>\u00a0en las estaciones de la AEMET A \u00faltima hora de la noche entrar\u00e1 el terral, y probablemente demos m\u00e1s temperatura.<\/strong><\/p>\n<p>M\u00e1laga Aeropuerto 16 grados<strong>\u00a0<\/strong><\/p>\n<p>Centro Meteorol\u00f3gico 18 grados.<\/p>\n<p>Puerto de M\u00e1laga: 16 grados.<\/p>\n<h3>Y sobre todo destacar estas impresionantes m\u00e1ximas en Sierra Nevada, en las provincias de Almer\u00eda y Granada.<\/h3>\n<p><strong>Parque Nacional Sierra Nevada en Argol, Almer\u00eda, 27.3 grados.<\/strong><\/p>\n<p><strong>Nacimiento, Parque Nacional Sierra Nevada en Almer\u00eda, 26.1 grados.<\/strong><\/p>\n<p><strong>Camarate, Parque Nacional de Sierra Nevada en Granada, 22.3 grados.<\/strong><\/p>\n<p>&nbsp;<\/p>\n<h3><strong>Ma\u00f1ana se batir\u00e1 el valor extremo de temperatura m\u00e1xima en M\u00e1laga.<\/strong><\/h3>\n<p>El viento de terral lo espero hoy lunes a \u00faltimas horas de la noche o en la madrugada del martes. La probabilidad de batir ma\u00f1ana martes 12 de diciembre el valor extremo de temperatura m\u00e1xima es muy alta en el Aeropuerto. El anterior r\u00e9cord data del 12 de diciembre del a\u00f1o 1998, con 24.6 grados. Coincide la fecha.<\/p>\n<p>Pero lo m\u00e1s curioso es que el a\u00f1o pasado ese mismo d\u00eda registramos 24 grados, a 6 d\u00e9cimas de igualarlo. Tambi\u00e9n estaremos atentos a la m\u00ednima m\u00e1s alta.<\/p>\n<p>&nbsp;<\/p>\n<p>&nbsp;<\/p>\n<p>&nbsp;<\/p>\n<p>&nbsp;<\/p>\n","protected":false},"excerpt":{"rendered":"<p>Buenas tardes, amigos de la meteo. Se cumplen las previsiones hoy lunes; el tar\u00f3 ha sido protagonista en la costa malague\u00f1a, como es el caso de Torremolinos,\u00a0Benalm\u00e1dena, Fuengirola, M\u00e1laga capital y costa de la Axarqu\u00eda. Os pongo un video desde el Parador de Gibralfaro, a primera hora, cuando a\u00fan no entr\u00f3 lo gordo. Otros de [&hellip;]<\/p>\n","protected":false},"author":16,"featured_media":39281,"comment_status":"open","ping_status":"open","sticky":false,"template":"","format":"standard","meta":[],"categories":[2],"tags":[81,212,332,587,953,962,975],"_links":{"self":[{"href":"https:\/\/blogs.diariosur.es\/tormentas-y-rayos\/wp-json\/wp\/v2\/posts\/39265"}],"collection":[{"href":"https:\/\/blogs.diariosur.es\/tormentas-y-rayos\/wp-json\/wp\/v2\/posts"}],"about":[{"href":"https:\/\/blogs.diariosur.es\/tormentas-y-rayos\/wp-json\/wp\/v2\/types\/post"}],"author":[{"embeddable":true,"href":"https:\/\/blogs.diariosur.es\/tormentas-y-rayos\/wp-json\/wp\/v2\/users\/16"}],"replies":[{"embeddable":true,"href":"https:\/\/blogs.diariosur.es\/tormentas-y-rayos\/wp-json\/wp\/v2\/comments?post=39265"}],"version-history":[{"count":15,"href":"https:\/\/blogs.diariosur.es\/tormentas-y-rayos\/wp-json\/wp\/v2\/posts\/39265\/revisions"}],"predecessor-version":[{"id":48250,"href":"https:\/\/blogs.diariosur.es\/tormentas-y-rayos\/wp-json\/wp\/v2\/posts\/39265\/revisions\/48250"}],"wp:featuredmedia":[{"embeddable":true,"href":"https:\/\/blogs.diariosur.es\/tormentas-y-rayos\/wp-json\/wp\/v2\/media\/39281"}],"wp:attachment":[{"href":"https:\/\/blogs.diariosur.es\/tormentas-y-rayos\/wp-json\/wp\/v2\/media?parent=39265"}],"wp:term":[{"taxonomy":"category","embeddable":true,"href":"https:\/\/blogs.diariosur.es\/tormentas-y-rayos\/wp-json\/wp\/v2\/categories?post=39265"},{"taxonomy":"post_tag","embeddable":true,"href":"https:\/\/blogs.diariosur.es\/tormentas-y-rayos\/wp-json\/wp\/v2\/tags?post=39265"}],"curies":[{"name":"wp","href":"https:\/\/api.w.org\/{rel}","templated":true}]}}