{"id":39320,"date":"2023-12-14T10:42:09","date_gmt":"2023-12-14T09:42:09","guid":{"rendered":"https:\/\/blogs.diariosur.es\/tormentas-y-rayos\/?p=39320"},"modified":"2025-12-25T10:58:53","modified_gmt":"2025-12-25T09:58:53","slug":"nos-comeremos-en-navidad-el-turron-seco-del-anticiclon-prevision-fin-de-semana","status":"publish","type":"post","link":"https:\/\/blogs.diariosur.es\/tormentas-y-rayos\/2023\/12\/14\/nos-comeremos-en-navidad-el-turron-seco-del-anticiclon-prevision-fin-de-semana\/","title":{"rendered":"\u00bfNos comeremos en Navidad el turr\u00f3n seco del anticicl\u00f3n? Previsi\u00f3n fin de semana."},"content":{"rendered":"<p><a href=\"https:\/\/static-blogs.diariosur.es\/wp-content\/uploads\/sites\/12\/2023\/10\/243418660_10223324765526342_8448445083528661051_n.jpg\"><img loading=\"lazy\" class=\"aligncenter size-thumbnail wp-image-38644\" src=\"https:\/\/static-blogs.diariosur.es\/wp-content\/uploads\/sites\/12\/2023\/10\/243418660_10223324765526342_8448445083528661051_n-150x150.jpg\" alt=\"\" width=\"150\" height=\"150\" \/><\/a><\/p>\n<p data-pm-slice=\"1 1 []\">Buenos d\u00edas, amigos de la meteo. Antes de hablar del turr\u00f3n seco, os doy la predicci\u00f3n del fin de semana.<\/p>\n<p>La probabilidad de precipitaciones en la provincia malague\u00f1a es muy baja el s\u00e1bado y el domingo. El viento soplar\u00e1 de componente este, es decir, levante, con probabilidad de nubes bajas. En cuanto a las temperaturas m\u00e1ximas y m\u00ednimas, estar\u00e1n dentro de la media para las fechas en que estamos.<\/p>\n<h3><strong>\u00bfNos comeremos en Navidad el turr\u00f3n seco del anticicl\u00f3n?<\/strong><\/h3>\n<p>Salvo sorpres\u00f3n de \u00faltima hora, todo hace indicar que s\u00ed.<\/p>\n<p>Os dejo con mi amigo Mario Fern\u00e1ndez Manzorro, que lo explica muy bien; toca leer.<\/p>\n<p><em>Lo mismo que la Historia muestra sus preferencias por los eventos terminales (no s\u00e9 a qui\u00e9n le\u00ed esta frase, pero supongo que a Albert Speer o a alg\u00fan historiador experto en el periodo del III Reich; no recuerdo ahora), la Meteorolog\u00eda muestra tambi\u00e9n sus preferencias por los eventos extremos. Coincidiendo con el periodo navide\u00f1o, y tambi\u00e9n con la entrada del invierno astron\u00f3mico, suele darse en nuestra Pen\u00ednsula un tipo de tiempo que Font Tullot califica como el predominio del anticicl\u00f3n &#8220;ib\u00e9rico&#8221;. Periodo este de calmas, de heladas y de nieblas persistentes. Es tanta la dicha, calma y tan poco el movimiento atmosf\u00e9rico que las ciudades alcanzan niveles peligrosos de contaminaci\u00f3n y, desde el mismo Toledo, se ve la famosa &#8220;boina&#8221; de Madrid y uno piensa: Dios sant\u00edsimo, \u00bfc\u00f3mo pueden los madrile\u00f1os respirar semejante guarrada?<\/em><\/p>\n<p><em>Tambi\u00e9n por estas fechas suelen darse registros de presiones altas que pueden ser de aut\u00e9nticos &#8220;r\u00e9cords&#8221;. Siempre me he preguntado el porqu\u00e9 de esta circunstancia, pero todo tiene una f\u00e1cil y l\u00f3gica explicaci\u00f3n: el aire fr\u00edo y seco pesa m\u00e1s que el h\u00famedo y c\u00e1lido. Esto es as\u00ed porque, al ser el aire una mezcla de gases, tiene un peso espec\u00edfico mayor que el vapor de agua. As\u00ed que la mezcla aire seco-vapor de agua pesa menos que la mezcla \u00fanicamente de aire seco. Se suele decir tambi\u00e9n que los anticiclones son los &#8220;pesos pesados&#8221; de la atm\u00f3sfera y se forman en el flanco sur de una baja reci\u00e9n formada. Esto se ve en uno de los an\u00e1lisis previstos que he colgado: un anticicl\u00f3n de 1040 hPa anclado en nuestra Pen\u00ednsula forma un puente anticicl\u00f3nico con otro reci\u00e9n formado al oeste; ambos forman un puente y al final, como ocurre en la vida misma, el &#8220;joven&#8221; toma el relevo del &#8220;viejo&#8221;. Lo que ocurre es que el &#8220;joven&#8221; parte ya de una presi\u00f3n inicial de otros 1040 hPa y as\u00ed, cuando se &#8220;ocluye&#8221; (tambi\u00e9n los anticiclones se ocluyen como las borrascas), la presi\u00f3n puede resultar de aut\u00e9ntico esc\u00e1ndalo (como los 1045 que da la media de los escenarios o los m\u00e1s de 1050 hPa que pronostica la salida determinista).<\/em><\/p>\n<p><em>Y ya para rematar faena, digamos que se dan dos tipos de anticiclones: los t\u00e9rmicos y los din\u00e1micos. La presi\u00f3n en los t\u00e9rmicos suele alcanzar marcas mayores que los din\u00e1micos (el siberiano suele nacer como un anticicl\u00f3n t\u00e9rmico que puede hacerse din\u00e1mico o no dependiendo de los avatares de la circulaci\u00f3n general de los oestes), pero 1050 en nuestro familiar &#8220;azoriano&#8221; se hace incluso excesivo. Esos 1050 hPa solo se hacen posibles tras una buena inyecci\u00f3n de aire c\u00e1lido desde latitudes inferiores.<\/em><\/p>\n<p><em>En fin, es lo que quer\u00eda contar. Al final, estos &#8220;anticiclonazos&#8221; suelen morir de &#8220;agotamiento&#8221;, pero su agon\u00eda puede durar d\u00edas y d\u00edas o, incluso, semanas. Gracias por leerme hasta aqu\u00ed y muy buena tarde para todos.<\/em><\/p>\n<p>Un abrazo a todos.<\/p>\n","protected":false},"excerpt":{"rendered":"<p>Buenos d\u00edas, amigos de la meteo. Antes de hablar del turr\u00f3n seco, os doy la predicci\u00f3n del fin de semana. La probabilidad de precipitaciones en la provincia malague\u00f1a es muy baja el s\u00e1bado y el domingo. El viento soplar\u00e1 de componente este, es decir, levante, con probabilidad de nubes bajas. En cuanto a las temperaturas [&hellip;]<\/p>\n","protected":false},"author":16,"featured_media":39335,"comment_status":"open","ping_status":"open","sticky":false,"template":"","format":"standard","meta":[],"categories":[2],"tags":[114,358,681,909],"_links":{"self":[{"href":"https:\/\/blogs.diariosur.es\/tormentas-y-rayos\/wp-json\/wp\/v2\/posts\/39320"}],"collection":[{"href":"https:\/\/blogs.diariosur.es\/tormentas-y-rayos\/wp-json\/wp\/v2\/posts"}],"about":[{"href":"https:\/\/blogs.diariosur.es\/tormentas-y-rayos\/wp-json\/wp\/v2\/types\/post"}],"author":[{"embeddable":true,"href":"https:\/\/blogs.diariosur.es\/tormentas-y-rayos\/wp-json\/wp\/v2\/users\/16"}],"replies":[{"embeddable":true,"href":"https:\/\/blogs.diariosur.es\/tormentas-y-rayos\/wp-json\/wp\/v2\/comments?post=39320"}],"version-history":[{"count":10,"href":"https:\/\/blogs.diariosur.es\/tormentas-y-rayos\/wp-json\/wp\/v2\/posts\/39320\/revisions"}],"predecessor-version":[{"id":48253,"href":"https:\/\/blogs.diariosur.es\/tormentas-y-rayos\/wp-json\/wp\/v2\/posts\/39320\/revisions\/48253"}],"wp:featuredmedia":[{"embeddable":true,"href":"https:\/\/blogs.diariosur.es\/tormentas-y-rayos\/wp-json\/wp\/v2\/media\/39335"}],"wp:attachment":[{"href":"https:\/\/blogs.diariosur.es\/tormentas-y-rayos\/wp-json\/wp\/v2\/media?parent=39320"}],"wp:term":[{"taxonomy":"category","embeddable":true,"href":"https:\/\/blogs.diariosur.es\/tormentas-y-rayos\/wp-json\/wp\/v2\/categories?post=39320"},{"taxonomy":"post_tag","embeddable":true,"href":"https:\/\/blogs.diariosur.es\/tormentas-y-rayos\/wp-json\/wp\/v2\/tags?post=39320"}],"curies":[{"name":"wp","href":"https:\/\/api.w.org\/{rel}","templated":true}]}}