{"id":39324,"date":"2023-12-13T07:37:18","date_gmt":"2023-12-13T06:37:18","guid":{"rendered":"https:\/\/blogs.diariosur.es\/tormentas-y-rayos\/?p=39324"},"modified":"2023-12-13T07:43:14","modified_gmt":"2023-12-13T06:43:14","slug":"que-tiempo-hara-hoy-miercoles-en-la-provincia-de-malaga","status":"publish","type":"post","link":"https:\/\/blogs.diariosur.es\/tormentas-y-rayos\/2023\/12\/13\/que-tiempo-hara-hoy-miercoles-en-la-provincia-de-malaga\/","title":{"rendered":"\u00bfQu\u00e9 tiempo hara hoy mi\u00e9rcoles en la provincia de M\u00e1laga?"},"content":{"rendered":"<p><a href=\"https:\/\/static-blogs.diariosur.es\/wp-content\/uploads\/sites\/12\/2023\/10\/391553712_10227849747128054_5906882869659171719_n.jpg\"><img loading=\"lazy\" class=\"aligncenter size-thumbnail wp-image-38725\" src=\"https:\/\/static-blogs.diariosur.es\/wp-content\/uploads\/sites\/12\/2023\/10\/391553712_10227849747128054_5906882869659171719_n-150x150.jpg\" alt=\"\" width=\"150\" height=\"150\" \/><\/a><\/p>\n<p>Muy buenos d\u00edas, amigos de la meteo. Hoy el post ser\u00e1 muy corto, y solo lo actualizo para la previsi\u00f3n de hoy mi\u00e9rcoles.<\/p>\n<p>Hoy bajaran las temperaturas m\u00e1ximas en toda la provincia, en algunos casos hasta 8 y 9 grados compar\u00e1ndolos con los de ayer, con esto no quero decir que tengamos fr\u00edo.<\/p>\n<p>Hay probabilidad de que se escapen algunos <strong>chubascos d\u00e9biles y espor\u00e1dicos<\/strong> en la zona interior m\u00e1s occidental de la provincia y comarca de Antequera.<\/p>\n<p>&nbsp;<\/p>\n<p><strong>Y por \u00faltimo, el viento de poniente y terral tomar\u00e1 protagonismo con rachas fuertes. <\/strong><\/p>\n<p>Os dejo con el post de ayer y ma\u00f1ana os dar\u00e9 la predicci\u00f3n del fin de semana.<\/p>\n<h3 class=\"voc-blogs-section\"><a href=\"https:\/\/blogs.diariosur.es\/tormentas-y-rayos\/2023\/12\/12\/malaga-aeropuerto-y-centro-meteorologico-pulverizan-el-record-de-temperatura-maxima-con-29-3-y-29-9-grados-en-diciembre\/\">M\u00e1laga Aeropuerto y Centro meteorol\u00f3gico, pulverizan el r\u00e9cord de temperatura m\u00e1xima con 29.4 y 29.9 grados en diciembre.<\/a><\/h3>\n<p>&nbsp;<\/p>\n","protected":false},"excerpt":{"rendered":"<p>Muy buenos d\u00edas, amigos de la meteo. Hoy el post ser\u00e1 muy corto, y solo lo actualizo para la previsi\u00f3n de hoy mi\u00e9rcoles. Hoy bajaran las temperaturas m\u00e1ximas en toda la provincia, en algunos casos hasta 8 y 9 grados compar\u00e1ndolos con los de ayer, con esto no quero decir que tengamos fr\u00edo. Hay probabilidad [&hellip;]<\/p>\n","protected":false},"author":16,"featured_media":38872,"comment_status":"open","ping_status":"open","sticky":false,"template":"","format":"standard","meta":[],"categories":[2],"tags":[358,440,587,791,800,840,975],"_links":{"self":[{"href":"https:\/\/blogs.diariosur.es\/tormentas-y-rayos\/wp-json\/wp\/v2\/posts\/39324"}],"collection":[{"href":"https:\/\/blogs.diariosur.es\/tormentas-y-rayos\/wp-json\/wp\/v2\/posts"}],"about":[{"href":"https:\/\/blogs.diariosur.es\/tormentas-y-rayos\/wp-json\/wp\/v2\/types\/post"}],"author":[{"embeddable":true,"href":"https:\/\/blogs.diariosur.es\/tormentas-y-rayos\/wp-json\/wp\/v2\/users\/16"}],"replies":[{"embeddable":true,"href":"https:\/\/blogs.diariosur.es\/tormentas-y-rayos\/wp-json\/wp\/v2\/comments?post=39324"}],"version-history":[{"count":4,"href":"https:\/\/blogs.diariosur.es\/tormentas-y-rayos\/wp-json\/wp\/v2\/posts\/39324\/revisions"}],"predecessor-version":[{"id":39328,"href":"https:\/\/blogs.diariosur.es\/tormentas-y-rayos\/wp-json\/wp\/v2\/posts\/39324\/revisions\/39328"}],"wp:featuredmedia":[{"embeddable":true,"href":"https:\/\/blogs.diariosur.es\/tormentas-y-rayos\/wp-json\/wp\/v2\/media\/38872"}],"wp:attachment":[{"href":"https:\/\/blogs.diariosur.es\/tormentas-y-rayos\/wp-json\/wp\/v2\/media?parent=39324"}],"wp:term":[{"taxonomy":"category","embeddable":true,"href":"https:\/\/blogs.diariosur.es\/tormentas-y-rayos\/wp-json\/wp\/v2\/categories?post=39324"},{"taxonomy":"post_tag","embeddable":true,"href":"https:\/\/blogs.diariosur.es\/tormentas-y-rayos\/wp-json\/wp\/v2\/tags?post=39324"}],"curies":[{"name":"wp","href":"https:\/\/api.w.org\/{rel}","templated":true}]}}