{"id":39342,"date":"2023-12-18T08:42:10","date_gmt":"2023-12-18T07:42:10","guid":{"rendered":"https:\/\/blogs.diariosur.es\/tormentas-y-rayos\/?p=39342"},"modified":"2025-12-25T11:00:14","modified_gmt":"2025-12-25T10:00:14","slug":"cambio-de-tiempo-para-el-miercoles-en-la-provincia-malaguena","status":"publish","type":"post","link":"https:\/\/blogs.diariosur.es\/tormentas-y-rayos\/2023\/12\/18\/cambio-de-tiempo-para-el-miercoles-en-la-provincia-malaguena\/","title":{"rendered":"Cambio de tiempo para el mi\u00e9rcoles en la provincia malague\u00f1a."},"content":{"rendered":"<p><a href=\"https:\/\/static-blogs.diariosur.es\/wp-content\/uploads\/sites\/12\/2023\/10\/391553712_10227849747128054_5906882869659171719_n.jpg\"><img loading=\"lazy\" class=\"aligncenter size-thumbnail wp-image-38725\" src=\"https:\/\/static-blogs.diariosur.es\/wp-content\/uploads\/sites\/12\/2023\/10\/391553712_10227849747128054_5906882869659171719_n-150x150.jpg\" alt=\"\" width=\"150\" height=\"150\" \/><\/a><\/p>\n<p data-pm-slice=\"1 1 []\">Buenos d\u00edas, amigos de la meteo. La estaci\u00f3n de la Aemet de Aeropuerto ha registrado hoy lunes una m\u00ednima de 5 grados; los cielos est\u00e1n despejados y el viento sopla flojo de direcci\u00f3n variable.<\/p>\n<p>En cuanto a los d\u00edas pasados, desde el viernes, llevamos con temperaturas dentro de la media.<\/p>\n<h3><strong>Cambio de tiempo para el mi\u00e9rcoles en la provincia malague\u00f1a.<\/strong><\/h3>\n<p>El paso de un frente muy poco activo por la pen\u00ednsula y el potente anticicl\u00f3n de 1050 mb centrado en las Azores traer\u00e1 consigo rachas fuertes de poniente y terral en la costa malague\u00f1a e interior de la provincia. Debido al viento, la<strong> sensaci\u00f3n t\u00e9rmica ser\u00e1 de m\u00e1s fr\u00edo<\/strong>. A partir del mediod\u00eda, las nubes medias y altas tambi\u00e9n ser\u00e1n protagonistas; hay probabilidad de que <strong>caigan algunas gotas espor\u00e1dicas<\/strong> por el interior de la provincia. Con un poco de suerte podemos tener una bonita puesta de sol. Aunque a\u00fan no hay avisos por fen\u00f3menos costeros, hay probabilidad de que la AEMET los active en algunos puntos de la costa andaluza.<\/p>\n<p>En cuanto a las lluvias deseadas, de momento nada. Os dejo con esta foto que hice tal d\u00eda como hoy del a\u00f1o 2015.<\/p>\n<p>&nbsp;<\/p>\n<p><a href=\"https:\/\/static-blogs.diariosur.es\/wp-content\/uploads\/sites\/12\/2023\/12\/10338553_10206603764911777_5798674615660226855_o-e1702882835705.jpg\"><img loading=\"lazy\" class=\"aligncenter size-full wp-image-39346\" src=\"https:\/\/static-blogs.diariosur.es\/wp-content\/uploads\/sites\/12\/2023\/12\/10338553_10206603764911777_5798674615660226855_o-e1702882835705.jpg\" alt=\"\" width=\"800\" height=\"533\" \/><\/a><\/p>\n<p>&nbsp;<\/p>\n<p>&nbsp;<\/p>\n<p>&nbsp;<\/p>\n<p>&nbsp;<\/p>\n<p>&nbsp;<\/p>\n<p>&nbsp;<\/p>\n<p>&nbsp;<\/p>\n<p>&nbsp;<\/p>\n<p>&nbsp;<\/p>\n<p>&nbsp;<\/p>\n<p>&nbsp;<\/p>\n<p>&nbsp;<\/p>\n<p>&nbsp;<\/p>\n<p>&nbsp;<\/p>\n","protected":false},"excerpt":{"rendered":"<p>Buenos d\u00edas, amigos de la meteo. La estaci\u00f3n de la Aemet de Aeropuerto ha registrado hoy lunes una m\u00ednima de 5 grados; los cielos est\u00e1n despejados y el viento sopla flojo de direcci\u00f3n variable. En cuanto a los d\u00edas pasados, desde el viernes, llevamos con temperaturas dentro de la media. Cambio de tiempo para el [&hellip;]<\/p>\n","protected":false},"author":16,"featured_media":39346,"comment_status":"open","ping_status":"open","sticky":false,"template":"","format":"standard","meta":[],"categories":[2],"tags":[114,358,517,587,800,909],"_links":{"self":[{"href":"https:\/\/blogs.diariosur.es\/tormentas-y-rayos\/wp-json\/wp\/v2\/posts\/39342"}],"collection":[{"href":"https:\/\/blogs.diariosur.es\/tormentas-y-rayos\/wp-json\/wp\/v2\/posts"}],"about":[{"href":"https:\/\/blogs.diariosur.es\/tormentas-y-rayos\/wp-json\/wp\/v2\/types\/post"}],"author":[{"embeddable":true,"href":"https:\/\/blogs.diariosur.es\/tormentas-y-rayos\/wp-json\/wp\/v2\/users\/16"}],"replies":[{"embeddable":true,"href":"https:\/\/blogs.diariosur.es\/tormentas-y-rayos\/wp-json\/wp\/v2\/comments?post=39342"}],"version-history":[{"count":5,"href":"https:\/\/blogs.diariosur.es\/tormentas-y-rayos\/wp-json\/wp\/v2\/posts\/39342\/revisions"}],"predecessor-version":[{"id":48254,"href":"https:\/\/blogs.diariosur.es\/tormentas-y-rayos\/wp-json\/wp\/v2\/posts\/39342\/revisions\/48254"}],"wp:featuredmedia":[{"embeddable":true,"href":"https:\/\/blogs.diariosur.es\/tormentas-y-rayos\/wp-json\/wp\/v2\/media\/39346"}],"wp:attachment":[{"href":"https:\/\/blogs.diariosur.es\/tormentas-y-rayos\/wp-json\/wp\/v2\/media?parent=39342"}],"wp:term":[{"taxonomy":"category","embeddable":true,"href":"https:\/\/blogs.diariosur.es\/tormentas-y-rayos\/wp-json\/wp\/v2\/categories?post=39342"},{"taxonomy":"post_tag","embeddable":true,"href":"https:\/\/blogs.diariosur.es\/tormentas-y-rayos\/wp-json\/wp\/v2\/tags?post=39342"}],"curies":[{"name":"wp","href":"https:\/\/api.w.org\/{rel}","templated":true}]}}