{"id":39348,"date":"2023-12-21T07:52:41","date_gmt":"2023-12-21T06:52:41","guid":{"rendered":"https:\/\/blogs.diariosur.es\/tormentas-y-rayos\/?p=39348"},"modified":"2025-12-25T11:01:31","modified_gmt":"2025-12-25T10:01:31","slug":"que-tiempo-hara-en-nochebuena-y-navidad-en-la-provincia-de-malaga","status":"publish","type":"post","link":"https:\/\/blogs.diariosur.es\/tormentas-y-rayos\/2023\/12\/21\/que-tiempo-hara-en-nochebuena-y-navidad-en-la-provincia-de-malaga\/","title":{"rendered":"\u00bfQu\u00e9 tiempo har\u00e1 en Nochebuena y Navidad en la provincia de M\u00e1laga?"},"content":{"rendered":"<p><a href=\"https:\/\/static-blogs.diariosur.es\/wp-content\/uploads\/sites\/12\/2023\/10\/243418660_10223324765526342_8448445083528661051_n.jpg\"><img loading=\"lazy\" class=\"aligncenter size-thumbnail wp-image-38644\" src=\"https:\/\/static-blogs.diariosur.es\/wp-content\/uploads\/sites\/12\/2023\/10\/243418660_10223324765526342_8448445083528661051_n-150x150.jpg\" alt=\"\" width=\"150\" height=\"150\" \/><\/a><\/p>\n<p data-pm-slice=\"1 1 []\">Muy buenos d\u00edas, amigos de la meteo. Hoy toca leer muy poco, porque lo resumo en pocas palabras. La probabilidad de precipitaciones hasta el lunes 25 es muy baja, es decir, 0%. Las temperaturas m\u00e1ximas en la provincia malague\u00f1a y su capital dentro de la media, incluso un poco m\u00e1s altas; en cuanto a las m\u00ednimas, no espero heladas en las comarcas de Ronda y Antequera; en M\u00e1laga capital, las m\u00ednimas dentro de la media para las fechas que estamos. En cuanto al viento, tampoco espero rachas fuertes.<\/p>\n<p>Ma\u00f1ana a las 04:27 de la madrugada entra el invierno astron\u00f3mico; ojal\u00e1 nos traiga lluvias y nieves.<\/p>\n<p>Muchas gracias a tod@s por felicitarme el d\u00eda de mi cumplea\u00f1os. Nos vemos el 25 o el 26. Feliz Navidad.<\/p>\n<p>&nbsp;<\/p>\n","protected":false},"excerpt":{"rendered":"<p>Muy buenos d\u00edas, amigos de la meteo. Hoy toca leer muy poco, porque lo resumo en pocas palabras. La probabilidad de precipitaciones hasta el lunes 25 es muy baja, es decir, 0%. Las temperaturas m\u00e1ximas en la provincia malague\u00f1a y su capital dentro de la media, incluso un poco m\u00e1s altas; en cuanto a las [&hellip;]<\/p>\n","protected":false},"author":16,"featured_media":24105,"comment_status":"open","ping_status":"open","sticky":false,"template":"","format":"standard","meta":[],"categories":[2],"tags":[358,587,681,708,800],"_links":{"self":[{"href":"https:\/\/blogs.diariosur.es\/tormentas-y-rayos\/wp-json\/wp\/v2\/posts\/39348"}],"collection":[{"href":"https:\/\/blogs.diariosur.es\/tormentas-y-rayos\/wp-json\/wp\/v2\/posts"}],"about":[{"href":"https:\/\/blogs.diariosur.es\/tormentas-y-rayos\/wp-json\/wp\/v2\/types\/post"}],"author":[{"embeddable":true,"href":"https:\/\/blogs.diariosur.es\/tormentas-y-rayos\/wp-json\/wp\/v2\/users\/16"}],"replies":[{"embeddable":true,"href":"https:\/\/blogs.diariosur.es\/tormentas-y-rayos\/wp-json\/wp\/v2\/comments?post=39348"}],"version-history":[{"count":3,"href":"https:\/\/blogs.diariosur.es\/tormentas-y-rayos\/wp-json\/wp\/v2\/posts\/39348\/revisions"}],"predecessor-version":[{"id":48255,"href":"https:\/\/blogs.diariosur.es\/tormentas-y-rayos\/wp-json\/wp\/v2\/posts\/39348\/revisions\/48255"}],"wp:featuredmedia":[{"embeddable":true,"href":"https:\/\/blogs.diariosur.es\/tormentas-y-rayos\/wp-json\/wp\/v2\/media\/24105"}],"wp:attachment":[{"href":"https:\/\/blogs.diariosur.es\/tormentas-y-rayos\/wp-json\/wp\/v2\/media?parent=39348"}],"wp:term":[{"taxonomy":"category","embeddable":true,"href":"https:\/\/blogs.diariosur.es\/tormentas-y-rayos\/wp-json\/wp\/v2\/categories?post=39348"},{"taxonomy":"post_tag","embeddable":true,"href":"https:\/\/blogs.diariosur.es\/tormentas-y-rayos\/wp-json\/wp\/v2\/tags?post=39348"}],"curies":[{"name":"wp","href":"https:\/\/api.w.org\/{rel}","templated":true}]}}