{"id":39352,"date":"2023-12-26T08:55:40","date_gmt":"2023-12-26T07:55:40","guid":{"rendered":"https:\/\/blogs.diariosur.es\/tormentas-y-rayos\/?p=39352"},"modified":"2025-12-25T11:03:50","modified_gmt":"2025-12-25T10:03:50","slug":"se-esperan-lluvias-en-nochevieja-y-ano-nuevo-en-malaga-os-doy-una-mala-noticia","status":"publish","type":"post","link":"https:\/\/blogs.diariosur.es\/tormentas-y-rayos\/2023\/12\/26\/se-esperan-lluvias-en-nochevieja-y-ano-nuevo-en-malaga-os-doy-una-mala-noticia\/","title":{"rendered":"\u00bfSe esperan lluvias en Nochevieja y A\u00f1o Nuevo en M\u00e1laga? Os doy una mala noticia."},"content":{"rendered":"<p><a href=\"https:\/\/static-blogs.diariosur.es\/wp-content\/uploads\/sites\/12\/2023\/10\/243418660_10223324765526342_8448445083528661051_n.jpg\"><img loading=\"lazy\" class=\"aligncenter size-thumbnail wp-image-38644\" src=\"https:\/\/static-blogs.diariosur.es\/wp-content\/uploads\/sites\/12\/2023\/10\/243418660_10223324765526342_8448445083528661051_n-150x150.jpg\" alt=\"\" width=\"150\" height=\"150\" \/><\/a><\/p>\n<p data-pm-slice=\"1 1 []\">Buenos d\u00edas, amigos de la\u00a0meteo. Cuando son las ocho y media de la ma\u00f1ana en M\u00e1laga capital, el Aeropuerto ha registrado una m\u00ednima de 4.5 grados, los cielos est\u00e1n poco nubosos y el viento sopla flojo de direcci\u00f3n variable en mi zona. Destacar los -2 grados bajo cero de Antequera, -1.7 grados bajo cero en Fuente de Piedra y los -1.8 grados bajo cero de Archidona Huertas del R\u00edo.<\/p>\n<p>En nuestra comunidad andaluza se han dado estas m\u00ednimas: en Granada Aeropuerto, -4.5 grados bajo cero, y Baza, -6.9 grados bajo cero.<\/p>\n<p>Ayer, d\u00eda de Navidad, la estaci\u00f3n del Centro Meteorol\u00f3gico de M\u00e1laga registr\u00f3 19 grados; la m\u00ednima la dio el Aeropuerto con 6.5 grados; en zonas de la comarca de Antequera se registraron heladas d\u00e9biles.<\/p>\n<h3><strong>\u00bfSe esperan lluvias en Nochevieja y A\u00f1o Nuevo en M\u00e1laga?<\/strong><\/h3>\n<p>Os doy una mal\u00edsima noticia: salvo sorpresas de \u00faltima hora, no se esperan precipitaciones ni en Nochevieja ni en A\u00f1o Nuevo. Hace unos d\u00edas los modelos daban precipitaciones, pero a d\u00eda de hoy han cambiado, as\u00ed que seguiremos esperando. En cuanto a las temperaturas, seguiremos dentro de la media, es decir, los resfriados ser\u00e1n protagonistas.<\/p>\n<p>Nos vemos el 28, amigos de la meteo.<\/p>\n<p>&nbsp;<\/p>\n<p>&nbsp;<\/p>\n<p>&nbsp;<\/p>\n<p>&nbsp;<\/p>\n<p>&nbsp;<\/p>\n<p>&nbsp;<\/p>\n<blockquote><p>&nbsp;<\/p><\/blockquote>\n","protected":false},"excerpt":{"rendered":"<p>Buenos d\u00edas, amigos de la\u00a0meteo. Cuando son las ocho y media de la ma\u00f1ana en M\u00e1laga capital, el Aeropuerto ha registrado una m\u00ednima de 4.5 grados, los cielos est\u00e1n poco nubosos y el viento sopla flojo de direcci\u00f3n variable en mi zona. Destacar los -2 grados bajo cero de Antequera, -1.7 grados bajo cero en [&hellip;]<\/p>\n","protected":false},"author":16,"featured_media":39363,"comment_status":"open","ping_status":"open","sticky":false,"template":"","format":"standard","meta":[],"categories":[2],"tags":[100,109,358,587,710,725,800],"_links":{"self":[{"href":"https:\/\/blogs.diariosur.es\/tormentas-y-rayos\/wp-json\/wp\/v2\/posts\/39352"}],"collection":[{"href":"https:\/\/blogs.diariosur.es\/tormentas-y-rayos\/wp-json\/wp\/v2\/posts"}],"about":[{"href":"https:\/\/blogs.diariosur.es\/tormentas-y-rayos\/wp-json\/wp\/v2\/types\/post"}],"author":[{"embeddable":true,"href":"https:\/\/blogs.diariosur.es\/tormentas-y-rayos\/wp-json\/wp\/v2\/users\/16"}],"replies":[{"embeddable":true,"href":"https:\/\/blogs.diariosur.es\/tormentas-y-rayos\/wp-json\/wp\/v2\/comments?post=39352"}],"version-history":[{"count":16,"href":"https:\/\/blogs.diariosur.es\/tormentas-y-rayos\/wp-json\/wp\/v2\/posts\/39352\/revisions"}],"predecessor-version":[{"id":48257,"href":"https:\/\/blogs.diariosur.es\/tormentas-y-rayos\/wp-json\/wp\/v2\/posts\/39352\/revisions\/48257"}],"wp:featuredmedia":[{"embeddable":true,"href":"https:\/\/blogs.diariosur.es\/tormentas-y-rayos\/wp-json\/wp\/v2\/media\/39363"}],"wp:attachment":[{"href":"https:\/\/blogs.diariosur.es\/tormentas-y-rayos\/wp-json\/wp\/v2\/media?parent=39352"}],"wp:term":[{"taxonomy":"category","embeddable":true,"href":"https:\/\/blogs.diariosur.es\/tormentas-y-rayos\/wp-json\/wp\/v2\/categories?post=39352"},{"taxonomy":"post_tag","embeddable":true,"href":"https:\/\/blogs.diariosur.es\/tormentas-y-rayos\/wp-json\/wp\/v2\/tags?post=39352"}],"curies":[{"name":"wp","href":"https:\/\/api.w.org\/{rel}","templated":true}]}}