{"id":39370,"date":"2023-12-28T08:57:35","date_gmt":"2023-12-28T07:57:35","guid":{"rendered":"https:\/\/blogs.diariosur.es\/tormentas-y-rayos\/?p=39370"},"modified":"2025-12-25T11:05:17","modified_gmt":"2025-12-25T10:05:17","slug":"el-ano-2023-en-malaga-capital-pasara-a-la-historia-como-el-mas-seco-desde-el-1872","status":"publish","type":"post","link":"https:\/\/blogs.diariosur.es\/tormentas-y-rayos\/2023\/12\/28\/el-ano-2023-en-malaga-capital-pasara-a-la-historia-como-el-mas-seco-desde-el-1872\/","title":{"rendered":"El a\u00f1o 2023 en M\u00e1laga capital, pasar\u00e1 a la historia como el m\u00e1s seco desde el 1872."},"content":{"rendered":"<p><a href=\"https:\/\/static-blogs.diariosur.es\/wp-content\/uploads\/sites\/12\/2023\/10\/243418660_10223324765526342_8448445083528661051_n.jpg\"><img loading=\"lazy\" class=\"aligncenter size-thumbnail wp-image-38644\" src=\"https:\/\/static-blogs.diariosur.es\/wp-content\/uploads\/sites\/12\/2023\/10\/243418660_10223324765526342_8448445083528661051_n-150x150.jpg\" alt=\"\" width=\"150\" height=\"150\" \/><\/a><\/p>\n<p data-pm-slice=\"1 1 []\">Buenos d\u00edas, amigos de la meteo. Aunque sea d\u00eda 28 de diciembre, no es una inocentada; el a\u00f1o 2023, con <strong>179,3 mm<\/strong> anuales, pasar\u00e1 a la historia como el m\u00e1s seco desde 1872, es decir, el\u00a0siglo XIX. Quedan cuatro d\u00edas para acabar el a\u00f1o y no creo que se registren precipitaciones.<\/p>\n<p>Pero vamos por partes: desde que se tienen registros en el aeropuerto, a\u00f1o 1942, ha sido el m\u00e1s seco y tambi\u00e9n es el primero por debajo de 200 mm.\u00a0 El segundo m\u00e1s seco se dio en el 2019 con 204,6 mm y el tercero m\u00e1s seco en 1985 con 266,4 mm. Esto que os pongo tampoco es una inocentada; el m\u00e1s lluvioso, el a\u00f1o 2010,\u00a0con<strong> 1240 mm.<\/strong><\/p>\n<p>Vamos a la segunda parte, amigos de la meteo.<\/p>\n<p>Tambi\u00e9n me comenta Pablo Aguayo, jefe de la Unidad de Climatolog\u00eda del Centro Meteorol\u00f3gico de M\u00e1laga, que viendo datos de todas las estaciones manuales de M\u00e1laga desde el a\u00f1o 1872, es tambi\u00e9n el m\u00e1s seco. El segundo m\u00e1s seco en la ciudad de M\u00e1laga fue en el a\u00f1o 1922, con 196 mm. Estos datos manuales ya los tomaban catedr\u00e1ticos del Instituto Gaona en el 1859, como me ha hecho saber Jose Maria S\u00e1nchez Laulh\u00e9.<\/p>\n<p>Ojal\u00e1 el comienzo del a\u00f1o que viene se cumpla lo que pas\u00f3 en el 2010 y caigan en M\u00e1laga capital muy bien repartidos esos 1210 mm.<\/p>\n<p>Aunque a\u00fan me falta por confirmar, tambi\u00e9n el a\u00f1o 2023 pasar\u00e1 a la historia como el m\u00e1s c\u00e1lido desde que se tienen registros en M\u00e1laga.<\/p>\n<p>Al final de las fotos ten\u00e9is un art\u00edculo sobre el calentamiento s\u00fabito estratosf\u00e9rico.<\/p>\n<p>&nbsp;<\/p>\n<p>&nbsp;<\/p>\n<p><a href=\"https:\/\/static-blogs.diariosur.es\/wp-content\/uploads\/sites\/12\/2023\/07\/4-6-e1689866619573.jpg\"><img loading=\"lazy\" class=\"aligncenter size-full wp-image-37704\" src=\"https:\/\/static-blogs.diariosur.es\/wp-content\/uploads\/sites\/12\/2023\/07\/4-6-e1689866619573.jpg\" alt=\"\" width=\"1200\" height=\"675\" \/><\/a><\/p>\n<p>&nbsp;<\/p>\n<p>&nbsp;<\/p>\n<p style=\"text-align: justify;\"><a href=\"https:\/\/static-blogs.diariosur.es\/wp-content\/uploads\/sites\/12\/2023\/10\/387803619_10227832127207567_1854485089337152166_n-e1697264443759.jpg\"><img loading=\"lazy\" class=\"aligncenter size-full wp-image-38723\" src=\"https:\/\/static-blogs.diariosur.es\/wp-content\/uploads\/sites\/12\/2023\/10\/387803619_10227832127207567_1854485089337152166_n-e1697264443759.jpg\" alt=\"\" width=\"1200\" height=\"900\" \/><\/a><\/p>\n<p>&nbsp;<\/p>\n<p>Esperemos verlos as\u00ed en el 2024<\/p>\n<p>&nbsp;<\/p>\n<p><a href=\"https:\/\/static-blogs.diariosur.es\/wp-content\/uploads\/sites\/12\/2023\/10\/387814521_10227832685901534_8988984502458507179_n-e1697264540311.jpg\"><img loading=\"lazy\" class=\"aligncenter size-full wp-image-38724\" src=\"https:\/\/static-blogs.diariosur.es\/wp-content\/uploads\/sites\/12\/2023\/10\/387814521_10227832685901534_8988984502458507179_n-e1697264540311.jpg\" alt=\"\" width=\"1200\" height=\"900\" \/><\/a><\/p>\n<p>&nbsp;<\/p>\n<p><a href=\"https:\/\/static-blogs.diariosur.es\/wp-content\/uploads\/sites\/12\/2023\/10\/5-1-e1697264148588.jpg\"><img loading=\"lazy\" class=\"aligncenter size-full wp-image-38722\" src=\"https:\/\/static-blogs.diariosur.es\/wp-content\/uploads\/sites\/12\/2023\/10\/5-1-e1697264148588.jpg\" alt=\"\" width=\"900\" height=\"600\" \/><\/a><\/p>\n<p>&nbsp;<\/p>\n<p>Como muchos me hab\u00e9is preguntado sobre el calentamiento s\u00fabito estratosf\u00e9rico, os pongo este articulo de mi amigo Dumcan.<\/p>\n<h3 class=\"titular\"><a href=\"https:\/\/www.tiempo.com\/noticias\/actualidad\/que-es-el-calentamiento-subito-estratosferico-el-fenomeno-que-puede-cambiar-el-invierno.html\" rel=\"external nofollow\">Qu\u00e9 es el calentamiento s\u00fabito estratosf\u00e9rico<\/a><\/h3>\n","protected":false},"excerpt":{"rendered":"<p>Buenos d\u00edas, amigos de la meteo. Aunque sea d\u00eda 28 de diciembre, no es una inocentada; el a\u00f1o 2023, con 179,3 mm anuales, pasar\u00e1 a la historia como el m\u00e1s seco desde 1872, es decir, el\u00a0siglo XIX. Quedan cuatro d\u00edas para acabar el a\u00f1o y no creo que se registren precipitaciones. Pero vamos por partes: [&hellip;]<\/p>\n","protected":false},"author":16,"featured_media":34060,"comment_status":"open","ping_status":"open","sticky":false,"template":"","format":"standard","meta":[],"categories":[2],"tags":[100,358,587,909],"_links":{"self":[{"href":"https:\/\/blogs.diariosur.es\/tormentas-y-rayos\/wp-json\/wp\/v2\/posts\/39370"}],"collection":[{"href":"https:\/\/blogs.diariosur.es\/tormentas-y-rayos\/wp-json\/wp\/v2\/posts"}],"about":[{"href":"https:\/\/blogs.diariosur.es\/tormentas-y-rayos\/wp-json\/wp\/v2\/types\/post"}],"author":[{"embeddable":true,"href":"https:\/\/blogs.diariosur.es\/tormentas-y-rayos\/wp-json\/wp\/v2\/users\/16"}],"replies":[{"embeddable":true,"href":"https:\/\/blogs.diariosur.es\/tormentas-y-rayos\/wp-json\/wp\/v2\/comments?post=39370"}],"version-history":[{"count":20,"href":"https:\/\/blogs.diariosur.es\/tormentas-y-rayos\/wp-json\/wp\/v2\/posts\/39370\/revisions"}],"predecessor-version":[{"id":48258,"href":"https:\/\/blogs.diariosur.es\/tormentas-y-rayos\/wp-json\/wp\/v2\/posts\/39370\/revisions\/48258"}],"wp:featuredmedia":[{"embeddable":true,"href":"https:\/\/blogs.diariosur.es\/tormentas-y-rayos\/wp-json\/wp\/v2\/media\/34060"}],"wp:attachment":[{"href":"https:\/\/blogs.diariosur.es\/tormentas-y-rayos\/wp-json\/wp\/v2\/media?parent=39370"}],"wp:term":[{"taxonomy":"category","embeddable":true,"href":"https:\/\/blogs.diariosur.es\/tormentas-y-rayos\/wp-json\/wp\/v2\/categories?post=39370"},{"taxonomy":"post_tag","embeddable":true,"href":"https:\/\/blogs.diariosur.es\/tormentas-y-rayos\/wp-json\/wp\/v2\/tags?post=39370"}],"curies":[{"name":"wp","href":"https:\/\/api.w.org\/{rel}","templated":true}]}}