{"id":39393,"date":"2023-12-31T09:13:14","date_gmt":"2023-12-31T08:13:14","guid":{"rendered":"https:\/\/blogs.diariosur.es\/tormentas-y-rayos\/?p=39393"},"modified":"2025-12-25T11:06:19","modified_gmt":"2025-12-25T10:06:19","slug":"el-ano-2024-comienza-con-terral-de-invierno-en-malaga-y-buenas-noticias-video-del-ultimo-amanecer","status":"publish","type":"post","link":"https:\/\/blogs.diariosur.es\/tormentas-y-rayos\/2023\/12\/31\/el-ano-2024-comienza-con-terral-de-invierno-en-malaga-y-buenas-noticias-video-del-ultimo-amanecer\/","title":{"rendered":"El a\u00f1o 2024 comienza con terral de invierno en M\u00e1laga y buenas noticias. Video del \u00faltimo amanecer"},"content":{"rendered":"<p><a href=\"https:\/\/static-blogs.diariosur.es\/wp-content\/uploads\/sites\/12\/2023\/10\/391553712_10227849747128054_5906882869659171719_n.jpg\"><img loading=\"lazy\" class=\"aligncenter size-thumbnail wp-image-38725\" src=\"https:\/\/static-blogs.diariosur.es\/wp-content\/uploads\/sites\/12\/2023\/10\/391553712_10227849747128054_5906882869659171719_n-150x150.jpg\" alt=\"\" width=\"150\" height=\"150\" \/><\/a><\/p>\n<p data-pm-slice=\"1 1 []\">Buenos d\u00edas, amigos de la meteo. Muy cortito hoy el post para que disfrut\u00e9is del \u00faltimo d\u00eda del a\u00f1o. El a\u00f1o termina con terral de invierno, y tambi\u00e9n el 2024. Las m\u00e1ximas rondar\u00e1n los 20 y 21 grados donde entre el terral. En las dem\u00e1s zonas de la provincia malague\u00f1a, las m\u00e1ximas rondar\u00e1n los 16 y 18 grados.<\/p>\n<p>La buena noticia es que hay probabilidad alta de que el d\u00eda 4 y madrugada del 5 se registren precipitaciones en M\u00e1laga y gran parte de nuestra comunidad; a partir de ma\u00f1ana haremos un seguimiento.<\/p>\n<p>&nbsp;<\/p>\n<p><iframe loading=\"lazy\" title=\"YouTube video player\" src=\"https:\/\/www.youtube.com\/embed\/DUbneQ4DIL4?si=oF8JH76sYEUyrh0C\" width=\"560\" height=\"315\" frameborder=\"0\" allowfullscreen=\"allowfullscreen\"><\/iframe><\/p>\n<p>&nbsp;<\/p>\n<p>&nbsp;<\/p>\n","protected":false},"excerpt":{"rendered":"<p>Buenos d\u00edas, amigos de la meteo. Muy cortito hoy el post para que disfrut\u00e9is del \u00faltimo d\u00eda del a\u00f1o. El a\u00f1o termina con terral de invierno, y tambi\u00e9n el 2024. Las m\u00e1ximas rondar\u00e1n los 20 y 21 grados donde entre el terral. En las dem\u00e1s zonas de la provincia malague\u00f1a, las m\u00e1ximas rondar\u00e1n los 16 [&hellip;]<\/p>\n","protected":false},"author":16,"featured_media":34289,"comment_status":"open","ping_status":"open","sticky":false,"template":"","format":"standard","meta":[],"categories":[2],"tags":[109,358,587,707,725,980],"_links":{"self":[{"href":"https:\/\/blogs.diariosur.es\/tormentas-y-rayos\/wp-json\/wp\/v2\/posts\/39393"}],"collection":[{"href":"https:\/\/blogs.diariosur.es\/tormentas-y-rayos\/wp-json\/wp\/v2\/posts"}],"about":[{"href":"https:\/\/blogs.diariosur.es\/tormentas-y-rayos\/wp-json\/wp\/v2\/types\/post"}],"author":[{"embeddable":true,"href":"https:\/\/blogs.diariosur.es\/tormentas-y-rayos\/wp-json\/wp\/v2\/users\/16"}],"replies":[{"embeddable":true,"href":"https:\/\/blogs.diariosur.es\/tormentas-y-rayos\/wp-json\/wp\/v2\/comments?post=39393"}],"version-history":[{"count":3,"href":"https:\/\/blogs.diariosur.es\/tormentas-y-rayos\/wp-json\/wp\/v2\/posts\/39393\/revisions"}],"predecessor-version":[{"id":48259,"href":"https:\/\/blogs.diariosur.es\/tormentas-y-rayos\/wp-json\/wp\/v2\/posts\/39393\/revisions\/48259"}],"wp:featuredmedia":[{"embeddable":true,"href":"https:\/\/blogs.diariosur.es\/tormentas-y-rayos\/wp-json\/wp\/v2\/media\/34289"}],"wp:attachment":[{"href":"https:\/\/blogs.diariosur.es\/tormentas-y-rayos\/wp-json\/wp\/v2\/media?parent=39393"}],"wp:term":[{"taxonomy":"category","embeddable":true,"href":"https:\/\/blogs.diariosur.es\/tormentas-y-rayos\/wp-json\/wp\/v2\/categories?post=39393"},{"taxonomy":"post_tag","embeddable":true,"href":"https:\/\/blogs.diariosur.es\/tormentas-y-rayos\/wp-json\/wp\/v2\/tags?post=39393"}],"curies":[{"name":"wp","href":"https:\/\/api.w.org\/{rel}","templated":true}]}}