{"id":39397,"date":"2024-01-03T13:39:52","date_gmt":"2024-01-03T12:39:52","guid":{"rendered":"https:\/\/blogs.diariosur.es\/tormentas-y-rayos\/?p=39397"},"modified":"2025-12-25T11:12:09","modified_gmt":"2025-12-25T10:12:09","slug":"ano-2023-y-2022-los-mas-calidos-en-malaga-desde-el-ano-1942","status":"publish","type":"post","link":"https:\/\/blogs.diariosur.es\/tormentas-y-rayos\/2024\/01\/03\/ano-2023-y-2022-los-mas-calidos-en-malaga-desde-el-ano-1942\/","title":{"rendered":"A\u00f1o 2023 y 2022, los mas calidos en M\u00e1laga desde el a\u00f1o 1942."},"content":{"rendered":"<p><a href=\"https:\/\/static-blogs.diariosur.es\/wp-content\/uploads\/sites\/12\/2023\/10\/391553712_10227849747128054_5906882869659171719_n.jpg\"><img loading=\"lazy\" class=\"aligncenter size-thumbnail wp-image-38725\" src=\"https:\/\/static-blogs.diariosur.es\/wp-content\/uploads\/sites\/12\/2023\/10\/391553712_10227849747128054_5906882869659171719_n-150x150.jpg\" alt=\"\" width=\"150\" height=\"150\" \/><\/a><\/p>\n<p data-pm-slice=\"1 1 []\">Buenas tardes, amigos de la meteo. Aunque a\u00fan est\u00e1 por confirmar por la AEMET, el a\u00f1o 2023 y el 2022 han sido los m\u00e1s c\u00e1lidos desde que se tienen registros en el Aeropuerto de M\u00e1laga. Estos dos a\u00f1os han dado una temperatura media anual de 20.3 \u00baC. Curiosamente, el mes de diciembre del 2023 ha sido normal en cuanto a temperatura media, con 13.7 grados de media. Destacar de este mes los 29.9 grados del centro meteorol\u00f3gico.<\/p>\n<p>Ma\u00f1ana os dar\u00e9 la previsi\u00f3n de la cabalgata y fin de semana.<\/p>\n","protected":false},"excerpt":{"rendered":"<p>Buenas tardes, amigos de la meteo. Aunque a\u00fan est\u00e1 por confirmar por la AEMET, el a\u00f1o 2023 y el 2022 han sido los m\u00e1s c\u00e1lidos desde que se tienen registros en el Aeropuerto de M\u00e1laga. Estos dos a\u00f1os han dado una temperatura media anual de 20.3 \u00baC. Curiosamente, el mes de diciembre del 2023 ha [&hellip;]<\/p>\n","protected":false},"author":16,"featured_media":39310,"comment_status":"open","ping_status":"open","sticky":false,"template":"","format":"standard","meta":[],"categories":[2],"tags":[1821,109,214,587,614],"_links":{"self":[{"href":"https:\/\/blogs.diariosur.es\/tormentas-y-rayos\/wp-json\/wp\/v2\/posts\/39397"}],"collection":[{"href":"https:\/\/blogs.diariosur.es\/tormentas-y-rayos\/wp-json\/wp\/v2\/posts"}],"about":[{"href":"https:\/\/blogs.diariosur.es\/tormentas-y-rayos\/wp-json\/wp\/v2\/types\/post"}],"author":[{"embeddable":true,"href":"https:\/\/blogs.diariosur.es\/tormentas-y-rayos\/wp-json\/wp\/v2\/users\/16"}],"replies":[{"embeddable":true,"href":"https:\/\/blogs.diariosur.es\/tormentas-y-rayos\/wp-json\/wp\/v2\/comments?post=39397"}],"version-history":[{"count":10,"href":"https:\/\/blogs.diariosur.es\/tormentas-y-rayos\/wp-json\/wp\/v2\/posts\/39397\/revisions"}],"predecessor-version":[{"id":48263,"href":"https:\/\/blogs.diariosur.es\/tormentas-y-rayos\/wp-json\/wp\/v2\/posts\/39397\/revisions\/48263"}],"wp:featuredmedia":[{"embeddable":true,"href":"https:\/\/blogs.diariosur.es\/tormentas-y-rayos\/wp-json\/wp\/v2\/media\/39310"}],"wp:attachment":[{"href":"https:\/\/blogs.diariosur.es\/tormentas-y-rayos\/wp-json\/wp\/v2\/media?parent=39397"}],"wp:term":[{"taxonomy":"category","embeddable":true,"href":"https:\/\/blogs.diariosur.es\/tormentas-y-rayos\/wp-json\/wp\/v2\/categories?post=39397"},{"taxonomy":"post_tag","embeddable":true,"href":"https:\/\/blogs.diariosur.es\/tormentas-y-rayos\/wp-json\/wp\/v2\/tags?post=39397"}],"curies":[{"name":"wp","href":"https:\/\/api.w.org\/{rel}","templated":true}]}}