{"id":39414,"date":"2024-01-04T07:28:29","date_gmt":"2024-01-04T06:28:29","guid":{"rendered":"https:\/\/blogs.diariosur.es\/tormentas-y-rayos\/?p=39414"},"modified":"2025-12-25T11:14:57","modified_gmt":"2025-12-25T10:14:57","slug":"los-reyes-magos-traen-lluvias-tormentas-frio-y-viento-en-malaga-y-andalucia-aviso-amarilllo-por-lluvias","status":"publish","type":"post","link":"https:\/\/blogs.diariosur.es\/tormentas-y-rayos\/2024\/01\/04\/los-reyes-magos-traen-lluvias-tormentas-frio-y-viento-en-malaga-y-andalucia-aviso-amarilllo-por-lluvias\/","title":{"rendered":"Los Reyes Magos traen lluvias, tormentas, fr\u00edo y viento en M\u00e1laga y Andaluc\u00eda. Aviso amarilllo por lluvias."},"content":{"rendered":"<p><a href=\"https:\/\/static-blogs.diariosur.es\/wp-content\/uploads\/sites\/12\/2023\/10\/391553712_10227849747128054_5906882869659171719_n.jpg\"><br \/>\n<img loading=\"lazy\" class=\"aligncenter size-thumbnail wp-image-38725\" src=\"https:\/\/static-blogs.diariosur.es\/wp-content\/uploads\/sites\/12\/2023\/10\/391553712_10227849747128054_5906882869659171719_n-150x150.jpg\" alt=\"\" width=\"150\" height=\"150\" \/><\/a><\/p>\n<p data-pm-slice=\"1 1 []\">Buenos d\u00edas, amigos de la meteo. Ayer mi\u00e9rcoles se registraron temperaturas muy altas para las fechas en que estamos en la provincia malague\u00f1a. En algunos puntos entre 24 y 26 grados, como es el caso del Rinc\u00f3n de la Victoria; en M\u00e1laga capital, 24.6 grados. Este calor se acabar\u00e1 el d\u00eda 5; el fr\u00edo y el viento ser\u00e1n protagonistas, tendr\u00e1 continuidad el 6 y el 7. La probabilidad de precipitaciones ma\u00f1ana d\u00eda 5 a partir del mediod\u00eda ser\u00e1 baja.<\/p>\n<p>Los Reyes Magos tambi\u00e9n traer\u00e1n lluvias hoy d\u00eda 4, e incluso algunos rel\u00e1mpagos; la probabilidad m\u00e1s alta empezar\u00eda en la capital a partir de las ocho o nueve de la noche; depender\u00e1 de si el frente fr\u00edo se adelanta o se retrasa. En la zona m\u00e1s occidental de la provincia malague\u00f1a, las precipitaciones llegar\u00e1n antes; en esta zona se ver\u00e1n m\u00e1s rayos. A primera hora de la ma\u00f1ana pueden caer algunas gotillas.<\/p>\n<p>Se activa el aviso amarillo hoy por lluvias de 15 mm en una hora en las provincias de Sevilla, Huelva, C\u00f3rdoba y C\u00e1diz; pueden ir acompa\u00f1adas de granizo peque\u00f1o y tormentas. La provincia de M\u00e1laga de momento no entra en aviso amarillo. Ya veremos en la pr\u00f3xima actualizaci\u00f3n.<\/p>\n<p>&nbsp;<\/p>\n<p><a href=\"https:\/\/static-blogs.diariosur.es\/wp-content\/uploads\/sites\/12\/2024\/01\/Captura-de-pantalla-2024-01-04-065417.jpg\"><img loading=\"lazy\" class=\"aligncenter size-full wp-image-39432\" src=\"https:\/\/static-blogs.diariosur.es\/wp-content\/uploads\/sites\/12\/2024\/01\/Captura-de-pantalla-2024-01-04-065417.jpg\" alt=\"\" width=\"691\" height=\"549\" srcset=\"https:\/\/static-blogs.diariosur.es\/wp-content\/uploads\/sites\/12\/2024\/01\/Captura-de-pantalla-2024-01-04-065417.jpg 691w, https:\/\/static-blogs.diariosur.es\/wp-content\/uploads\/sites\/12\/2024\/01\/Captura-de-pantalla-2024-01-04-065417-503x400.jpg 503w\" sizes=\"(max-width: 691px) 100vw, 691px\" \/><\/a><\/p>\n<p>&nbsp;<\/p>\n<p data-pm-slice=\"1 1 []\">Os dejo con unas fotos que hice ayer al Embalse de la Vi\u00f1uela. Est\u00e1 al m\u00ednimo hist\u00f3rico.<\/p>\n<p>&nbsp;<\/p>\n<p>&nbsp;<\/p>\n<p><a href=\"https:\/\/static-blogs.diariosur.es\/wp-content\/uploads\/sites\/12\/2024\/01\/v-1-e1704347835976.jpg\"><img loading=\"lazy\" class=\"aligncenter size-full wp-image-39433\" src=\"https:\/\/static-blogs.diariosur.es\/wp-content\/uploads\/sites\/12\/2024\/01\/v-1-e1704347835976.jpg\" alt=\"\" width=\"1200\" height=\"800\" \/><\/a><\/p>\n<p>&nbsp;<\/p>\n<p><a href=\"https:\/\/static-blogs.diariosur.es\/wp-content\/uploads\/sites\/12\/2024\/01\/v-e1704347872969.jpg\"><img loading=\"lazy\" class=\"aligncenter size-full wp-image-39434\" src=\"https:\/\/static-blogs.diariosur.es\/wp-content\/uploads\/sites\/12\/2024\/01\/v-e1704347872969.jpg\" alt=\"\" width=\"1200\" height=\"800\" \/><\/a><\/p>\n<p>&nbsp;<\/p>\n<p><a href=\"https:\/\/static-blogs.diariosur.es\/wp-content\/uploads\/sites\/12\/2024\/01\/v2-e1704347897956.jpg\"><img loading=\"lazy\" class=\"aligncenter size-full wp-image-39435\" src=\"https:\/\/static-blogs.diariosur.es\/wp-content\/uploads\/sites\/12\/2024\/01\/v2-e1704347897956.jpg\" alt=\"\" width=\"1200\" height=\"800\" \/><\/a><\/p>\n<p>&nbsp;<\/p>\n<p>&nbsp;<\/p>\n<p>&nbsp;<\/p>\n<p>&nbsp;<\/p>\n","protected":false},"excerpt":{"rendered":"<p>Buenos d\u00edas, amigos de la meteo. Ayer mi\u00e9rcoles se registraron temperaturas muy altas para las fechas en que estamos en la provincia malague\u00f1a. En algunos puntos entre 24 y 26 grados, como es el caso del Rinc\u00f3n de la Victoria; en M\u00e1laga capital, 24.6 grados. Este calor se acabar\u00e1 el d\u00eda 5; el fr\u00edo y [&hellip;]<\/p>\n","protected":false},"author":16,"featured_media":37260,"comment_status":"open","ping_status":"open","sticky":false,"template":"","format":"standard","meta":[],"categories":[2],"tags":[94,100,151,200,432,569,587,800,861,980,1059],"_links":{"self":[{"href":"https:\/\/blogs.diariosur.es\/tormentas-y-rayos\/wp-json\/wp\/v2\/posts\/39414"}],"collection":[{"href":"https:\/\/blogs.diariosur.es\/tormentas-y-rayos\/wp-json\/wp\/v2\/posts"}],"about":[{"href":"https:\/\/blogs.diariosur.es\/tormentas-y-rayos\/wp-json\/wp\/v2\/types\/post"}],"author":[{"embeddable":true,"href":"https:\/\/blogs.diariosur.es\/tormentas-y-rayos\/wp-json\/wp\/v2\/users\/16"}],"replies":[{"embeddable":true,"href":"https:\/\/blogs.diariosur.es\/tormentas-y-rayos\/wp-json\/wp\/v2\/comments?post=39414"}],"version-history":[{"count":24,"href":"https:\/\/blogs.diariosur.es\/tormentas-y-rayos\/wp-json\/wp\/v2\/posts\/39414\/revisions"}],"predecessor-version":[{"id":48265,"href":"https:\/\/blogs.diariosur.es\/tormentas-y-rayos\/wp-json\/wp\/v2\/posts\/39414\/revisions\/48265"}],"wp:featuredmedia":[{"embeddable":true,"href":"https:\/\/blogs.diariosur.es\/tormentas-y-rayos\/wp-json\/wp\/v2\/media\/37260"}],"wp:attachment":[{"href":"https:\/\/blogs.diariosur.es\/tormentas-y-rayos\/wp-json\/wp\/v2\/media?parent=39414"}],"wp:term":[{"taxonomy":"category","embeddable":true,"href":"https:\/\/blogs.diariosur.es\/tormentas-y-rayos\/wp-json\/wp\/v2\/categories?post=39414"},{"taxonomy":"post_tag","embeddable":true,"href":"https:\/\/blogs.diariosur.es\/tormentas-y-rayos\/wp-json\/wp\/v2\/tags?post=39414"}],"curies":[{"name":"wp","href":"https:\/\/api.w.org\/{rel}","templated":true}]}}