{"id":39442,"date":"2024-01-06T09:48:51","date_gmt":"2024-01-06T08:48:51","guid":{"rendered":"https:\/\/blogs.diariosur.es\/tormentas-y-rayos\/?p=39442"},"modified":"2025-12-25T11:17:08","modified_gmt":"2025-12-25T10:17:08","slug":"las-primeras-nevadas-del-ano-en-malaga-pueden-llegar-a-la-sierra-de-la-nieves-y-sierra-tejeda-la-semana-que-viene","status":"publish","type":"post","link":"https:\/\/blogs.diariosur.es\/tormentas-y-rayos\/2024\/01\/06\/las-primeras-nevadas-del-ano-en-malaga-pueden-llegar-a-la-sierra-de-la-nieves-y-sierra-tejeda-la-semana-que-viene\/","title":{"rendered":"Las primeras nevadas importantes del a\u00f1o en la provincia de M\u00e1laga, pueden llegar a la Sierra de la Nieves la semana que viene."},"content":{"rendered":"<p><a href=\"https:\/\/static-blogs.diariosur.es\/wp-content\/uploads\/sites\/12\/2023\/10\/243418660_10223324765526342_8448445083528661051_n.jpg\"><img loading=\"lazy\" class=\"aligncenter size-thumbnail wp-image-38644\" src=\"https:\/\/static-blogs.diariosur.es\/wp-content\/uploads\/sites\/12\/2023\/10\/243418660_10223324765526342_8448445083528661051_n-150x150.jpg\" alt=\"\" width=\"150\" height=\"150\" \/><\/a><\/p>\n<p>Reedito: ayer ya nev\u00f3 en Sierra Tejeda. No lo sabia, Gracias a mi amigo Jose Manuel Blanco por dec\u00edrmelo.<\/p>\n<p>Os paso una foto.<\/p>\n<p>&nbsp;<\/p>\n<p><a href=\"https:\/\/static-blogs.diariosur.es\/wp-content\/uploads\/sites\/12\/2024\/01\/DSC_3621-e1704537862442.jpg\"><img loading=\"lazy\" class=\"aligncenter size-full wp-image-39456\" src=\"https:\/\/static-blogs.diariosur.es\/wp-content\/uploads\/sites\/12\/2024\/01\/DSC_3621-e1704537862442.jpg\" alt=\"\" width=\"1200\" height=\"800\" \/><\/a><\/p>\n<p>&nbsp;<\/p>\n<p>&nbsp;<\/p>\n<p data-pm-slice=\"1 1 []\">Muy buenos d\u00edas de Reyes, amigos de la meteo. Espero que os hayan tra\u00eddo muchas cosas; estoy seguro de que s\u00ed.<\/p>\n<p>A partir del martes o el mi\u00e9rcoles hay probabilidad de que se registren las primeras nevadas del a\u00f1o en la provincia malague\u00f1a, concretamente en la Sierra de las Nieves y Sierra Tejeda. A\u00fan no est\u00e1 muy claro qu\u00e9 cota ser\u00e1; esto lo veremos con m\u00e1s seguridad el lunes.<\/p>\n<p>Un potente anticicl\u00f3n en los pa\u00edses escandinavos favorecer\u00e1 la formaci\u00f3n de una bolsa de aire fr\u00edo inestable que afectar\u00e1 a la mayor parte de la pen\u00ednsula.<\/p>\n<p>Os paso dos mapas a 500 hpa del modelo europeo previstos para el martes y mi\u00e9rcoles.<\/p>\n<p>&nbsp;<\/p>\n<p>&nbsp;<\/p>\n<p><a href=\"https:\/\/static-blogs.diariosur.es\/wp-content\/uploads\/sites\/12\/2024\/01\/martes.jpg\"><img loading=\"lazy\" class=\"aligncenter size-full wp-image-39443\" src=\"https:\/\/static-blogs.diariosur.es\/wp-content\/uploads\/sites\/12\/2024\/01\/martes.jpg\" alt=\"\" width=\"765\" height=\"768\" srcset=\"https:\/\/static-blogs.diariosur.es\/wp-content\/uploads\/sites\/12\/2024\/01\/martes.jpg 765w, https:\/\/static-blogs.diariosur.es\/wp-content\/uploads\/sites\/12\/2024\/01\/martes-150x150.jpg 150w, https:\/\/static-blogs.diariosur.es\/wp-content\/uploads\/sites\/12\/2024\/01\/martes-398x400.jpg 398w\" sizes=\"(max-width: 765px) 100vw, 765px\" \/><\/a><\/p>\n<p><a href=\"https:\/\/static-blogs.diariosur.es\/wp-content\/uploads\/sites\/12\/2024\/01\/miercoles.jpg\"><img loading=\"lazy\" class=\"aligncenter size-full wp-image-39444\" src=\"https:\/\/static-blogs.diariosur.es\/wp-content\/uploads\/sites\/12\/2024\/01\/miercoles.jpg\" alt=\"\" width=\"755\" height=\"762\" srcset=\"https:\/\/static-blogs.diariosur.es\/wp-content\/uploads\/sites\/12\/2024\/01\/miercoles.jpg 755w, https:\/\/static-blogs.diariosur.es\/wp-content\/uploads\/sites\/12\/2024\/01\/miercoles-150x150.jpg 150w, https:\/\/static-blogs.diariosur.es\/wp-content\/uploads\/sites\/12\/2024\/01\/miercoles-396x400.jpg 396w\" sizes=\"(max-width: 755px) 100vw, 755px\" \/><\/a><\/p>\n<p>En cuanto a los acumulados de precipitaci\u00f3n en la provincia malague\u00f1a, lo sabremos con m\u00e1s seguridad el lunes. Lo importante es que se est\u00e1n dando cambios de tiempo. Esperemos que las lluvias tengan continuidad lo que queda del mes de enero y veamos las sierras malague\u00f1as as\u00ed de bonitas.<\/p>\n<p>&nbsp;<\/p>\n<p><a href=\"https:\/\/static-blogs.diariosur.es\/wp-content\/uploads\/sites\/12\/2024\/01\/50830783712_28408de621_b.jpg\"><img loading=\"lazy\" class=\"aligncenter size-full wp-image-39447\" src=\"https:\/\/static-blogs.diariosur.es\/wp-content\/uploads\/sites\/12\/2024\/01\/50830783712_28408de621_b.jpg\" alt=\"\" width=\"1024\" height=\"683\" srcset=\"https:\/\/static-blogs.diariosur.es\/wp-content\/uploads\/sites\/12\/2024\/01\/50830783712_28408de621_b.jpg 1024w, https:\/\/static-blogs.diariosur.es\/wp-content\/uploads\/sites\/12\/2024\/01\/50830783712_28408de621_b-600x400.jpg 600w, https:\/\/static-blogs.diariosur.es\/wp-content\/uploads\/sites\/12\/2024\/01\/50830783712_28408de621_b-768x512.jpg 768w\" sizes=\"(max-width: 1024px) 100vw, 1024px\" \/><\/a><\/p>\n<p>&nbsp;<\/p>\n<p><a href=\"https:\/\/static-blogs.diariosur.es\/wp-content\/uploads\/sites\/12\/2024\/01\/52661635317_595d901a4f_b.jpg\"><img loading=\"lazy\" class=\"aligncenter size-full wp-image-39448\" src=\"https:\/\/static-blogs.diariosur.es\/wp-content\/uploads\/sites\/12\/2024\/01\/52661635317_595d901a4f_b.jpg\" alt=\"\" width=\"1024\" height=\"602\" srcset=\"https:\/\/static-blogs.diariosur.es\/wp-content\/uploads\/sites\/12\/2024\/01\/52661635317_595d901a4f_b.jpg 1024w, https:\/\/static-blogs.diariosur.es\/wp-content\/uploads\/sites\/12\/2024\/01\/52661635317_595d901a4f_b-640x376.jpg 640w, https:\/\/static-blogs.diariosur.es\/wp-content\/uploads\/sites\/12\/2024\/01\/52661635317_595d901a4f_b-768x452.jpg 768w\" sizes=\"(max-width: 1024px) 100vw, 1024px\" \/><\/a><\/p>\n<p>Nos vemos ma\u00f1ana o el lunes.<\/p>\n","protected":false},"excerpt":{"rendered":"<p>Reedito: ayer ya nev\u00f3 en Sierra Tejeda. No lo sabia, Gracias a mi amigo Jose Manuel Blanco por dec\u00edrmelo. Os paso una foto. &nbsp; &nbsp; &nbsp; Muy buenos d\u00edas de Reyes, amigos de la meteo. Espero que os hayan tra\u00eddo muchas cosas; estoy seguro de que s\u00ed. A partir del martes o el mi\u00e9rcoles hay [&hellip;]<\/p>\n","protected":false},"author":16,"featured_media":39448,"comment_status":"open","ping_status":"open","sticky":false,"template":"","format":"standard","meta":[],"categories":[2],"tags":[358,366,432,569,587,690],"_links":{"self":[{"href":"https:\/\/blogs.diariosur.es\/tormentas-y-rayos\/wp-json\/wp\/v2\/posts\/39442"}],"collection":[{"href":"https:\/\/blogs.diariosur.es\/tormentas-y-rayos\/wp-json\/wp\/v2\/posts"}],"about":[{"href":"https:\/\/blogs.diariosur.es\/tormentas-y-rayos\/wp-json\/wp\/v2\/types\/post"}],"author":[{"embeddable":true,"href":"https:\/\/blogs.diariosur.es\/tormentas-y-rayos\/wp-json\/wp\/v2\/users\/16"}],"replies":[{"embeddable":true,"href":"https:\/\/blogs.diariosur.es\/tormentas-y-rayos\/wp-json\/wp\/v2\/comments?post=39442"}],"version-history":[{"count":11,"href":"https:\/\/blogs.diariosur.es\/tormentas-y-rayos\/wp-json\/wp\/v2\/posts\/39442\/revisions"}],"predecessor-version":[{"id":48266,"href":"https:\/\/blogs.diariosur.es\/tormentas-y-rayos\/wp-json\/wp\/v2\/posts\/39442\/revisions\/48266"}],"wp:featuredmedia":[{"embeddable":true,"href":"https:\/\/blogs.diariosur.es\/tormentas-y-rayos\/wp-json\/wp\/v2\/media\/39448"}],"wp:attachment":[{"href":"https:\/\/blogs.diariosur.es\/tormentas-y-rayos\/wp-json\/wp\/v2\/media?parent=39442"}],"wp:term":[{"taxonomy":"category","embeddable":true,"href":"https:\/\/blogs.diariosur.es\/tormentas-y-rayos\/wp-json\/wp\/v2\/categories?post=39442"},{"taxonomy":"post_tag","embeddable":true,"href":"https:\/\/blogs.diariosur.es\/tormentas-y-rayos\/wp-json\/wp\/v2\/tags?post=39442"}],"curies":[{"name":"wp","href":"https:\/\/api.w.org\/{rel}","templated":true}]}}