{"id":39491,"date":"2024-01-11T08:22:38","date_gmt":"2024-01-11T07:22:38","guid":{"rendered":"https:\/\/blogs.diariosur.es\/tormentas-y-rayos\/?p=39491"},"modified":"2025-12-25T11:21:31","modified_gmt":"2025-12-25T10:21:31","slug":"que-tiempo-hara-el-viernes-y-el-fin-de-semana-en-malaga-vuelve-el-calor","status":"publish","type":"post","link":"https:\/\/blogs.diariosur.es\/tormentas-y-rayos\/2024\/01\/11\/que-tiempo-hara-el-viernes-y-el-fin-de-semana-en-malaga-vuelve-el-calor\/","title":{"rendered":"\u00bfQu\u00e9 tiempo har\u00e1 el viernes y el fin de semana en M\u00e1laga, vuelve el calor?"},"content":{"rendered":"<p><a href=\"https:\/\/static-blogs.diariosur.es\/wp-content\/uploads\/sites\/12\/2023\/10\/243418660_10223324765526342_8448445083528661051_n.jpg\"><img loading=\"lazy\" class=\"aligncenter size-thumbnail wp-image-38644\" src=\"https:\/\/static-blogs.diariosur.es\/wp-content\/uploads\/sites\/12\/2023\/10\/243418660_10223324765526342_8448445083528661051_n-150x150.jpg\" alt=\"\" width=\"150\" height=\"150\" \/><\/a><\/p>\n<p>Buenos d\u00edas, amigos de la meteo. Antes de daros la predicci\u00f3n del tiempo, os pongo el post de ayer, sobre los acumulados de precipitaci\u00f3n que llevamos en el mes de enero.<\/p>\n<h3 class=\"voc-blogs-section\"><a href=\"https:\/\/blogs.diariosur.es\/tormentas-y-rayos\/2024\/01\/10\/acumulados-de-precipitacion-en-la-provincia-malaguena-mes-de-enero\/\">Acumulados de precipitaci\u00f3n en la provincia malague\u00f1a mes de enero.<\/a><\/h3>\n<p>Cuando son las siete y media de la ma\u00f1ana en M\u00e1laga capital, el aeropuerto registra 10.8 grados, el viento sopla flojo de componente oeste, pero por la tarde ira rolando a levante. La humedad ronda el 72% y los cielos est\u00e1n con lenticularis.<\/p>\n<h3><span style=\"color: #0000ff;\"><strong>Predicci\u00f3n viernes 12 de enero.<\/strong><\/span><\/h3>\n<p data-pm-slice=\"1 1 []\">Ma\u00f1ana viernes el protagonista ser\u00e1 el viento de levante en la costa malague\u00f1a y comarcas de Ronda y Antequera; se esperan rachas de moderadas a fuertes. Debido a las nubes que trae el viento de levante, hay probabilidad de chubascos en la costa occidental y Valle del Guadalhorce; a partir del mediod\u00eda bajar\u00e1 la probabilidad.<\/p>\n<p>La AEMET espera estas temperaturas m\u00e1ximas y m\u00ednimas en la provincia malague\u00f1a.<\/p>\n<p>&nbsp;<\/p>\n<p><a href=\"https:\/\/static-blogs.diariosur.es\/wp-content\/uploads\/sites\/12\/2024\/01\/v-2.jpg\"><img loading=\"lazy\" class=\"aligncenter size-full wp-image-39496\" src=\"https:\/\/static-blogs.diariosur.es\/wp-content\/uploads\/sites\/12\/2024\/01\/v-2.jpg\" alt=\"\" width=\"703\" height=\"548\" srcset=\"https:\/\/static-blogs.diariosur.es\/wp-content\/uploads\/sites\/12\/2024\/01\/v-2.jpg 703w, https:\/\/static-blogs.diariosur.es\/wp-content\/uploads\/sites\/12\/2024\/01\/v-2-513x400.jpg 513w\" sizes=\"(max-width: 703px) 100vw, 703px\" \/><\/a><\/p>\n<h3><\/h3>\n<h3><span style=\"color: #0000ff;\"><strong>Predicci\u00f3n s\u00e1bado 13 de enero.<\/strong><\/span><\/h3>\n<p data-pm-slice=\"1 1 []\">El s\u00e1bado el protagonista ser\u00e1 el mag\u00f3n (mar de fondo); mis amigos del surf podr\u00e1n disfrutar durante unas horas; no se esperan rachas fuertes.\u00a0 La probabilidad de precipitaciones es muy baja. La AEMET espera estas temperaturas m\u00e1ximas y m\u00ednimas.<\/p>\n<p>&nbsp;<\/p>\n<p><a href=\"https:\/\/static-blogs.diariosur.es\/wp-content\/uploads\/sites\/12\/2024\/01\/sabado.jpg\"><img loading=\"lazy\" class=\"aligncenter size-full wp-image-39497\" src=\"https:\/\/static-blogs.diariosur.es\/wp-content\/uploads\/sites\/12\/2024\/01\/sabado.jpg\" alt=\"\" width=\"695\" height=\"548\" srcset=\"https:\/\/static-blogs.diariosur.es\/wp-content\/uploads\/sites\/12\/2024\/01\/sabado.jpg 695w, https:\/\/static-blogs.diariosur.es\/wp-content\/uploads\/sites\/12\/2024\/01\/sabado-507x400.jpg 507w\" sizes=\"(max-width: 695px) 100vw, 695px\" \/><\/a><\/p>\n<p>&nbsp;<\/p>\n<h3><span style=\"color: #0000ff;\"><strong>Predicci\u00f3n domingo 14 de enero.<\/strong><\/span><\/h3>\n<p>&nbsp;<\/p>\n<p data-pm-slice=\"1 1 []\">Lo m\u00e1s destacado ser\u00e1 la subida de temperaturas m\u00e1ximas en toda la provincia malague\u00f1a, muy por encima de la media; en algunos puntos se puede llegar a los 23 grados. La probabilidad de precipitaciones es del 0%; no se esperan rachas fuertes de viento.<\/p>\n<p>Os paso las temperaturas m\u00e1ximas y m\u00ednimas que prev\u00e9 la AEMET.<\/p>\n<p>&nbsp;<\/p>\n<p>&nbsp;<\/p>\n<p><a href=\"https:\/\/static-blogs.diariosur.es\/wp-content\/uploads\/sites\/12\/2024\/01\/domingo.jpg\"><img loading=\"lazy\" class=\"aligncenter size-full wp-image-39499\" src=\"https:\/\/static-blogs.diariosur.es\/wp-content\/uploads\/sites\/12\/2024\/01\/domingo.jpg\" alt=\"\" width=\"697\" height=\"551\" srcset=\"https:\/\/static-blogs.diariosur.es\/wp-content\/uploads\/sites\/12\/2024\/01\/domingo.jpg 697w, https:\/\/static-blogs.diariosur.es\/wp-content\/uploads\/sites\/12\/2024\/01\/domingo-506x400.jpg 506w\" sizes=\"(max-width: 697px) 100vw, 697px\" \/><\/a><\/p>\n<p>&nbsp;<\/p>\n<p><span style=\"color: #ff0000;\"><strong>Esperemos que a partir del mi\u00e9rcoles se cumplan los modelos y nuevamente se registren precipitaciones en la provincia malague\u00f1a. Esto que os comento, lo iremos viendo a partir del s\u00e1bado.<\/strong><\/span><\/p>\n","protected":false},"excerpt":{"rendered":"<p>Buenos d\u00edas, amigos de la meteo. Antes de daros la predicci\u00f3n del tiempo, os pongo el post de ayer, sobre los acumulados de precipitaci\u00f3n que llevamos en el mes de enero. Acumulados de precipitaci\u00f3n en la provincia malague\u00f1a mes de enero. Cuando son las siete y media de la ma\u00f1ana en M\u00e1laga capital, el aeropuerto [&hellip;]<\/p>\n","protected":false},"author":16,"featured_media":29497,"comment_status":"open","ping_status":"open","sticky":false,"template":"","format":"standard","meta":[],"categories":[2],"tags":[100,358,587,800],"_links":{"self":[{"href":"https:\/\/blogs.diariosur.es\/tormentas-y-rayos\/wp-json\/wp\/v2\/posts\/39491"}],"collection":[{"href":"https:\/\/blogs.diariosur.es\/tormentas-y-rayos\/wp-json\/wp\/v2\/posts"}],"about":[{"href":"https:\/\/blogs.diariosur.es\/tormentas-y-rayos\/wp-json\/wp\/v2\/types\/post"}],"author":[{"embeddable":true,"href":"https:\/\/blogs.diariosur.es\/tormentas-y-rayos\/wp-json\/wp\/v2\/users\/16"}],"replies":[{"embeddable":true,"href":"https:\/\/blogs.diariosur.es\/tormentas-y-rayos\/wp-json\/wp\/v2\/comments?post=39491"}],"version-history":[{"count":8,"href":"https:\/\/blogs.diariosur.es\/tormentas-y-rayos\/wp-json\/wp\/v2\/posts\/39491\/revisions"}],"predecessor-version":[{"id":48269,"href":"https:\/\/blogs.diariosur.es\/tormentas-y-rayos\/wp-json\/wp\/v2\/posts\/39491\/revisions\/48269"}],"wp:featuredmedia":[{"embeddable":true,"href":"https:\/\/blogs.diariosur.es\/tormentas-y-rayos\/wp-json\/wp\/v2\/media\/29497"}],"wp:attachment":[{"href":"https:\/\/blogs.diariosur.es\/tormentas-y-rayos\/wp-json\/wp\/v2\/media?parent=39491"}],"wp:term":[{"taxonomy":"category","embeddable":true,"href":"https:\/\/blogs.diariosur.es\/tormentas-y-rayos\/wp-json\/wp\/v2\/categories?post=39491"},{"taxonomy":"post_tag","embeddable":true,"href":"https:\/\/blogs.diariosur.es\/tormentas-y-rayos\/wp-json\/wp\/v2\/tags?post=39491"}],"curies":[{"name":"wp","href":"https:\/\/api.w.org\/{rel}","templated":true}]}}