{"id":39503,"date":"2024-01-13T11:45:08","date_gmt":"2024-01-13T10:45:08","guid":{"rendered":"https:\/\/blogs.diariosur.es\/tormentas-y-rayos\/?p=39503"},"modified":"2025-12-25T11:29:27","modified_gmt":"2025-12-25T10:29:27","slug":"llegaran-las-ansiadas-lluvias-en-la-segunda-quincena-de-enero-a-andalucia-y-malaga","status":"publish","type":"post","link":"https:\/\/blogs.diariosur.es\/tormentas-y-rayos\/2024\/01\/13\/llegaran-las-ansiadas-lluvias-en-la-segunda-quincena-de-enero-a-andalucia-y-malaga\/","title":{"rendered":"\u00bfLlegar\u00e1n las ansiadas lluvias en la segunda quincena de enero a Andaluc\u00eda y M\u00e1laga?"},"content":{"rendered":"<p><a href=\"https:\/\/static-blogs.diariosur.es\/wp-content\/uploads\/sites\/12\/2023\/10\/243418660_10223324765526342_8448445083528661051_n.jpg\"><img loading=\"lazy\" class=\"aligncenter size-thumbnail wp-image-38644\" src=\"https:\/\/static-blogs.diariosur.es\/wp-content\/uploads\/sites\/12\/2023\/10\/243418660_10223324765526342_8448445083528661051_n-150x150.jpg\" alt=\"\" width=\"150\" height=\"150\" \/><\/a><\/p>\n<p data-pm-slice=\"1 1 []\">Buenos d\u00edas, amigos de la meteo. Cuando son las nueve de la ma\u00f1ana en M\u00e1laga capital, el aeropuerto ha registrado una m\u00ednima de 8.3 grados, el viento sopla de levante, los cielos est\u00e1n nubosos y la humedad ronda el 70%.<\/p>\n<p>Ayer se cumplieron las previsiones y el levante fue protagonista. Os paso un v\u00eddeo que grab\u00e9 ayer viernes en la playa de la Misericordia y otro del amanecer de esta ma\u00f1ana.<\/p>\n<p>&nbsp;<\/p>\n<p><iframe loading=\"lazy\" title=\"YouTube video player\" src=\"https:\/\/www.youtube.com\/embed\/PufB8IjKCSg?si=zN-moBOBEbh3kOvK\" width=\"560\" height=\"315\" frameborder=\"0\" allowfullscreen=\"allowfullscreen\"><\/iframe><\/p>\n<p><iframe loading=\"lazy\" title=\"YouTube video player\" src=\"https:\/\/www.youtube.com\/embed\/i1CBjdqDZog?si=PmMOxSqDrsrQSd08\" width=\"560\" height=\"315\" frameborder=\"0\" allowfullscreen=\"allowfullscreen\"><\/iframe><\/p>\n<p>&nbsp;<\/p>\n<h3><span style=\"color: #ff0000;\"><strong>\u00bfLlegar\u00e1n las ansiadas lluvias en la segunda quincena de enero a Andaluc\u00eda y M\u00e1laga?<\/strong><\/span><\/h3>\n<p>Fot\u00f3n de mi amigo Crist\u00f3bal Gambero en Mijas Pueblo<\/p>\n<p>&nbsp;<\/p>\n<p><a href=\"https:\/\/static-blogs.diariosur.es\/wp-content\/uploads\/sites\/12\/2024\/01\/418845596_6952279181487683_1669004357676274486_n.jpg\"><img loading=\"lazy\" class=\"aligncenter size-full wp-image-39513\" src=\"https:\/\/static-blogs.diariosur.es\/wp-content\/uploads\/sites\/12\/2024\/01\/418845596_6952279181487683_1669004357676274486_n.jpg\" alt=\"\" width=\"1200\" height=\"675\" srcset=\"https:\/\/static-blogs.diariosur.es\/wp-content\/uploads\/sites\/12\/2024\/01\/418845596_6952279181487683_1669004357676274486_n.jpg 1200w, https:\/\/static-blogs.diariosur.es\/wp-content\/uploads\/sites\/12\/2024\/01\/418845596_6952279181487683_1669004357676274486_n-640x360.jpg 640w, https:\/\/static-blogs.diariosur.es\/wp-content\/uploads\/sites\/12\/2024\/01\/418845596_6952279181487683_1669004357676274486_n-768x432.jpg 768w\" sizes=\"(max-width: 1200px) 100vw, 1200px\" \/><\/a><\/p>\n<p data-pm-slice=\"1 1 []\">\n<p>&nbsp;<\/p>\n<p>&nbsp;<\/p>\n<p data-pm-slice=\"1 1 []\">A partir del lunes, varias borrascas con sus frentes se acercar\u00e1n al oeste de Galicia; las lluvias ser\u00e1n m\u00e1s generosas en las provincias occidentales de Andaluc\u00eda, sobre todo el mi\u00e9rcoles, que se esperan m\u00e1s acumulados. Con este tipo de situaci\u00f3n, las provincias donde se espera menos precipitaci\u00f3n ser\u00e1n las de M\u00e1laga, Granada y sobre todo Almer\u00eda.<\/p>\n<p>A partir del viernes, nuevamente el anticicl\u00f3n tomar\u00e1 protagonismo y todo hace indicar que lo tendremos durante bastante tiempo. A la pregunta que he hecho: \u00bfLlegar\u00e1n las ansiadas lluvias en la segunda quincena de enero a Andaluc\u00eda y M\u00e1laga? Todo hace indicar que no, amigos de la meteo. Las lluvias que se esperan no solucionar\u00e1n la sequ\u00eda.<\/p>\n<p>Os paso los acumulados de precipitaci\u00f3n que da el modelo europeo desde el lunes al jueves. Hay otros modelos que incluso dan menos. Si os fij\u00e1is, ser\u00eda la zona interior m\u00e1s occidental de la provincia de M\u00e1laga donde se esperan algunos litros m\u00e1s.<\/p>\n<p>&nbsp;<\/p>\n<p>&nbsp;<\/p>\n<p><a href=\"https:\/\/static-blogs.diariosur.es\/wp-content\/uploads\/sites\/12\/2024\/01\/e.jpg\"><img loading=\"lazy\" class=\"aligncenter size-full wp-image-39506\" src=\"https:\/\/static-blogs.diariosur.es\/wp-content\/uploads\/sites\/12\/2024\/01\/e.jpg\" alt=\"\" width=\"765\" height=\"722\" srcset=\"https:\/\/static-blogs.diariosur.es\/wp-content\/uploads\/sites\/12\/2024\/01\/e.jpg 765w, https:\/\/static-blogs.diariosur.es\/wp-content\/uploads\/sites\/12\/2024\/01\/e-424x400.jpg 424w\" sizes=\"(max-width: 765px) 100vw, 765px\" \/><\/a><\/p>\n<p>&nbsp;<\/p>\n<p><a href=\"https:\/\/static-blogs.diariosur.es\/wp-content\/uploads\/sites\/12\/2024\/01\/ee.jpg\"><img loading=\"lazy\" class=\"aligncenter size-full wp-image-39507\" src=\"https:\/\/static-blogs.diariosur.es\/wp-content\/uploads\/sites\/12\/2024\/01\/ee.jpg\" alt=\"\" width=\"771\" height=\"758\" srcset=\"https:\/\/static-blogs.diariosur.es\/wp-content\/uploads\/sites\/12\/2024\/01\/ee.jpg 771w, https:\/\/static-blogs.diariosur.es\/wp-content\/uploads\/sites\/12\/2024\/01\/ee-407x400.jpg 407w, https:\/\/static-blogs.diariosur.es\/wp-content\/uploads\/sites\/12\/2024\/01\/ee-768x755.jpg 768w\" sizes=\"(max-width: 771px) 100vw, 771px\" \/><\/a><\/p>\n<p>&nbsp;<\/p>\n<p>Esperemos que llegue m\u00e1s precipitaci\u00f3n a la provincia de M\u00e1laga. Os dejo con algunas fotos del amanecer que hemos tenido hoy s\u00e1bado.<\/p>\n<p>&nbsp;<\/p>\n<p><a href=\"https:\/\/static-blogs.diariosur.es\/wp-content\/uploads\/sites\/12\/2024\/01\/1-1-e1705142367507.jpg\"><img loading=\"lazy\" class=\"aligncenter size-full wp-image-39508\" src=\"https:\/\/static-blogs.diariosur.es\/wp-content\/uploads\/sites\/12\/2024\/01\/1-1-e1705142367507.jpg\" alt=\"\" width=\"1200\" height=\"800\" \/><\/a><\/p>\n<p>&nbsp;<\/p>\n<p><a href=\"https:\/\/static-blogs.diariosur.es\/wp-content\/uploads\/sites\/12\/2024\/01\/6-e1705142391100.jpg\"><img loading=\"lazy\" class=\"aligncenter size-full wp-image-39509\" src=\"https:\/\/static-blogs.diariosur.es\/wp-content\/uploads\/sites\/12\/2024\/01\/6-e1705142391100.jpg\" alt=\"\" width=\"1200\" height=\"800\" \/><\/a><\/p>\n<p>&nbsp;<\/p>\n<p><a href=\"https:\/\/static-blogs.diariosur.es\/wp-content\/uploads\/sites\/12\/2024\/01\/8-e1705142430582.jpg\"><img loading=\"lazy\" class=\"aligncenter size-full wp-image-39510\" src=\"https:\/\/static-blogs.diariosur.es\/wp-content\/uploads\/sites\/12\/2024\/01\/8-e1705142430582.jpg\" alt=\"\" width=\"1200\" height=\"800\" \/><\/a><\/p>\n<p>&nbsp;<\/p>\n<p><a href=\"https:\/\/static-blogs.diariosur.es\/wp-content\/uploads\/sites\/12\/2024\/01\/9-e1705142459250.jpg\"><img loading=\"lazy\" class=\"aligncenter size-full wp-image-39511\" src=\"https:\/\/static-blogs.diariosur.es\/wp-content\/uploads\/sites\/12\/2024\/01\/9-e1705142459250.jpg\" alt=\"\" width=\"1200\" height=\"800\" \/><\/a><\/p>\n<p>&nbsp;<\/p>\n<p><a href=\"https:\/\/static-blogs.diariosur.es\/wp-content\/uploads\/sites\/12\/2024\/01\/10-e1705142485447.jpg\"><img loading=\"lazy\" class=\"aligncenter size-full wp-image-39512\" src=\"https:\/\/static-blogs.diariosur.es\/wp-content\/uploads\/sites\/12\/2024\/01\/10-e1705142485447.jpg\" alt=\"\" width=\"1200\" height=\"564\" \/><\/a><\/p>\n","protected":false},"excerpt":{"rendered":"<p>Buenos d\u00edas, amigos de la meteo. Cuando son las nueve de la ma\u00f1ana en M\u00e1laga capital, el aeropuerto ha registrado una m\u00ednima de 8.3 grados, el viento sopla de levante, los cielos est\u00e1n nubosos y la humedad ronda el 70%. Ayer se cumplieron las previsiones y el levante fue protagonista. Os paso un v\u00eddeo que [&hellip;]<\/p>\n","protected":false},"author":16,"featured_media":39513,"comment_status":"open","ping_status":"open","sticky":false,"template":"","format":"standard","meta":[],"categories":[2],"tags":[100,1871,358,569,587,800,909],"_links":{"self":[{"href":"https:\/\/blogs.diariosur.es\/tormentas-y-rayos\/wp-json\/wp\/v2\/posts\/39503"}],"collection":[{"href":"https:\/\/blogs.diariosur.es\/tormentas-y-rayos\/wp-json\/wp\/v2\/posts"}],"about":[{"href":"https:\/\/blogs.diariosur.es\/tormentas-y-rayos\/wp-json\/wp\/v2\/types\/post"}],"author":[{"embeddable":true,"href":"https:\/\/blogs.diariosur.es\/tormentas-y-rayos\/wp-json\/wp\/v2\/users\/16"}],"replies":[{"embeddable":true,"href":"https:\/\/blogs.diariosur.es\/tormentas-y-rayos\/wp-json\/wp\/v2\/comments?post=39503"}],"version-history":[{"count":6,"href":"https:\/\/blogs.diariosur.es\/tormentas-y-rayos\/wp-json\/wp\/v2\/posts\/39503\/revisions"}],"predecessor-version":[{"id":48270,"href":"https:\/\/blogs.diariosur.es\/tormentas-y-rayos\/wp-json\/wp\/v2\/posts\/39503\/revisions\/48270"}],"wp:featuredmedia":[{"embeddable":true,"href":"https:\/\/blogs.diariosur.es\/tormentas-y-rayos\/wp-json\/wp\/v2\/media\/39513"}],"wp:attachment":[{"href":"https:\/\/blogs.diariosur.es\/tormentas-y-rayos\/wp-json\/wp\/v2\/media?parent=39503"}],"wp:term":[{"taxonomy":"category","embeddable":true,"href":"https:\/\/blogs.diariosur.es\/tormentas-y-rayos\/wp-json\/wp\/v2\/categories?post=39503"},{"taxonomy":"post_tag","embeddable":true,"href":"https:\/\/blogs.diariosur.es\/tormentas-y-rayos\/wp-json\/wp\/v2\/tags?post=39503"}],"curies":[{"name":"wp","href":"https:\/\/api.w.org\/{rel}","templated":true}]}}