{"id":39517,"date":"2024-01-15T09:42:23","date_gmt":"2024-01-15T08:42:23","guid":{"rendered":"https:\/\/blogs.diariosur.es\/tormentas-y-rayos\/?p=39517"},"modified":"2025-12-25T11:31:05","modified_gmt":"2025-12-25T10:31:05","slug":"borrasca-irene-probables-acumulados-de-precipitacion-en-andalucia-hasta-el-jueves","status":"publish","type":"post","link":"https:\/\/blogs.diariosur.es\/tormentas-y-rayos\/2024\/01\/15\/borrasca-irene-probables-acumulados-de-precipitacion-en-andalucia-hasta-el-jueves\/","title":{"rendered":"Borrasca Irene. Probables acumulados de precipitaci\u00f3n en Andaluc\u00eda hasta el jueves."},"content":{"rendered":"<p><a href=\"https:\/\/static-blogs.diariosur.es\/wp-content\/uploads\/sites\/12\/2023\/10\/391553712_10227849747128054_5906882869659171719_n.jpg\"><img loading=\"lazy\" class=\"aligncenter size-thumbnail wp-image-38725\" src=\"https:\/\/static-blogs.diariosur.es\/wp-content\/uploads\/sites\/12\/2023\/10\/391553712_10227849747128054_5906882869659171719_n-150x150.jpg\" alt=\"\" width=\"150\" height=\"150\" \/><\/a><\/p>\n<p data-pm-slice=\"1 1 []\">Buenos d\u00edas, amigos de la meteo. Esperemos que la borrasca Irene traiga consigo lluvias a nuestra comunidad. Aunque no solucionen la sequ\u00eda, toda agua que caiga ser\u00e1 buena.<\/p>\n<p>Os paso el mapa de superficie de la AEMET previsto para ma\u00f1ana para que conozc\u00e1is a Irene.<\/p>\n<p>&nbsp;<\/p>\n<p><a href=\"https:\/\/static-blogs.diariosur.es\/wp-content\/uploads\/sites\/12\/2024\/01\/2024011412048_ww_g1x0a2d2-e1705307236309.gif\"><img loading=\"lazy\" class=\"aligncenter size-full wp-image-39519\" src=\"https:\/\/static-blogs.diariosur.es\/wp-content\/uploads\/sites\/12\/2024\/01\/2024011412048_ww_g1x0a2d2-e1705307237111.gif\" alt=\"\" width=\"800\" height=\"560\" \/><\/a><\/p>\n<p>&nbsp;<\/p>\n<p data-pm-slice=\"1 1 []\">Antes de poneros los acumulados previstos desde ma\u00f1ana martes y hasta el jueves, os comento que a\u00fan hay incertidumbre con los acumulados de algunos modelos de la provincia malague\u00f1a; en cambio, para las provincias de Huelva, C\u00e1diz, Sevilla y C\u00f3rdoba, no tanto.<\/p>\n<p>Os paso el modelo europeo; es el que m\u00e1s acumulado\u00a0da en la provincia de M\u00e1laga.<\/p>\n<p>&nbsp;<\/p>\n<p><a href=\"https:\/\/static-blogs.diariosur.es\/wp-content\/uploads\/sites\/12\/2024\/01\/malaga.jpg\"><img loading=\"lazy\" class=\"aligncenter size-full wp-image-39520\" src=\"https:\/\/static-blogs.diariosur.es\/wp-content\/uploads\/sites\/12\/2024\/01\/malaga.jpg\" alt=\"\" width=\"758\" height=\"758\" srcset=\"https:\/\/static-blogs.diariosur.es\/wp-content\/uploads\/sites\/12\/2024\/01\/malaga.jpg 758w, https:\/\/static-blogs.diariosur.es\/wp-content\/uploads\/sites\/12\/2024\/01\/malaga-150x150.jpg 150w, https:\/\/static-blogs.diariosur.es\/wp-content\/uploads\/sites\/12\/2024\/01\/malaga-400x400.jpg 400w\" sizes=\"(max-width: 758px) 100vw, 758px\" \/><\/a><\/p>\n<p>&nbsp;<\/p>\n<p><a href=\"https:\/\/static-blogs.diariosur.es\/wp-content\/uploads\/sites\/12\/2024\/01\/anadaluc\u00eda.jpg\"><img loading=\"lazy\" class=\"aligncenter size-full wp-image-39521\" src=\"https:\/\/static-blogs.diariosur.es\/wp-content\/uploads\/sites\/12\/2024\/01\/anadaluc\u00eda.jpg\" alt=\"\" width=\"769\" height=\"765\" srcset=\"https:\/\/static-blogs.diariosur.es\/wp-content\/uploads\/sites\/12\/2024\/01\/anadaluc\u00eda.jpg 769w, https:\/\/static-blogs.diariosur.es\/wp-content\/uploads\/sites\/12\/2024\/01\/anadaluc\u00eda-150x150.jpg 150w, https:\/\/static-blogs.diariosur.es\/wp-content\/uploads\/sites\/12\/2024\/01\/anadaluc\u00eda-402x400.jpg 402w, https:\/\/static-blogs.diariosur.es\/wp-content\/uploads\/sites\/12\/2024\/01\/anadaluc\u00eda-768x764.jpg 768w\" sizes=\"(max-width: 769px) 100vw, 769px\" \/><\/a><\/p>\n<p>&nbsp;<\/p>\n<p>Hay probabilidad de que el viernes sigan las precipitaciones, pero esto lo veremos mejor ma\u00f1ana con los modelos actualizados.<\/p>\n<p>&nbsp;<\/p>\n","protected":false},"excerpt":{"rendered":"<p>Buenos d\u00edas, amigos de la meteo. Esperemos que la borrasca Irene traiga consigo lluvias a nuestra comunidad. Aunque no solucionen la sequ\u00eda, toda agua que caiga ser\u00e1 buena. Os paso el mapa de superficie de la AEMET previsto para ma\u00f1ana para que conozc\u00e1is a Irene. &nbsp; &nbsp; Antes de poneros los acumulados previstos desde ma\u00f1ana [&hellip;]<\/p>\n","protected":false},"author":16,"featured_media":39522,"comment_status":"open","ping_status":"open","sticky":false,"template":"","format":"standard","meta":[],"categories":[2],"tags":[45,100,188,358,1217,569,587,800,909],"_links":{"self":[{"href":"https:\/\/blogs.diariosur.es\/tormentas-y-rayos\/wp-json\/wp\/v2\/posts\/39517"}],"collection":[{"href":"https:\/\/blogs.diariosur.es\/tormentas-y-rayos\/wp-json\/wp\/v2\/posts"}],"about":[{"href":"https:\/\/blogs.diariosur.es\/tormentas-y-rayos\/wp-json\/wp\/v2\/types\/post"}],"author":[{"embeddable":true,"href":"https:\/\/blogs.diariosur.es\/tormentas-y-rayos\/wp-json\/wp\/v2\/users\/16"}],"replies":[{"embeddable":true,"href":"https:\/\/blogs.diariosur.es\/tormentas-y-rayos\/wp-json\/wp\/v2\/comments?post=39517"}],"version-history":[{"count":3,"href":"https:\/\/blogs.diariosur.es\/tormentas-y-rayos\/wp-json\/wp\/v2\/posts\/39517\/revisions"}],"predecessor-version":[{"id":48272,"href":"https:\/\/blogs.diariosur.es\/tormentas-y-rayos\/wp-json\/wp\/v2\/posts\/39517\/revisions\/48272"}],"wp:featuredmedia":[{"embeddable":true,"href":"https:\/\/blogs.diariosur.es\/tormentas-y-rayos\/wp-json\/wp\/v2\/media\/39522"}],"wp:attachment":[{"href":"https:\/\/blogs.diariosur.es\/tormentas-y-rayos\/wp-json\/wp\/v2\/media?parent=39517"}],"wp:term":[{"taxonomy":"category","embeddable":true,"href":"https:\/\/blogs.diariosur.es\/tormentas-y-rayos\/wp-json\/wp\/v2\/categories?post=39517"},{"taxonomy":"post_tag","embeddable":true,"href":"https:\/\/blogs.diariosur.es\/tormentas-y-rayos\/wp-json\/wp\/v2\/tags?post=39517"}],"curies":[{"name":"wp","href":"https:\/\/api.w.org\/{rel}","templated":true}]}}