{"id":39534,"date":"2024-01-18T08:26:48","date_gmt":"2024-01-18T07:26:48","guid":{"rendered":"https:\/\/blogs.diariosur.es\/tormentas-y-rayos\/?p=39534"},"modified":"2025-12-25T11:36:33","modified_gmt":"2025-12-25T10:36:33","slug":"el-tiempo-fin-de-semana-que-zonas-de-la-provincia-de-malaga-llovera-mas-el-viernes","status":"publish","type":"post","link":"https:\/\/blogs.diariosur.es\/tormentas-y-rayos\/2024\/01\/18\/el-tiempo-fin-de-semana-que-zonas-de-la-provincia-de-malaga-llovera-mas-el-viernes\/","title":{"rendered":"El tiempo fin de semana. \u00bfQu\u00e9 zonas de la provincia de M\u00e1laga llover\u00e1 mas el viernes?"},"content":{"rendered":"<p><a href=\"https:\/\/static-blogs.diariosur.es\/wp-content\/uploads\/sites\/12\/2023\/10\/243418660_10223324765526342_8448445083528661051_n.jpg\"><img loading=\"lazy\" class=\"aligncenter size-thumbnail wp-image-38644\" src=\"https:\/\/static-blogs.diariosur.es\/wp-content\/uploads\/sites\/12\/2023\/10\/243418660_10223324765526342_8448445083528661051_n-150x150.jpg\" alt=\"\" width=\"150\" height=\"150\" \/><\/a><\/p>\n<p data-pm-slice=\"1 1 []\">Reedito, se activa el aviso amarillo por acumulados de 15 mm en la Axarqu\u00eda para ma\u00f1ana.<\/p>\n<p>Buenos d\u00edas, amigos del tiempo. Cuando son las ocho menos cuarto de la ma\u00f1ana en M\u00e1laga capital, mi estaci\u00f3n registra 11.7 grados, los cielos est\u00e1n algo nubosos y el viento sopla flojo de direcci\u00f3n variable. Hay probabilidad de algunos chubascos d\u00e9biles y espor\u00e1dicos, poca cosa.<\/p>\n<p>Ayer, en la zona donde m\u00e1s acumulaciones de precipitaci\u00f3n se dieron, fue en el interior occidental de la provincia; tuvieron acumuladas entre 15 y 23 litros. Destacar que registramos una m\u00e1xima de 21,9 grados en la capital y un impresionante trueno que hizo sonar las alarmas de los coches y despert\u00f3 a muchos malague\u00f1os que segu\u00edan durmiendo.<\/p>\n<p>Os paso el rayo que cac\u00e9 ayer sobre las 7:30 de la ma\u00f1ana; el otro que dej\u00f3 el estruendo me pill\u00f3 detr\u00e1s de mi posici\u00f3n.<\/p>\n<p>&nbsp;<\/p>\n<p>&nbsp;<\/p>\n<p><a href=\"https:\/\/static-blogs.diariosur.es\/wp-content\/uploads\/sites\/12\/2024\/01\/RELAMPAGO-17-DE-ENERO-e1705559289161.jpg\"><img loading=\"lazy\" class=\"aligncenter size-full wp-image-39543\" src=\"https:\/\/static-blogs.diariosur.es\/wp-content\/uploads\/sites\/12\/2024\/01\/RELAMPAGO-17-DE-ENERO-e1705559289161.jpg\" alt=\"\" width=\"1200\" height=\"640\" \/><\/a><\/p>\n<p>&nbsp;<\/p>\n<p>Tambi\u00e9n tuvimos un bonito arco\u00edris que fotografi\u00f3 mi mujer Genoveva desde casa.<\/p>\n<p>&nbsp;<\/p>\n<p><a href=\"https:\/\/static-blogs.diariosur.es\/wp-content\/uploads\/sites\/12\/2024\/01\/420553144_10228264334212472_585595173820571237_n-e1705563048686.jpg\"><img loading=\"lazy\" class=\"aligncenter size-full wp-image-39555\" src=\"https:\/\/static-blogs.diariosur.es\/wp-content\/uploads\/sites\/12\/2024\/01\/420553144_10228264334212472_585595173820571237_n-e1705563048686.jpg\" alt=\"\" width=\"1200\" height=\"696\" \/><\/a><\/p>\n<h3><\/h3>\n<h3><span style=\"color: #0000ff;\"><strong><span style=\"vertical-align: inherit;\"><span style=\"vertical-align: inherit;\">\u00bfQu\u00e9 zonas de la provincia de M\u00e1laga llover\u00e1n m\u00e1s el viernes?<\/span><\/span><\/strong><\/span><\/h3>\n<p style=\"text-align: left;\"><span style=\"vertical-align: inherit;\"><span style=\"vertical-align: inherit;\">Ma\u00f1ana viernes se acercar\u00e1 una borrasca al suroeste de Portugal, la pod\u00e9is ver en estos dos mapas de superficie de la aemet en distintas horas.<\/span><\/span><\/p>\n<p><a href=\"https:\/\/static-blogs.diariosur.es\/wp-content\/uploads\/sites\/12\/2024\/01\/1-e1705559483639.gif\"><img loading=\"lazy\" class=\"aligncenter size-full wp-image-39545\" src=\"https:\/\/static-blogs.diariosur.es\/wp-content\/uploads\/sites\/12\/2024\/01\/1-e1705559483639.gif\" alt=\"\" width=\"1200\" height=\"840\" \/><\/a><\/p>\n<p>&nbsp;<\/p>\n<p><a href=\"https:\/\/static-blogs.diariosur.es\/wp-content\/uploads\/sites\/12\/2024\/01\/2-e1705559515907.gif\"><img loading=\"lazy\" class=\"aligncenter size-full wp-image-39546\" src=\"https:\/\/static-blogs.diariosur.es\/wp-content\/uploads\/sites\/12\/2024\/01\/2-e1705559515907.gif\" alt=\"\" width=\"1200\" height=\"840\" \/><\/a><\/p>\n<p>&nbsp;<\/p>\n<p data-pm-slice=\"1 1 []\">Desde esa posici\u00f3n y trayectoria, habr\u00e1 zonas de la provincia malague\u00f1a donde el frente deje m\u00e1s acumulados y en otras menos; hay probabilidad de fen\u00f3menos tormentosos. La cota de nieve rondar\u00e1 los 1700 metros.<\/p>\n<p>Os paso los acumulados del modelo europeo y americano; si os fij\u00e1is, hay bastante diferencia. Esperamos se cumpla el europeo.<\/p>\n<p>&nbsp;<\/p>\n<p><a href=\"https:\/\/static-blogs.diariosur.es\/wp-content\/uploads\/sites\/12\/2024\/01\/eu.jpg\"><img loading=\"lazy\" class=\"aligncenter size-full wp-image-39547\" src=\"https:\/\/static-blogs.diariosur.es\/wp-content\/uploads\/sites\/12\/2024\/01\/eu.jpg\" alt=\"\" width=\"757\" height=\"761\" srcset=\"https:\/\/static-blogs.diariosur.es\/wp-content\/uploads\/sites\/12\/2024\/01\/eu.jpg 757w, https:\/\/static-blogs.diariosur.es\/wp-content\/uploads\/sites\/12\/2024\/01\/eu-150x150.jpg 150w, https:\/\/static-blogs.diariosur.es\/wp-content\/uploads\/sites\/12\/2024\/01\/eu-398x400.jpg 398w\" sizes=\"(max-width: 757px) 100vw, 757px\" \/><\/a><\/p>\n<p>&nbsp;<\/p>\n<p><a href=\"https:\/\/static-blogs.diariosur.es\/wp-content\/uploads\/sites\/12\/2024\/01\/americano.jpg\"><img loading=\"lazy\" class=\"aligncenter size-full wp-image-39548\" src=\"https:\/\/static-blogs.diariosur.es\/wp-content\/uploads\/sites\/12\/2024\/01\/americano.jpg\" alt=\"\" width=\"758\" height=\"765\" srcset=\"https:\/\/static-blogs.diariosur.es\/wp-content\/uploads\/sites\/12\/2024\/01\/americano.jpg 758w, https:\/\/static-blogs.diariosur.es\/wp-content\/uploads\/sites\/12\/2024\/01\/americano-150x150.jpg 150w, https:\/\/static-blogs.diariosur.es\/wp-content\/uploads\/sites\/12\/2024\/01\/americano-396x400.jpg 396w\" sizes=\"(max-width: 758px) 100vw, 758px\" \/><\/a><\/p>\n<p>&nbsp;<\/p>\n<p style=\"text-align: left;\"><strong><span style=\"vertical-align: inherit;\"><span style=\"vertical-align: inherit;\">El s\u00e1bado os pondr\u00e9 los acumulados totales de la provincia desde que comenz\u00f3 enero.<\/span><\/span><\/strong><\/p>\n<h3 style=\"text-align: left;\"><span style=\"color: #ff0000;\"><strong><span style=\"vertical-align: inherit;\"><span style=\"vertical-align: inherit;\">\u00bfQu\u00e9 tiempo har\u00e1 el fin de semana?<\/span><\/span><\/strong><\/span><\/h3>\n<p style=\"text-align: left;\"><strong><span style=\"vertical-align: inherit;\"><span style=\"vertical-align: inherit;\">Pron\u00f3stico s\u00e1bado 20.<\/span><\/span><\/strong><\/p>\n<p>&nbsp;<\/p>\n<p data-pm-slice=\"1 1 []\">A partir del mediod\u00eda el viento rolar\u00e1 a levante; a \u00faltima hora de la noche se esperan rachas de moderadas a fuertes. La probabilidad de precipitaciones es baja a partir de las primeras horas de la ma\u00f1ana; cuando entre el levante, la probabilidad ser\u00e1 m\u00e1s alta.\u00a0 Destacar la bajada de temperaturas m\u00e1ximas.<\/p>\n<p>Os pongo las temperaturas m\u00e1ximas y m\u00ednimas que prev\u00e9 la AEMET.<\/p>\n<p>&nbsp;<\/p>\n<p>&nbsp;<\/p>\n<p><a href=\"https:\/\/static-blogs.diariosur.es\/wp-content\/uploads\/sites\/12\/2024\/01\/sabado-1.jpg\"><img loading=\"lazy\" class=\"aligncenter size-full wp-image-39549\" src=\"https:\/\/static-blogs.diariosur.es\/wp-content\/uploads\/sites\/12\/2024\/01\/sabado-1.jpg\" alt=\"\" width=\"694\" height=\"556\" srcset=\"https:\/\/static-blogs.diariosur.es\/wp-content\/uploads\/sites\/12\/2024\/01\/sabado-1.jpg 694w, https:\/\/static-blogs.diariosur.es\/wp-content\/uploads\/sites\/12\/2024\/01\/sabado-1-499x400.jpg 499w\" sizes=\"(max-width: 694px) 100vw, 694px\" \/><\/a><\/p>\n<p>&nbsp;<\/p>\n<p style=\"text-align: left;\"><strong><span style=\"vertical-align: inherit;\"><span style=\"vertical-align: inherit;\">Pron\u00f3stico domingo 21.<\/span><\/span><\/strong><\/p>\n<p>&nbsp;<\/p>\n<p data-pm-slice=\"1 1 []\">Seguiremos con rachas de moderadas a fuertes de levante en la costa malague\u00f1a y comarcas de Ronda y Antequera. Hay probabilidad de que caigan algunas gotas en la costa occidental y Valle del Guadalhorce, poca cosa. Os paso las temperaturas m\u00e1ximas y m\u00ednimas que prev\u00e9 la AEMET.<\/p>\n<p>&nbsp;<\/p>\n<p>&nbsp;<\/p>\n<p><a href=\"https:\/\/static-blogs.diariosur.es\/wp-content\/uploads\/sites\/12\/2024\/01\/domingo-1.jpg\"><img loading=\"lazy\" class=\"aligncenter size-full wp-image-39550\" src=\"https:\/\/static-blogs.diariosur.es\/wp-content\/uploads\/sites\/12\/2024\/01\/domingo-1.jpg\" alt=\"\" width=\"703\" height=\"549\" srcset=\"https:\/\/static-blogs.diariosur.es\/wp-content\/uploads\/sites\/12\/2024\/01\/domingo-1.jpg 703w, https:\/\/static-blogs.diariosur.es\/wp-content\/uploads\/sites\/12\/2024\/01\/domingo-1-512x400.jpg 512w\" sizes=\"(max-width: 703px) 100vw, 703px\" \/><\/a><\/p>\n<p>&nbsp;<\/p>\n<p>&nbsp;<\/p>\n<p data-pm-slice=\"1 1 []\">A partir del lunes, otro potente anticicl\u00f3n tomar\u00e1 protagonismo en la pen\u00ednsula; hay una probabilidad alta de que est\u00e9 con nosotros toda la semana.<\/p>\n<p>Dar las gracias a mi amigo Antonio por servir de modelo.<\/p>\n<p>&nbsp;<\/p>\n<p>&nbsp;<\/p>\n<p><a href=\"https:\/\/static-blogs.diariosur.es\/wp-content\/uploads\/sites\/12\/2024\/01\/419926003_10228261761668160_5040430771555903331_n.jpg\"><img loading=\"lazy\" class=\"aligncenter size-full wp-image-39544\" src=\"https:\/\/static-blogs.diariosur.es\/wp-content\/uploads\/sites\/12\/2024\/01\/419926003_10228261761668160_5040430771555903331_n-e1705559333490.jpg\" alt=\"\" width=\"1200\" height=\"900\" \/><\/a><\/p>\n","protected":false},"excerpt":{"rendered":"<p>Reedito, se activa el aviso amarillo por acumulados de 15 mm en la Axarqu\u00eda para ma\u00f1ana. Buenos d\u00edas, amigos del tiempo. Cuando son las ocho menos cuarto de la ma\u00f1ana en M\u00e1laga capital, mi estaci\u00f3n registra 11.7 grados, los cielos est\u00e1n algo nubosos y el viento sopla flojo de direcci\u00f3n variable. Hay probabilidad de algunos [&hellip;]<\/p>\n","protected":false},"author":16,"featured_media":39544,"comment_status":"open","ping_status":"open","sticky":false,"template":"","format":"standard","meta":[],"categories":[2],"tags":[100,358,412,569,587,800,909,1059],"_links":{"self":[{"href":"https:\/\/blogs.diariosur.es\/tormentas-y-rayos\/wp-json\/wp\/v2\/posts\/39534"}],"collection":[{"href":"https:\/\/blogs.diariosur.es\/tormentas-y-rayos\/wp-json\/wp\/v2\/posts"}],"about":[{"href":"https:\/\/blogs.diariosur.es\/tormentas-y-rayos\/wp-json\/wp\/v2\/types\/post"}],"author":[{"embeddable":true,"href":"https:\/\/blogs.diariosur.es\/tormentas-y-rayos\/wp-json\/wp\/v2\/users\/16"}],"replies":[{"embeddable":true,"href":"https:\/\/blogs.diariosur.es\/tormentas-y-rayos\/wp-json\/wp\/v2\/comments?post=39534"}],"version-history":[{"count":18,"href":"https:\/\/blogs.diariosur.es\/tormentas-y-rayos\/wp-json\/wp\/v2\/posts\/39534\/revisions"}],"predecessor-version":[{"id":48274,"href":"https:\/\/blogs.diariosur.es\/tormentas-y-rayos\/wp-json\/wp\/v2\/posts\/39534\/revisions\/48274"}],"wp:featuredmedia":[{"embeddable":true,"href":"https:\/\/blogs.diariosur.es\/tormentas-y-rayos\/wp-json\/wp\/v2\/media\/39544"}],"wp:attachment":[{"href":"https:\/\/blogs.diariosur.es\/tormentas-y-rayos\/wp-json\/wp\/v2\/media?parent=39534"}],"wp:term":[{"taxonomy":"category","embeddable":true,"href":"https:\/\/blogs.diariosur.es\/tormentas-y-rayos\/wp-json\/wp\/v2\/categories?post=39534"},{"taxonomy":"post_tag","embeddable":true,"href":"https:\/\/blogs.diariosur.es\/tormentas-y-rayos\/wp-json\/wp\/v2\/tags?post=39534"}],"curies":[{"name":"wp","href":"https:\/\/api.w.org\/{rel}","templated":true}]}}