{"id":39558,"date":"2024-01-20T07:41:21","date_gmt":"2024-01-20T06:41:21","guid":{"rendered":"https:\/\/blogs.diariosur.es\/tormentas-y-rayos\/?p=39558"},"modified":"2025-12-25T11:38:23","modified_gmt":"2025-12-25T10:38:23","slug":"acumulados-de-precipitacion-del-mes-de-enero-en-la-provincia-de-malaga-cambio-brusco-de-terral-a-levante-con-rachas-fuertes","status":"publish","type":"post","link":"https:\/\/blogs.diariosur.es\/tormentas-y-rayos\/2024\/01\/20\/acumulados-de-precipitacion-del-mes-de-enero-en-la-provincia-de-malaga-cambio-brusco-de-terral-a-levante-con-rachas-fuertes\/","title":{"rendered":"Acumulados de precipitaci\u00f3n del mes de enero en la provincia de M\u00e1laga. Cambio brusco de terral a levante con rachas fuertes."},"content":{"rendered":"<p><a href=\"https:\/\/static-blogs.diariosur.es\/wp-content\/uploads\/sites\/12\/2023\/10\/243418660_10223324765526342_8448445083528661051_n.jpg\"><img loading=\"lazy\" class=\"aligncenter size-thumbnail wp-image-38644\" src=\"https:\/\/static-blogs.diariosur.es\/wp-content\/uploads\/sites\/12\/2023\/10\/243418660_10223324765526342_8448445083528661051_n-150x150.jpg\" alt=\"\" width=\"150\" height=\"150\" \/><\/a><\/p>\n<p data-pm-slice=\"1 1 []\">Buenos d\u00edas, amigos de la meteo. Hoy s\u00e1bado, a partir del mediod\u00eda tendremos un brusco cambio de viento; el terral de invierno dar\u00e1 paso al levante con rachas fuertes. Este cambio de viento traer\u00e1 consigo nubosidad de tipo bajo y de retenci\u00f3n; hay probabilidad de que caigan algunas gotas en la costa occidental y Valle del Guadalhorce. Tambi\u00e9n bajar\u00e1n las temperaturas m\u00e1ximas en toda la provincia malague\u00f1a.<\/p>\n<p>Os paso los acumulados de precipitaci\u00f3n que llevamos desde el 1 de enero en la provincia de M\u00e1laga. Todos los pueblos me es imposible ponerlos. En azul est\u00e1n los acumulados mayores, que, como se esperaba, han sido en la zona m\u00e1s occidental de la provincia, aunque ayer fall\u00f3 la Axarqu\u00eda.<\/p>\n<h3><strong>Fuentes: Red Hidrosur, Meteoclimatic, Acamet y Aemet.<\/strong><\/h3>\n<p><strong>Los Reales: 95,9 mm<\/strong><\/p>\n<p><strong>Majada de las Lomas 92 mm<\/strong><\/p>\n<p><strong>R\u00edo Genal Jubrique 86,7 mm<\/strong><\/p>\n<p><strong>Pujerra 82 mm<\/strong><\/p>\n<p><strong>Alpandeire 72,8 mm<\/strong><\/p>\n<p><strong>Benahav\u00eds 61 mm<\/strong><\/p>\n<p><strong>R\u00edo Guadiaro 84 mm<\/strong><\/p>\n<p><strong>Rio Grande Majaceite 84 mm<\/strong><\/p>\n<p><strong>El Colmenar las Buitreras 85 mm<\/strong><\/p>\n<p><strong>Estepona 76,4 mm<\/strong><\/p>\n<p><strong>Gauc\u00edn\u00a099,8 mm<\/strong><\/p>\n<p><strong>Cortes de la Frontera 85,4 mm<\/strong><\/p>\n<p><strong>Oreganal (Cartajima) 116 mm<\/strong><\/p>\n<p><strong>Libar (Montejaque) 84 mm<\/strong><\/p>\n<p><strong>Palmitera (Benahav\u00eds)\u00a082 mm<\/strong><\/p>\n<p><strong>Las Navas (Parauta, Sierra de las Nieves) 70.4 mm<\/strong><\/p>\n<p><strong>Pilones (Tolox Sierra de las Nieves)<\/strong><br \/>\n<strong>103 mm<\/strong><\/p>\n<p><strong>Valientes (Tolox Sierra de las Nieves) 109 mm<\/strong><\/p>\n<p><strong>At\u00e1jate (Genal) 110 mm<\/strong><\/p>\n<p>Embalse Casasola 34.5 mm<\/p>\n<p>Embalse de la Concepci\u00f3n 67 mm<\/p>\n<p>Embalse del Limonero: 25,3 mm<\/p>\n<p>Embalse Guadalteba 23,9 mm<\/p>\n<p>Embalse de La Vi\u00f1uela 34.8 m<\/p>\n<p>Sierra Mijas 48,2 mm<\/p>\n<p>Cuevas del Becerro 43 mm<\/p>\n<p>Ojen 49,1 mm<\/p>\n<p>El Torcal 47,4 mm<\/p>\n<p>Depuradora del Atabal\u00a021 mm<\/p>\n<p>Depuradora de Marbella 67,4 mm<\/p>\n<p>Santo Pitar 38,5 mm<\/p>\n<p>Ca\u00f1ete La Real 47 mm<\/p>\n<p>Ronda 44 mm<\/p>\n<p>Laguna de Fuente Piedra 35 mm<\/p>\n<p>Coin 43 mm<\/p>\n<p>Alcauc\u00edn 46,5 mm<\/p>\n<p>Rio Guadalhorce C\u00e1rtama 25 mm<\/p>\n<p>Villanueva de la Concepci\u00f3n 59 mm<\/p>\n<p>Casarabonela 46 mm<\/p>\n<p>Colmenar 45 mm<\/p>\n<p>Alfarnatejo 79 mm<\/p>\n<p>Rio Benamargosa 36 mm<\/p>\n<p>Torrox 19,1 mm<\/p>\n<p>Torre del Mar 14 mm<\/p>\n<p>Rio Guadalhorce Aljaima 23,9 mm<\/p>\n<p>Fahala 25 mm<\/p>\n<p>Rio Guadalhorce Bobadilla 37 mm<\/p>\n<p>Rio Tur\u00f3n Ardales 30 mm<\/p>\n<p>R\u00edo Guadalteba 26 mm<\/p>\n<p>Rio Guadalhorce Archidona 44,4 mm<\/p>\n<p>Alameda 48 mm<\/p>\n<p>Algatocin 98 mm<\/p>\n<p>Alhaur\u00edn de la Torre\u00a022 mm<\/p>\n<p>Alhaur\u00edn el Grande 36,8 mm<\/p>\n<p>Archidona Huertas del R\u00edo\u00a057 mm<\/p>\n<p>Archidona Puerta de la Hoya 53 mm<\/p>\n<p>Arroyo de la Miel 36 mm<\/p>\n<p>Avda. Jose Ortega y Gasset M\u00e1laga 22,8 mm<\/p>\n<p>Benalm\u00e1dena Arroyo de la Miel\u00a039 mm<\/p>\n<p>\u00c1lora 39 mm<\/p>\n<p>Algarrobo 23,3 mm<\/p>\n<p>C\u00e1rtama Sierra Llana 25 mm<\/p>\n<p>Frigiliana 29,1 mm<\/p>\n<p>Ist\u00e1n 79 mm<\/p>\n<p>La Cala del Moral 25 mm<\/p>\n<p>Las Lagunas Mijas Costa 50 mm<\/p>\n<p>Mijas Pueblo 52 mm<\/p>\n<p>Nerja Las Palmeras 33,6 mm<\/p>\n<p>Rinc\u00f3n de la Victoria 25,9 mm<\/p>\n<p>Tolox 57 mm<\/p>\n<p>Torremolinos 27,7<\/p>\n<p>Valle de Abdalaj\u00eds 42,4 mm<\/p>\n<p>V\u00e9lez M\u00e1laga 26,8<\/p>\n<p>M\u00e1laga Aeropuerto 22,4 mm<\/p>\n<p>Casabermeja\u00a047 mm<\/p>\n<p>Almachar 29 mm<\/p>\n<p>Fuengirola 48,4 mm<\/p>\n<p>Manilva 47 mm<\/p>\n<p>&nbsp;<\/p>\n<p>Esperemos ver m\u00e1s paraguas antes de que termine enero, aunque lo veo dif\u00edcil. Todo hace indicar que el anticicl\u00f3n tardar\u00e1 en marcharse.<\/p>\n<p>&nbsp;<\/p>\n<p><a href=\"https:\/\/static-blogs.diariosur.es\/wp-content\/uploads\/sites\/12\/2024\/01\/420599105_1174286780355612_8141600461698446288_n.jpg\"><img loading=\"lazy\" class=\"aligncenter size-full wp-image-39565\" src=\"https:\/\/static-blogs.diariosur.es\/wp-content\/uploads\/sites\/12\/2024\/01\/420599105_1174286780355612_8141600461698446288_n.jpg\" alt=\"\" width=\"1200\" height=\"1013\" srcset=\"https:\/\/static-blogs.diariosur.es\/wp-content\/uploads\/sites\/12\/2024\/01\/420599105_1174286780355612_8141600461698446288_n.jpg 1200w, https:\/\/static-blogs.diariosur.es\/wp-content\/uploads\/sites\/12\/2024\/01\/420599105_1174286780355612_8141600461698446288_n-474x400.jpg 474w, https:\/\/static-blogs.diariosur.es\/wp-content\/uploads\/sites\/12\/2024\/01\/420599105_1174286780355612_8141600461698446288_n-768x648.jpg 768w\" sizes=\"(max-width: 1200px) 100vw, 1200px\" \/><\/a><\/p>\n<p>&nbsp;<\/p>\n","protected":false},"excerpt":{"rendered":"<p>Buenos d\u00edas, amigos de la meteo. Hoy s\u00e1bado, a partir del mediod\u00eda tendremos un brusco cambio de viento; el terral de invierno dar\u00e1 paso al levante con rachas fuertes. Este cambio de viento traer\u00e1 consigo nubosidad de tipo bajo y de retenci\u00f3n; hay probabilidad de que caigan algunas gotas en la costa occidental y Valle [&hellip;]<\/p>\n","protected":false},"author":16,"featured_media":39565,"comment_status":"open","ping_status":"open","sticky":false,"template":"","format":"standard","meta":[],"categories":[2],"tags":[45,358,569,587,909],"_links":{"self":[{"href":"https:\/\/blogs.diariosur.es\/tormentas-y-rayos\/wp-json\/wp\/v2\/posts\/39558"}],"collection":[{"href":"https:\/\/blogs.diariosur.es\/tormentas-y-rayos\/wp-json\/wp\/v2\/posts"}],"about":[{"href":"https:\/\/blogs.diariosur.es\/tormentas-y-rayos\/wp-json\/wp\/v2\/types\/post"}],"author":[{"embeddable":true,"href":"https:\/\/blogs.diariosur.es\/tormentas-y-rayos\/wp-json\/wp\/v2\/users\/16"}],"replies":[{"embeddable":true,"href":"https:\/\/blogs.diariosur.es\/tormentas-y-rayos\/wp-json\/wp\/v2\/comments?post=39558"}],"version-history":[{"count":14,"href":"https:\/\/blogs.diariosur.es\/tormentas-y-rayos\/wp-json\/wp\/v2\/posts\/39558\/revisions"}],"predecessor-version":[{"id":48275,"href":"https:\/\/blogs.diariosur.es\/tormentas-y-rayos\/wp-json\/wp\/v2\/posts\/39558\/revisions\/48275"}],"wp:featuredmedia":[{"embeddable":true,"href":"https:\/\/blogs.diariosur.es\/tormentas-y-rayos\/wp-json\/wp\/v2\/media\/39565"}],"wp:attachment":[{"href":"https:\/\/blogs.diariosur.es\/tormentas-y-rayos\/wp-json\/wp\/v2\/media?parent=39558"}],"wp:term":[{"taxonomy":"category","embeddable":true,"href":"https:\/\/blogs.diariosur.es\/tormentas-y-rayos\/wp-json\/wp\/v2\/categories?post=39558"},{"taxonomy":"post_tag","embeddable":true,"href":"https:\/\/blogs.diariosur.es\/tormentas-y-rayos\/wp-json\/wp\/v2\/tags?post=39558"}],"curies":[{"name":"wp","href":"https:\/\/api.w.org\/{rel}","templated":true}]}}