{"id":39591,"date":"2024-01-22T09:15:03","date_gmt":"2024-01-22T08:15:03","guid":{"rendered":"https:\/\/blogs.diariosur.es\/tormentas-y-rayos\/?p=39591"},"modified":"2025-12-25T11:42:41","modified_gmt":"2025-12-25T10:42:41","slug":"anticiclon-calido-probabilidad-alta-de-batirse-valores-extremos-de-temperaturas-maximas-en-la-peninsula","status":"publish","type":"post","link":"https:\/\/blogs.diariosur.es\/tormentas-y-rayos\/2024\/01\/22\/anticiclon-calido-probabilidad-alta-de-batirse-valores-extremos-de-temperaturas-maximas-en-la-peninsula\/","title":{"rendered":"Anticicl\u00f3n c\u00e1lido. Probabilidad alta de batirse valores extremos de temperaturas m\u00e1ximas en la pen\u00ednsula."},"content":{"rendered":"<p><a href=\"https:\/\/static-blogs.diariosur.es\/wp-content\/uploads\/sites\/12\/2023\/10\/243418660_10223324765526342_8448445083528661051_n.jpg\"><img loading=\"lazy\" class=\"aligncenter size-thumbnail wp-image-38644\" src=\"https:\/\/static-blogs.diariosur.es\/wp-content\/uploads\/sites\/12\/2023\/10\/243418660_10223324765526342_8448445083528661051_n-150x150.jpg\" alt=\"\" width=\"150\" height=\"150\" \/><\/a><\/p>\n<p data-pm-slice=\"1 1 []\">Los aficionados a la meteo le llamamos tomate o maldito, pues este se\u00f1or, muy probablemente, est\u00e9 hasta que termine el mes y primeros d\u00edas de febrero. Adem\u00e1s, vendr\u00e1 acompa\u00f1ado por\u00a0temperaturas m\u00e1ximas por encima de la media. Tendremos anomal\u00edas positivas de temperatura a 850 hPa. Ning\u00fan modelo ve precipitaciones en este periodo en Andaluc\u00eda.<\/p>\n<p>Os dejo con el maldito.<\/p>\n<p>&nbsp;<\/p>\n<p><a href=\"https:\/\/static-blogs.diariosur.es\/wp-content\/uploads\/sites\/12\/2024\/01\/Captura-de-pantalla-2024-01-22-090210.jpg\"><img loading=\"lazy\" class=\"aligncenter size-full wp-image-39594\" src=\"https:\/\/static-blogs.diariosur.es\/wp-content\/uploads\/sites\/12\/2024\/01\/Captura-de-pantalla-2024-01-22-090210.jpg\" alt=\"\" width=\"937\" height=\"767\" srcset=\"https:\/\/static-blogs.diariosur.es\/wp-content\/uploads\/sites\/12\/2024\/01\/Captura-de-pantalla-2024-01-22-090210.jpg 937w, https:\/\/static-blogs.diariosur.es\/wp-content\/uploads\/sites\/12\/2024\/01\/Captura-de-pantalla-2024-01-22-090210-489x400.jpg 489w, https:\/\/static-blogs.diariosur.es\/wp-content\/uploads\/sites\/12\/2024\/01\/Captura-de-pantalla-2024-01-22-090210-768x629.jpg 768w\" sizes=\"(max-width: 937px) 100vw, 937px\" \/><\/a><\/p>\n<p>&nbsp;<\/p>\n<p><a href=\"https:\/\/static-blogs.diariosur.es\/wp-content\/uploads\/sites\/12\/2024\/01\/Captura-de-pantalla-2024-01-22-090045.jpg\"><img loading=\"lazy\" class=\"aligncenter size-full wp-image-39595\" src=\"https:\/\/static-blogs.diariosur.es\/wp-content\/uploads\/sites\/12\/2024\/01\/Captura-de-pantalla-2024-01-22-090045.jpg\" alt=\"\" width=\"780\" height=\"782\" srcset=\"https:\/\/static-blogs.diariosur.es\/wp-content\/uploads\/sites\/12\/2024\/01\/Captura-de-pantalla-2024-01-22-090045.jpg 780w, https:\/\/static-blogs.diariosur.es\/wp-content\/uploads\/sites\/12\/2024\/01\/Captura-de-pantalla-2024-01-22-090045-150x150.jpg 150w, https:\/\/static-blogs.diariosur.es\/wp-content\/uploads\/sites\/12\/2024\/01\/Captura-de-pantalla-2024-01-22-090045-399x400.jpg 399w, https:\/\/static-blogs.diariosur.es\/wp-content\/uploads\/sites\/12\/2024\/01\/Captura-de-pantalla-2024-01-22-090045-768x770.jpg 768w\" sizes=\"(max-width: 780px) 100vw, 780px\" \/><\/a><\/p>\n<p>&nbsp;<\/p>\n<p><span style=\"color: #ff0000;\"><strong>Este potente anticicl\u00f3n seguir\u00e1 hasta el 31 de enero y probablemente los primeros d\u00edas del mes de febrero.<\/strong><\/span><\/p>\n","protected":false},"excerpt":{"rendered":"<p>Los aficionados a la meteo le llamamos tomate o maldito, pues este se\u00f1or, muy probablemente, est\u00e9 hasta que termine el mes y primeros d\u00edas de febrero. Adem\u00e1s, vendr\u00e1 acompa\u00f1ado por\u00a0temperaturas m\u00e1ximas por encima de la media. Tendremos anomal\u00edas positivas de temperatura a 850 hPa. Ning\u00fan modelo ve precipitaciones en este periodo en Andaluc\u00eda. Os dejo [&hellip;]<\/p>\n","protected":false},"author":16,"featured_media":39596,"comment_status":"open","ping_status":"open","sticky":false,"template":"","format":"standard","meta":[],"categories":[2],"tags":[100,114,358,375,587,796,909],"_links":{"self":[{"href":"https:\/\/blogs.diariosur.es\/tormentas-y-rayos\/wp-json\/wp\/v2\/posts\/39591"}],"collection":[{"href":"https:\/\/blogs.diariosur.es\/tormentas-y-rayos\/wp-json\/wp\/v2\/posts"}],"about":[{"href":"https:\/\/blogs.diariosur.es\/tormentas-y-rayos\/wp-json\/wp\/v2\/types\/post"}],"author":[{"embeddable":true,"href":"https:\/\/blogs.diariosur.es\/tormentas-y-rayos\/wp-json\/wp\/v2\/users\/16"}],"replies":[{"embeddable":true,"href":"https:\/\/blogs.diariosur.es\/tormentas-y-rayos\/wp-json\/wp\/v2\/comments?post=39591"}],"version-history":[{"count":6,"href":"https:\/\/blogs.diariosur.es\/tormentas-y-rayos\/wp-json\/wp\/v2\/posts\/39591\/revisions"}],"predecessor-version":[{"id":48278,"href":"https:\/\/blogs.diariosur.es\/tormentas-y-rayos\/wp-json\/wp\/v2\/posts\/39591\/revisions\/48278"}],"wp:featuredmedia":[{"embeddable":true,"href":"https:\/\/blogs.diariosur.es\/tormentas-y-rayos\/wp-json\/wp\/v2\/media\/39596"}],"wp:attachment":[{"href":"https:\/\/blogs.diariosur.es\/tormentas-y-rayos\/wp-json\/wp\/v2\/media?parent=39591"}],"wp:term":[{"taxonomy":"category","embeddable":true,"href":"https:\/\/blogs.diariosur.es\/tormentas-y-rayos\/wp-json\/wp\/v2\/categories?post=39591"},{"taxonomy":"post_tag","embeddable":true,"href":"https:\/\/blogs.diariosur.es\/tormentas-y-rayos\/wp-json\/wp\/v2\/tags?post=39591"}],"curies":[{"name":"wp","href":"https:\/\/api.w.org\/{rel}","templated":true}]}}