{"id":39603,"date":"2024-01-24T08:25:48","date_gmt":"2024-01-24T07:25:48","guid":{"rendered":"https:\/\/blogs.diariosur.es\/tormentas-y-rayos\/?p=39603"},"modified":"2025-12-25T11:44:46","modified_gmt":"2025-12-25T10:44:46","slug":"asi-ha-llovido-en-malaga-en-la-misma-semana-que-toca-este-ano-la-semana-santa","status":"publish","type":"post","link":"https:\/\/blogs.diariosur.es\/tormentas-y-rayos\/2024\/01\/24\/asi-ha-llovido-en-malaga-en-la-misma-semana-que-toca-este-ano-la-semana-santa\/","title":{"rendered":"As\u00ed ha llovido en M\u00e1laga en la misma semana que toca este a\u00f1o la Semana Santa."},"content":{"rendered":"<p><a href=\"https:\/\/static-blogs.diariosur.es\/wp-content\/uploads\/sites\/12\/2023\/10\/391553712_10227849747128054_5906882869659171719_n.jpg\"><img loading=\"lazy\" class=\"aligncenter size-thumbnail wp-image-38725\" src=\"https:\/\/static-blogs.diariosur.es\/wp-content\/uploads\/sites\/12\/2023\/10\/391553712_10227849747128054_5906882869659171719_n-150x150.jpg\" alt=\"\" width=\"150\" height=\"150\" \/><\/a><\/p>\n<p data-pm-slice=\"1 1 []\">Buenos d\u00edas, amigos de la meteo. Os pongo a continuaci\u00f3n qu\u00e9 d\u00edas ha llovido la \u00faltima semana de marzo, desde el a\u00f1o 1973 al 2023. Como todos sab\u00e9is, este a\u00f1o comienza el 24 y termina el 31. De estos<strong> cincuenta a\u00f1os<\/strong>, la Semana Santa ha ca\u00eddo en doce ocasiones entera, contando este a\u00f1o tambi\u00e9n; la mayor\u00eda ha comenzado el 23 y 24. He preferido poner todos los a\u00f1os, aunque no haya ca\u00eddo la Semana Santa en esa fecha. Al final del post os pongo las fechas en que s\u00ed ha ca\u00eddo.<\/p>\n<p>Os paso los datos. Os recuerdo que mm significa litros por metro cuadrado.<\/p>\n<p>Fuente Aemet, Aeropuerto de M\u00e1laga.<\/p>\n<h3>A\u00f1o 1973<\/h3>\n<p>D\u00eda 24, cayeron 1,2 mm.<\/p>\n<p>D\u00eda 28, cayeron 1,3 mm.<\/p>\n<p>D\u00eda 29, cayeron 0,7 mm.<\/p>\n<h3><strong>A\u00f1o 1974<\/strong><\/h3>\n<p>D\u00eda 24, cayeron 5,6 mm<\/p>\n<p>D\u00eda 25, cayeron 14,4 mm<\/p>\n<p>D\u00eda 28, cayeron 3,1 mm<\/p>\n<p>D\u00eda 29, cayeron 3 mm<\/p>\n<h3><strong>A\u00f1o 1975<\/strong><\/h3>\n<p>D\u00eda 28,\u00a0cayeron 0,8 mm<\/p>\n<p>D\u00eda 29,\u00a0cayeron 3,8 mm<\/p>\n<h3>A\u00f1o 1976<\/h3>\n<p>D\u00eda 24,\u00a0cayeron 2,7 mm<\/p>\n<h3>A\u00f1o 1977<\/h3>\n<p>D\u00eda 28, cayeron 5,6 mm<\/p>\n<h3>A\u00f1o 1978.<\/h3>\n<p>No llovi\u00f3<\/p>\n<h3>A\u00f1o 1979.<\/h3>\n<p>No llovi\u00f3<\/p>\n<h3>A\u00f1o 1980.<\/h3>\n<p>No llovi\u00f3<\/p>\n<h3>A\u00f1o 1981<\/h3>\n<p>D\u00eda 27,\u00a0cayeron \u00a00,9 mm<\/p>\n<p>D\u00eda 28,\u00a0cayeron 0,8 mm<\/p>\n<p>D\u00eda 29,\u00a0cayeron 3,1 mm<\/p>\n<p>D\u00eda 30,\u00a0cayeron 1,6 mm<\/p>\n<h3>A\u00f1o 1982<\/h3>\n<p>D\u00eda 25,\u00a0cayeron 0,6 mm<\/p>\n<p>D\u00eda 29,\u00a0cayeron 5,5\u00a0 mm<\/p>\n<p>D\u00eda 30,\u00a0cayeron 30,2 mm<\/p>\n<p>D\u00eda 31,\u00a0cayeron 20,1 mm<\/p>\n<h3>A\u00f1o 1983.<\/h3>\n<p>No llovi\u00f3<\/p>\n<h3>A\u00f1o 1984<\/h3>\n<p>D\u00eda 24,\u00a0cayeron 1,6 mm<\/p>\n<p>D\u00eda 25 ,cayeron 3,9 mm<\/p>\n<p>D\u00eda 31, cayeron 3,5 mm<\/p>\n<h3>A\u00f1o 1985.<\/h3>\n<p>No llovi\u00f3.<\/p>\n<h3>A\u00f1o 1986.<\/h3>\n<p>No llovi\u00f3<\/p>\n<h3>A\u00f1o 1987<\/h3>\n<p>D\u00eda 25, cayeron 1,5 mm<\/p>\n<h3>A\u00f1o 1988<\/h3>\n<p>No llovi\u00f3<\/p>\n<h3>A\u00f1o 1989<\/h3>\n<p>D\u00eda 27, cayeron\u00a0 6,4 mm<\/p>\n<h3>A\u00f1o 1990<\/h3>\n<p>D\u00eda 30, cayeron 2,1 mm<\/p>\n<p>D\u00eda 31, cayeron 11,2 mm<\/p>\n<h3>A\u00f1o 1991<\/h3>\n<p>D\u00eda 29, cayeron 0,2 mm<\/p>\n<p>D\u00eda 30,\u00a0cayeron 0,8 mm<\/p>\n<p>D\u00eda 31, cayeron 1,1 mm<\/p>\n<h3>A\u00f1o 1992<\/h3>\n<p>D\u00eda 30,\u00a0cayeron 12,4 mm<\/p>\n<p>D\u00eda 31, cayeron\u00a0 2,8 mm<\/p>\n<h3>A\u00f1o 1993<\/h3>\n<p>D\u00eda 25, cayeron 7,1 mm<\/p>\n<h3>A\u00f1o 1994.<\/h3>\n<p>No llovi\u00f3<\/p>\n<h3>A\u00f1o 1996.<\/h3>\n<p>No llovi\u00f3<\/p>\n<h3>A\u00f1o 1997.<\/h3>\n<p>No llovi\u00f3<\/p>\n<h3>A\u00f1o 1998<\/h3>\n<p>D\u00eda 29, cayeron 1,7\u00a0 mm<\/p>\n<h3>A\u00f1o 1999<\/h3>\n<p>D\u00eda 24,\u00a0cayeron \u00a041,4 mm<\/p>\n<p>D\u00eda 25,\u00a0cayeron 1,2 mm<\/p>\n<h3>A\u00f1o 2000<\/h3>\n<p>No llovi\u00f3<\/p>\n<h3>A\u00f1o 2001<\/h3>\n<p>D\u00eda 25, cayeron 0,3 mm<\/p>\n<p>D\u00eda 26,\u00a0cayeron 9,4 mm<\/p>\n<h3>A\u00f1o 2002<\/h3>\n<p>D\u00eda 28,\u00a0cayeron 0,5 mm<\/p>\n<h3>A\u00f1o 2003<\/h3>\n<p>D\u00eda 26,\u00a0cayeron 2,7 mm<\/p>\n<p>D\u00eda 27,\u00a0cayeron 4 mm<\/p>\n<p>D\u00eda 28,\u00a0cayeron 6,2 mm<\/p>\n<p>D\u00eda 29,\u00a0cayeron 15 mm<\/p>\n<h3><span style=\"color: #ff0000;\">A\u00f1o 2004<\/span><\/h3>\n<p><strong><span style=\"color: #ff0000;\">D\u00eda 25,\u00a0 cayeron 6,4 mm<\/span><\/strong><\/p>\n<p><strong><span style=\"color: #ff0000;\">D\u00eda 26,\u00a0 cayeron 60,5 mm<\/span><\/strong><\/p>\n<p><strong><span style=\"color: #ff0000;\">D\u00eda 27, cayeron 102 mm<\/span><\/strong><\/p>\n<p><strong><span style=\"color: #ff0000;\">D\u00eda 28, cayeron\u00a0 78,6 mm<\/span><\/strong><\/p>\n<p><strong><span style=\"color: #ff0000;\">D\u00eda 29, cayeron 0,5 mm<\/span><\/strong><\/p>\n<p><strong><span style=\"color: #ff0000;\">D\u00eda 30, cayeron 0,3 mm<\/span><\/strong><\/p>\n<h3>A\u00f1o 2005<\/h3>\n<p>D\u00eda 26, cayeron 1,7 mm<\/p>\n<h3>A\u00f1o 2006<\/h3>\n<p>No llovi\u00f3<\/p>\n<h3>A\u00f1o 2007<\/h3>\n<p>D\u00eda 26,\u00a0 cayeron 3,4 mm<\/p>\n<p>D\u00eda 31, cayeron 0,4<\/p>\n<h3>A\u00f1o 2008<\/h3>\n<p>no llovi\u00f3<\/p>\n<h3>A\u00f1o 2009<\/h3>\n<p>D\u00eda 28, cayeron 0,6 mm<\/p>\n<p>D\u00eda 29, cayo 1 mm<\/p>\n<p>D\u00eda 30, cayeron 0,3 mm<\/p>\n<h3>A\u00f1o 2010<\/h3>\n<p>D\u00eda 24, 0,5 mm<\/p>\n<p>D\u00eda 25, 0,2 mm<\/p>\n<h3>A\u00f1o 2011.<\/h3>\n<p>No llovi\u00f3.<\/p>\n<h3>A\u00f1o 2012<\/h3>\n<p>D\u00eda 25 cayeron 1,5 mm<\/p>\n<h3>A\u00f1o 2013<\/h3>\n<p>D\u00eda 24, cayeron 1,5 mm<\/p>\n<p>D\u00eda 25,\u00a0 cayeron 0,1 mm<\/p>\n<p>D\u00eda 26,\u00a0 cayeron 0,2 mm<\/p>\n<p>D\u00eda 27,\u00a0 cayeron 5,6 mm<\/p>\n<p>D\u00eda 31, cayeron 0,8 mm<\/p>\n<h3>A\u00f1o 2014<\/h3>\n<p>D\u00eda 28,\u00a0cayeron 7,7 mm<\/p>\n<p>D\u00eda 29,\u00a0cayeron 17,1 mm<\/p>\n<h3>A\u00f1o 2015.<\/h3>\n<p>No llovi\u00f3<\/p>\n<h3>A\u00f1o 2016.<\/h3>\n<p>No llovi\u00f3<\/p>\n<h3>A\u00f1o 2017<\/h3>\n<p>D\u00eda 26,\u00a0cayeron 2,3 mm<\/p>\n<h3>A\u00f1o 2018<\/h3>\n<p>D\u00eda 24,\u00a0 cayeron 0,3 mm<\/p>\n<p>D\u00eda 30,\u00a0cayeron 0,1 mm<\/p>\n<h3>A\u00f1o 2019<\/h3>\n<p>D\u00eda 30,\u00a0cayeron 10,9 mm<\/p>\n<p>D\u00eda 31,\u00a0cayeron 6,8 mm<\/p>\n<h3>A\u00f1o 2020<\/h3>\n<p>D\u00eda 24,\u00a0cayeron 5,8 mm<\/p>\n<p>D\u00eda 25, cayeron\u00a0 3,6 mm<\/p>\n<p>D\u00eda 28,\u00a0cayeron 0,5 mm<\/p>\n<p>D\u00eda 30,\u00a0cayeron 20,6 mm<\/p>\n<p>D\u00eda 31, cayeron 31,9 mm<\/p>\n<h3>A\u00f1o 2021.<\/h3>\n<p>No llovi\u00f3<\/p>\n<h3>A\u00f1o 2022<\/h3>\n<p>D\u00eda 24,\u00a0 cayeron 32,8 mm<\/p>\n<p>D\u00eda 25, cayeron 33,1 mm<\/p>\n<p>D\u00eda 28, cayeron 0,9 mm<\/p>\n<p>D\u00eda 29, cayeron 0,3 mm<\/p>\n<p>D\u00eda 31, cayeron 3,4 mm<\/p>\n<h3>A\u00f1o 2023.<\/h3>\n<p>No llovi\u00f3<\/p>\n<p>Si hab\u00e9is le\u00eddo las fechas, en muchas ocasiones algunos dias han ca\u00eddo solo unas d\u00e9cimas de litro, e incluso a\u00f1os que no ha llovido, en total 17 a\u00f1os. En rojo he puesto el a\u00f1o que m\u00e1s llovi\u00f3 que fue el a\u00f1o 2004.<\/p>\n<p>Os pongo tambi\u00e9n los a\u00f1os que si ha ca\u00eddo entera en marzo, en total<strong> 12 a\u00f1os<\/strong> contando este tambi\u00e9n.<\/p>\n<p><strong>A\u00f1o 1975 comenz\u00f3 el 23<\/strong><\/p>\n<p>D\u00eda 24, cayeron 1,2 mm<\/p>\n<p>D\u00eda 28, cayeron 1,3 mm<\/p>\n<p>D\u00eda 29, cayeron 0,7 mm<\/p>\n<p><strong>A\u00f1o 1978, este a\u00f1o comenz\u00f3 el 19<\/strong><\/p>\n<p>No llovi\u00f3<\/p>\n<p><strong>A\u00f1o 1986 comenz\u00f3 el 23<\/strong><\/p>\n<p>No llovi\u00f3<\/p>\n<p><strong>A\u00f1o 1989 comenz\u00f3 el 19.<\/strong><\/p>\n<p>No llovi\u00f3<\/p>\n<p><strong>A\u00f1o 1991 comenz\u00f3 el 24<\/strong><\/p>\n<p>D\u00eda 29, cayeron 0,2 mm<\/p>\n<p>D\u00eda 30,\u00a0cayeron 0,8 mm<\/p>\n<p>D\u00eda 31, cayeron 1,1 mm<\/p>\n<p><strong>A\u00f1o 1997 comenz\u00f3 el 23<\/strong><\/p>\n<p>No llovi\u00f3<\/p>\n<p><strong>A\u00f1o 2002 comenz\u00f3 el 24<\/strong><\/p>\n<p>D\u00eda 28,\u00a0cayeron 0,5 mm<\/p>\n<p><strong>A\u00f1o 2005 comenz\u00f3 el 20.<\/strong><\/p>\n<p>D\u00eda 21, cayeron 0,3 mm<\/p>\n<p>D\u00eda 22, cayeron 1,5 mm<\/p>\n<p>D\u00eda 23, cayeron 1,1<\/p>\n<p>D\u00eda 26, cayeron 1,7 mm<\/p>\n<p><strong>A\u00f1o 2008 comenz\u00f3\u00a0 el 16.<\/strong><\/p>\n<p>Este a\u00f1o tan tempranero llovi\u00f3 el d\u00eda 19, registr\u00e1ndose 4,7 mm. El d\u00eda 20 se registraron\u00a0 16,3 mm y el d\u00eda 22, tan solo 1,1 mm<\/p>\n<p><strong>A\u00f1o 2013 comenz\u00f3 el 24<\/strong><\/p>\n<p>D\u00eda 24, cayeron 1,5 mm<\/p>\n<p>D\u00eda 25,\u00a0 cayeron 0,1 mm<\/p>\n<p>D\u00eda 26,\u00a0 cayeron 0,2 mm<\/p>\n<p>D\u00eda 27,\u00a0 cayeron 5,6 mm<\/p>\n<p>D\u00eda 31, cayeron 0,8 mm<\/p>\n<p><strong>A\u00f1o 2016 comenz\u00f3 el 20.<\/strong><\/p>\n<p>No llovi\u00f3<\/p>\n<p><strong>A\u00f1o 2024 comienza el 24<\/strong><\/p>\n<p>&nbsp;<\/p>\n<p>&nbsp;<\/p>\n<p>&nbsp;<\/p>\n<p>&nbsp;<\/p>\n<p>&nbsp;<\/p>\n<p>&nbsp;<\/p>\n<p>&nbsp;<\/p>\n<p>&nbsp;<\/p>\n<p>&nbsp;<\/p>\n<p>&nbsp;<\/p>\n<p>&nbsp;<\/p>\n","protected":false},"excerpt":{"rendered":"<p>Buenos d\u00edas, amigos de la meteo. Os pongo a continuaci\u00f3n qu\u00e9 d\u00edas ha llovido la \u00faltima semana de marzo, desde el a\u00f1o 1973 al 2023. Como todos sab\u00e9is, este a\u00f1o comienza el 24 y termina el 31. De estos cincuenta a\u00f1os, la Semana Santa ha ca\u00eddo en doce ocasiones entera, contando este a\u00f1o tambi\u00e9n; la [&hellip;]<\/p>\n","protected":false},"author":16,"featured_media":39618,"comment_status":"open","ping_status":"open","sticky":false,"template":"","format":"standard","meta":[],"categories":[2],"tags":[1874,100,109,358,587,613,888,902,909],"_links":{"self":[{"href":"https:\/\/blogs.diariosur.es\/tormentas-y-rayos\/wp-json\/wp\/v2\/posts\/39603"}],"collection":[{"href":"https:\/\/blogs.diariosur.es\/tormentas-y-rayos\/wp-json\/wp\/v2\/posts"}],"about":[{"href":"https:\/\/blogs.diariosur.es\/tormentas-y-rayos\/wp-json\/wp\/v2\/types\/post"}],"author":[{"embeddable":true,"href":"https:\/\/blogs.diariosur.es\/tormentas-y-rayos\/wp-json\/wp\/v2\/users\/16"}],"replies":[{"embeddable":true,"href":"https:\/\/blogs.diariosur.es\/tormentas-y-rayos\/wp-json\/wp\/v2\/comments?post=39603"}],"version-history":[{"count":24,"href":"https:\/\/blogs.diariosur.es\/tormentas-y-rayos\/wp-json\/wp\/v2\/posts\/39603\/revisions"}],"predecessor-version":[{"id":48279,"href":"https:\/\/blogs.diariosur.es\/tormentas-y-rayos\/wp-json\/wp\/v2\/posts\/39603\/revisions\/48279"}],"wp:featuredmedia":[{"embeddable":true,"href":"https:\/\/blogs.diariosur.es\/tormentas-y-rayos\/wp-json\/wp\/v2\/media\/39618"}],"wp:attachment":[{"href":"https:\/\/blogs.diariosur.es\/tormentas-y-rayos\/wp-json\/wp\/v2\/media?parent=39603"}],"wp:term":[{"taxonomy":"category","embeddable":true,"href":"https:\/\/blogs.diariosur.es\/tormentas-y-rayos\/wp-json\/wp\/v2\/categories?post=39603"},{"taxonomy":"post_tag","embeddable":true,"href":"https:\/\/blogs.diariosur.es\/tormentas-y-rayos\/wp-json\/wp\/v2\/tags?post=39603"}],"curies":[{"name":"wp","href":"https:\/\/api.w.org\/{rel}","templated":true}]}}