{"id":39627,"date":"2024-01-25T09:33:50","date_gmt":"2024-01-25T08:33:50","guid":{"rendered":"https:\/\/blogs.diariosur.es\/tormentas-y-rayos\/?p=39627"},"modified":"2025-12-25T11:46:13","modified_gmt":"2025-12-25T10:46:13","slug":"se-baten-valores-extremos-y-absolutos-de-temperaturas-maximas-en-enero-en-espana-impresionante-inversion-termica-hoy","status":"publish","type":"post","link":"https:\/\/blogs.diariosur.es\/tormentas-y-rayos\/2024\/01\/25\/se-baten-valores-extremos-y-absolutos-de-temperaturas-maximas-en-enero-en-espana-impresionante-inversion-termica-hoy\/","title":{"rendered":"Se baten valores extremos y absolutos de temperaturas m\u00e1ximas en enero en Espa\u00f1a. Impresionante inversi\u00f3n t\u00e9rmica hoy."},"content":{"rendered":"<p><a href=\"https:\/\/static-blogs.diariosur.es\/wp-content\/uploads\/sites\/12\/2023\/09\/375323357_10227521084351690_5428862938073510864_n.jpg\"><img loading=\"lazy\" class=\"aligncenter size-thumbnail wp-image-38274\" src=\"https:\/\/static-blogs.diariosur.es\/wp-content\/uploads\/sites\/12\/2023\/09\/375323357_10227521084351690_5428862938073510864_n-150x150.jpg\" alt=\"\" width=\"150\" height=\"150\" \/><\/a><\/p>\n<p data-pm-slice=\"1 1 []\">Buenos d\u00edas, amigos de la meteo. Ayer mi\u00e9rcoles se batieron r\u00e9cords de temperaturas m\u00e1ximas en muchos puntos de Espa\u00f1a; hoy jueves suceder\u00e1 lo mismo; ma\u00f1ana veremos qu\u00e9 valores extremos hemos tenido hoy. Al final del post os pongo los de ayer.<\/p>\n<h3><strong>Impresionante inversi\u00f3n t\u00e9rmica.<\/strong><\/h3>\n<p>Fijaros qu\u00e9 temperaturas hoy a las seis de la ma\u00f1ana: Ronda 17,4 grados, Antequera 15,5 grados, Mijas Pueblo 17,8 grados,\u00a0Sierra Nevada, Radiotelescopio 9,8 grados,\u00a0Ca\u00f1ar, Parque Nacional Sierra Nevada 10,5 grados,\u00a0La\u00fajar, Parque Nacional Sierra Nevada 12 grados. En zonas del Pirineo Central a m\u00e1s de 1900 metros se est\u00e1n registrando 10 grados. En cambio, en zonas m\u00e1s bajas pueden tener 10 grados menos. Por poneros un ejemplo: Granada capital a esa hora ten\u00eda 2 grados; en Sierra Nevada, a 3000 metros de altitud, 9.8 grados.<\/p>\n<p>Esto se debe a la inversi\u00f3n t\u00e9rmica; mi amigo Rub\u00e9n del Campo, portavoz de la Aemet, lo explica muy bien en este video.<\/p>\n<p>&nbsp;<\/p>\n<p><iframe loading=\"lazy\" title=\"YouTube video player\" src=\"https:\/\/www.youtube.com\/embed\/gwM5iFWuSlA?si=WADD2xLeDXTlc88U\" width=\"560\" height=\"315\" frameborder=\"0\" allowfullscreen=\"allowfullscreen\"><\/iframe><\/p>\n<p>&nbsp;<\/p>\n<p>Os pongo las valores extremos y absolutos de temperaturas m\u00e1ximas que se batieron\u00a0ayer mi\u00e9rcoles. Fuente aemet.<\/p>\n<div class=\"notas_tabla\">(*) Se ha superado el valor extremo del periodo 1981-2010<\/div>\n<div class=\"notas_tabla\">(**) Se ha superado el valor extremo absoluto<\/div>\n<p>&nbsp;<\/p>\n<p><a href=\"https:\/\/static-blogs.diariosur.es\/wp-content\/uploads\/sites\/12\/2024\/01\/Captura-de-pantalla-2024-01-25-093015.jpg\"><img loading=\"lazy\" class=\"aligncenter size-full wp-image-39630\" src=\"https:\/\/static-blogs.diariosur.es\/wp-content\/uploads\/sites\/12\/2024\/01\/Captura-de-pantalla-2024-01-25-093015.jpg\" alt=\"\" width=\"985\" height=\"927\" srcset=\"https:\/\/static-blogs.diariosur.es\/wp-content\/uploads\/sites\/12\/2024\/01\/Captura-de-pantalla-2024-01-25-093015.jpg 985w, https:\/\/static-blogs.diariosur.es\/wp-content\/uploads\/sites\/12\/2024\/01\/Captura-de-pantalla-2024-01-25-093015-425x400.jpg 425w, https:\/\/static-blogs.diariosur.es\/wp-content\/uploads\/sites\/12\/2024\/01\/Captura-de-pantalla-2024-01-25-093015-768x723.jpg 768w\" sizes=\"(max-width: 985px) 100vw, 985px\" \/><\/a><\/p>\n<p>&nbsp;<\/p>\n<p>&nbsp;<\/p>\n","protected":false},"excerpt":{"rendered":"<p>Buenos d\u00edas, amigos de la meteo. Ayer mi\u00e9rcoles se batieron r\u00e9cords de temperaturas m\u00e1ximas en muchos puntos de Espa\u00f1a; hoy jueves suceder\u00e1 lo mismo; ma\u00f1ana veremos qu\u00e9 valores extremos hemos tenido hoy. Al final del post os pongo los de ayer. Impresionante inversi\u00f3n t\u00e9rmica. Fijaros qu\u00e9 temperaturas hoy a las seis de la ma\u00f1ana: Ronda [&hellip;]<\/p>\n","protected":false},"author":16,"featured_media":39629,"comment_status":"open","ping_status":"open","sticky":false,"template":"","format":"standard","meta":[],"categories":[2],"tags":[100,114,375,1324,587,627,909,962,1323],"_links":{"self":[{"href":"https:\/\/blogs.diariosur.es\/tormentas-y-rayos\/wp-json\/wp\/v2\/posts\/39627"}],"collection":[{"href":"https:\/\/blogs.diariosur.es\/tormentas-y-rayos\/wp-json\/wp\/v2\/posts"}],"about":[{"href":"https:\/\/blogs.diariosur.es\/tormentas-y-rayos\/wp-json\/wp\/v2\/types\/post"}],"author":[{"embeddable":true,"href":"https:\/\/blogs.diariosur.es\/tormentas-y-rayos\/wp-json\/wp\/v2\/users\/16"}],"replies":[{"embeddable":true,"href":"https:\/\/blogs.diariosur.es\/tormentas-y-rayos\/wp-json\/wp\/v2\/comments?post=39627"}],"version-history":[{"count":5,"href":"https:\/\/blogs.diariosur.es\/tormentas-y-rayos\/wp-json\/wp\/v2\/posts\/39627\/revisions"}],"predecessor-version":[{"id":48280,"href":"https:\/\/blogs.diariosur.es\/tormentas-y-rayos\/wp-json\/wp\/v2\/posts\/39627\/revisions\/48280"}],"wp:featuredmedia":[{"embeddable":true,"href":"https:\/\/blogs.diariosur.es\/tormentas-y-rayos\/wp-json\/wp\/v2\/media\/39629"}],"wp:attachment":[{"href":"https:\/\/blogs.diariosur.es\/tormentas-y-rayos\/wp-json\/wp\/v2\/media?parent=39627"}],"wp:term":[{"taxonomy":"category","embeddable":true,"href":"https:\/\/blogs.diariosur.es\/tormentas-y-rayos\/wp-json\/wp\/v2\/categories?post=39627"},{"taxonomy":"post_tag","embeddable":true,"href":"https:\/\/blogs.diariosur.es\/tormentas-y-rayos\/wp-json\/wp\/v2\/tags?post=39627"}],"curies":[{"name":"wp","href":"https:\/\/api.w.org\/{rel}","templated":true}]}}