{"id":39635,"date":"2024-01-26T09:41:25","date_gmt":"2024-01-26T08:41:25","guid":{"rendered":"https:\/\/blogs.diariosur.es\/tormentas-y-rayos\/?p=39635"},"modified":"2025-12-25T11:47:58","modified_gmt":"2025-12-25T10:47:58","slug":"el-tiempo-en-malaga-impresionantes-temperaturas-en-el-parque-nacional-de-sierra-nevada-nuevos-records","status":"publish","type":"post","link":"https:\/\/blogs.diariosur.es\/tormentas-y-rayos\/2024\/01\/26\/el-tiempo-en-malaga-impresionantes-temperaturas-en-el-parque-nacional-de-sierra-nevada-nuevos-records\/","title":{"rendered":"El tiempo en M\u00e1laga. Impresionantes temperaturas en el Parque Nacional de Sierra Nevada. Nuevos r\u00e9cords"},"content":{"rendered":"<p><a href=\"https:\/\/static-blogs.diariosur.es\/wp-content\/uploads\/sites\/12\/2023\/10\/243418660_10223324765526342_8448445083528661051_n.jpg\"><img loading=\"lazy\" class=\"aligncenter size-thumbnail wp-image-38644\" src=\"https:\/\/static-blogs.diariosur.es\/wp-content\/uploads\/sites\/12\/2023\/10\/243418660_10223324765526342_8448445083528661051_n-150x150.jpg\" alt=\"\" width=\"150\" height=\"150\" \/><\/a><\/p>\n<p>&nbsp;<\/p>\n<p data-pm-slice=\"1 1 []\">Buenos d\u00edas, amigos de la meteo. Nuevamente ayer jueves se batieron extremos absolutos de temperaturas m\u00e1ximas en Espa\u00f1a. Al final del post os pondr\u00e9 los valores extremos y absolutos de ayer.<\/p>\n<h3><strong>Lo m\u00e1s destacado fueron estas temperaturas en el Parque Nacional de Sierra Nevada.<\/strong><\/h3>\n<p>Fuente AEMET<\/p>\n<p>Ca\u00f1ar, Parque Nacional Sierra Nevada a 1732 m, se registr\u00f3 20.1 grados.<\/p>\n<p>Camarate 1, Parque Nacional Sierra Nevada a 1534 m, se registr\u00f3 20.1 grados.<\/p>\n<p>Camarate 2, Parque Nacional de Sierra Nevada a 2152 m, se registr\u00f3 16.2 grados.<\/p>\n<p>D\u00f3lar a 1197 m, se registr\u00f3 21.9 grados.<\/p>\n<p>La\u00fajar, Parque Nacional Sierra Nevada a 1713 m, se registr\u00f3 20.8 grados.<\/p>\n<p>Nacimiento, Parque Nacional Sierra Nevada, a 970 m se registr\u00f3 23.5 grados.<\/p>\n<p>Sierra Nevada, radiotelescopio a 2856 m, se registr\u00f3 11.6 grados.<\/p>\n<p>Pradollano, Parque Nacional Sierra Nevada a 3092 m, se registr\u00f3 11.4 grados.<\/p>\n<h3><strong>En la provincia malague\u00f1a destacan estos registros.<\/strong><\/h3>\n<p>Fuente Aemet, meteoclimatic.<\/p>\n<p>M\u00e1laga Centro Meteorol\u00f3gico: 23.9 grados.<\/p>\n<p>M\u00e1laga Aeropuerto 23.8 grados.<\/p>\n<p>M\u00e1laga Puerto 24.6 grados<\/p>\n<p>Antequera: 23.3 grados<\/p>\n<p>Fuente Piedra 24.5 grados.<\/p>\n<p>\u00c1lora 26.2 grados<\/p>\n<p>Alpande\u00edre: 24.6 grados<\/p>\n<p>Gauc\u00edn 23.4 grados.<\/p>\n<p>Benahav\u00eds 23.1 grados.<\/p>\n<p>Alameda 26 grados.<\/p>\n<p>Archidona Huertas del R\u00edo 26.4 grados<\/p>\n<p>Archidona Puerta de la Hoya 27.2 grados<\/p>\n<p>Ist\u00e1n 24.3 grados<\/p>\n<p>Ronda San Crist\u00f3bal 25.1 grados.<\/p>\n<p>Rinc\u00f3n de la Victoria, 25 grados.<\/p>\n<h3><strong>El tiempo del fin de semana en M\u00e1laga<\/strong><\/h3>\n<p>Tanto el s\u00e1bado como el domingo se registrar\u00e1n temperaturas m\u00e1ximas y m\u00ednimas por encima de la media en toda la provincia. La probabilidad de precipitaciones es del 0%. En cuanto al viento, no se esperan rachas fuertes. Probabilidad de brumas y nubes altas.<\/p>\n<p>Os paso las temperaturas m\u00e1ximas y m\u00ednimas que prev\u00e9 la Aemet.<\/p>\n<p>S\u00e1bado<\/p>\n<p>&nbsp;<\/p>\n<p>&nbsp;<\/p>\n<p><a href=\"https:\/\/static-blogs.diariosur.es\/wp-content\/uploads\/sites\/12\/2024\/01\/saba.jpg\"><img loading=\"lazy\" class=\"aligncenter size-full wp-image-39644\" src=\"https:\/\/static-blogs.diariosur.es\/wp-content\/uploads\/sites\/12\/2024\/01\/saba.jpg\" alt=\"\" width=\"691\" height=\"552\" srcset=\"https:\/\/static-blogs.diariosur.es\/wp-content\/uploads\/sites\/12\/2024\/01\/saba.jpg 691w, https:\/\/static-blogs.diariosur.es\/wp-content\/uploads\/sites\/12\/2024\/01\/saba-501x400.jpg 501w\" sizes=\"(max-width: 691px) 100vw, 691px\" \/><\/a><\/p>\n<p>&nbsp;<\/p>\n<p>Domingo<\/p>\n<p><a href=\"https:\/\/static-blogs.diariosur.es\/wp-content\/uploads\/sites\/12\/2024\/01\/domingo-2.jpg\"><img loading=\"lazy\" class=\"aligncenter size-full wp-image-39645\" src=\"https:\/\/static-blogs.diariosur.es\/wp-content\/uploads\/sites\/12\/2024\/01\/domingo-2.jpg\" alt=\"\" width=\"694\" height=\"549\" srcset=\"https:\/\/static-blogs.diariosur.es\/wp-content\/uploads\/sites\/12\/2024\/01\/domingo-2.jpg 694w, https:\/\/static-blogs.diariosur.es\/wp-content\/uploads\/sites\/12\/2024\/01\/domingo-2-506x400.jpg 506w\" sizes=\"(max-width: 694px) 100vw, 694px\" \/><\/a><\/p>\n<p>&nbsp;<\/p>\n<div>\n<h3 class=\"resultados_titulo\">Valores extremos alcanzados el\u00a0jueves, 25 enero 2024<\/h3>\n<\/div>\n<div class=\"notas_tabla\">(*) Se ha superado el valor extremo del periodo 1981-2010<\/div>\n<div class=\"notas_tabla\">(**) Se ha superado el valor extremo absoluto<\/div>\n<div><\/div>\n<div><a href=\"https:\/\/static-blogs.diariosur.es\/wp-content\/uploads\/sites\/12\/2024\/01\/1-2.jpg\"><img loading=\"lazy\" class=\"aligncenter size-full wp-image-39648\" src=\"https:\/\/static-blogs.diariosur.es\/wp-content\/uploads\/sites\/12\/2024\/01\/1-2.jpg\" alt=\"\" width=\"1074\" height=\"921\" srcset=\"https:\/\/static-blogs.diariosur.es\/wp-content\/uploads\/sites\/12\/2024\/01\/1-2.jpg 1074w, https:\/\/static-blogs.diariosur.es\/wp-content\/uploads\/sites\/12\/2024\/01\/1-2-466x400.jpg 466w, https:\/\/static-blogs.diariosur.es\/wp-content\/uploads\/sites\/12\/2024\/01\/1-2-768x659.jpg 768w\" sizes=\"(max-width: 1074px) 100vw, 1074px\" \/><\/a> <a href=\"https:\/\/static-blogs.diariosur.es\/wp-content\/uploads\/sites\/12\/2024\/01\/2-1.jpg\"><img loading=\"lazy\" class=\"aligncenter size-full wp-image-39649\" src=\"https:\/\/static-blogs.diariosur.es\/wp-content\/uploads\/sites\/12\/2024\/01\/2-1.jpg\" alt=\"\" width=\"1073\" height=\"367\" srcset=\"https:\/\/static-blogs.diariosur.es\/wp-content\/uploads\/sites\/12\/2024\/01\/2-1.jpg 1073w, https:\/\/static-blogs.diariosur.es\/wp-content\/uploads\/sites\/12\/2024\/01\/2-1-640x219.jpg 640w, https:\/\/static-blogs.diariosur.es\/wp-content\/uploads\/sites\/12\/2024\/01\/2-1-768x263.jpg 768w\" sizes=\"(max-width: 1073px) 100vw, 1073px\" \/><\/a><\/div>\n","protected":false},"excerpt":{"rendered":"<p>&nbsp; Buenos d\u00edas, amigos de la meteo. Nuevamente ayer jueves se batieron extremos absolutos de temperaturas m\u00e1ximas en Espa\u00f1a. Al final del post os pondr\u00e9 los valores extremos y absolutos de ayer. Lo m\u00e1s destacado fueron estas temperaturas en el Parque Nacional de Sierra Nevada. Fuente AEMET Ca\u00f1ar, Parque Nacional Sierra Nevada a 1732 m, [&hellip;]<\/p>\n","protected":false},"author":16,"featured_media":39647,"comment_status":"open","ping_status":"open","sticky":false,"template":"","format":"standard","meta":[],"categories":[2],"tags":[114,188,212,1875,587,909],"_links":{"self":[{"href":"https:\/\/blogs.diariosur.es\/tormentas-y-rayos\/wp-json\/wp\/v2\/posts\/39635"}],"collection":[{"href":"https:\/\/blogs.diariosur.es\/tormentas-y-rayos\/wp-json\/wp\/v2\/posts"}],"about":[{"href":"https:\/\/blogs.diariosur.es\/tormentas-y-rayos\/wp-json\/wp\/v2\/types\/post"}],"author":[{"embeddable":true,"href":"https:\/\/blogs.diariosur.es\/tormentas-y-rayos\/wp-json\/wp\/v2\/users\/16"}],"replies":[{"embeddable":true,"href":"https:\/\/blogs.diariosur.es\/tormentas-y-rayos\/wp-json\/wp\/v2\/comments?post=39635"}],"version-history":[{"count":10,"href":"https:\/\/blogs.diariosur.es\/tormentas-y-rayos\/wp-json\/wp\/v2\/posts\/39635\/revisions"}],"predecessor-version":[{"id":48282,"href":"https:\/\/blogs.diariosur.es\/tormentas-y-rayos\/wp-json\/wp\/v2\/posts\/39635\/revisions\/48282"}],"wp:featuredmedia":[{"embeddable":true,"href":"https:\/\/blogs.diariosur.es\/tormentas-y-rayos\/wp-json\/wp\/v2\/media\/39647"}],"wp:attachment":[{"href":"https:\/\/blogs.diariosur.es\/tormentas-y-rayos\/wp-json\/wp\/v2\/media?parent=39635"}],"wp:term":[{"taxonomy":"category","embeddable":true,"href":"https:\/\/blogs.diariosur.es\/tormentas-y-rayos\/wp-json\/wp\/v2\/categories?post=39635"},{"taxonomy":"post_tag","embeddable":true,"href":"https:\/\/blogs.diariosur.es\/tormentas-y-rayos\/wp-json\/wp\/v2\/tags?post=39635"}],"curies":[{"name":"wp","href":"https:\/\/api.w.org\/{rel}","templated":true}]}}