{"id":39662,"date":"2024-01-28T09:05:23","date_gmt":"2024-01-28T08:05:23","guid":{"rendered":"https:\/\/blogs.diariosur.es\/tormentas-y-rayos\/?p=39662"},"modified":"2025-12-25T11:52:32","modified_gmt":"2025-12-25T10:52:32","slug":"que-tiempo-hara-los-ultimos-dias-de-enero-en-malaga","status":"publish","type":"post","link":"https:\/\/blogs.diariosur.es\/tormentas-y-rayos\/2024\/01\/28\/que-tiempo-hara-los-ultimos-dias-de-enero-en-malaga\/","title":{"rendered":"\u00bfQu\u00e9 tiempo har\u00e1 los \u00faltimos d\u00edas de enero en la provincia de M\u00e1laga?"},"content":{"rendered":"<p><a href=\"https:\/\/static-blogs.diariosur.es\/wp-content\/uploads\/sites\/12\/2023\/10\/243418660_10223324765526342_8448445083528661051_n.jpg\"><img loading=\"lazy\" class=\"aligncenter size-thumbnail wp-image-38644\" src=\"https:\/\/static-blogs.diariosur.es\/wp-content\/uploads\/sites\/12\/2023\/10\/243418660_10223324765526342_8448445083528661051_n-150x150.jpg\" alt=\"\" width=\"150\" height=\"150\" \/><\/a><\/p>\n<p data-pm-slice=\"1 1 []\">Buenos d\u00edas, amigos de la meteo. Cuando son las ocho y media de la ma\u00f1ana en M\u00e1laga capital, la estaci\u00f3n de la AEMET del aeropuerto ha registrado una m\u00ednima de 7.5 grados, la humedad ronda <strong>el 92 %<\/strong>, los cielos est\u00e1n con nubes bajas y brumas<strong>, <\/strong>y el viento sopla flojo de sureste.<\/p>\n<p>Ma\u00f1ana lunes seguiremos con la misma monoton\u00eda; destacar solo brumas y nubes medias y altas.<\/p>\n<p>Os paso las temperaturas m\u00e1ximas que prev\u00e9 el modelo europeo. Fuente: Meteologix.<\/p>\n<p>&nbsp;<\/p>\n<p><a href=\"https:\/\/static-blogs.diariosur.es\/wp-content\/uploads\/sites\/12\/2024\/01\/lunes.jpg\"><img loading=\"lazy\" class=\"aligncenter size-full wp-image-39665\" src=\"https:\/\/static-blogs.diariosur.es\/wp-content\/uploads\/sites\/12\/2024\/01\/lunes.jpg\" alt=\"\" width=\"760\" height=\"761\" srcset=\"https:\/\/static-blogs.diariosur.es\/wp-content\/uploads\/sites\/12\/2024\/01\/lunes.jpg 760w, https:\/\/static-blogs.diariosur.es\/wp-content\/uploads\/sites\/12\/2024\/01\/lunes-150x150.jpg 150w, https:\/\/static-blogs.diariosur.es\/wp-content\/uploads\/sites\/12\/2024\/01\/lunes-399x400.jpg 399w\" sizes=\"(max-width: 760px) 100vw, 760px\" \/><\/a><\/p>\n<p data-pm-slice=\"1 1 []\">El martes ser\u00e1 muy parecido al lunes; solo destacar que a \u00faltima hora de la noche soplar\u00e1 levante moderado. Probabilidad de apag\u00f3n.<\/p>\n<p>Os paso las temperaturas m\u00e1ximas que prev\u00e9 el modelo europeo. Fuente: Meteologix.<\/p>\n<p>&nbsp;<\/p>\n<p><a href=\"https:\/\/static-blogs.diariosur.es\/wp-content\/uploads\/sites\/12\/2024\/01\/martes-1.jpg\"><img loading=\"lazy\" class=\"aligncenter size-full wp-image-39666\" src=\"https:\/\/static-blogs.diariosur.es\/wp-content\/uploads\/sites\/12\/2024\/01\/martes-1.jpg\" alt=\"\" width=\"759\" height=\"758\" srcset=\"https:\/\/static-blogs.diariosur.es\/wp-content\/uploads\/sites\/12\/2024\/01\/martes-1.jpg 759w, https:\/\/static-blogs.diariosur.es\/wp-content\/uploads\/sites\/12\/2024\/01\/martes-1-150x150.jpg 150w, https:\/\/static-blogs.diariosur.es\/wp-content\/uploads\/sites\/12\/2024\/01\/martes-1-401x400.jpg 401w\" sizes=\"(max-width: 759px) 100vw, 759px\" \/><\/a><\/p>\n<p>&nbsp;<\/p>\n<p>&nbsp;<\/p>\n<p>&nbsp;<\/p>\n<p data-pm-slice=\"1 1 []\">El \u00faltimo d\u00eda de enero hay probabilidad de que se registren algunos chubascos d\u00e9biles y espor\u00e1dicos de madrugada y primeras horas de la ma\u00f1ana en la costa m\u00e1s occidental malague\u00f1a y Valle del Guadalhorce; esto se deber\u00e1 a un poco de aire fr\u00edo inestable y al viento h\u00famedo de levante. Tendremos mag\u00f3n en la costa malague\u00f1a.<\/p>\n<p>Os paso las temperaturas m\u00e1ximas que prev\u00e9 el modelo europeo. Fuente: Meteologix.<\/p>\n<p>&nbsp;<\/p>\n<p>&nbsp;<\/p>\n<p><a href=\"https:\/\/static-blogs.diariosur.es\/wp-content\/uploads\/sites\/12\/2024\/01\/mi\u00e9rcoles.jpg\"><img loading=\"lazy\" class=\"aligncenter size-full wp-image-39667\" src=\"https:\/\/static-blogs.diariosur.es\/wp-content\/uploads\/sites\/12\/2024\/01\/mi\u00e9rcoles.jpg\" alt=\"\" width=\"759\" height=\"761\" srcset=\"https:\/\/static-blogs.diariosur.es\/wp-content\/uploads\/sites\/12\/2024\/01\/mi\u00e9rcoles.jpg 759w, https:\/\/static-blogs.diariosur.es\/wp-content\/uploads\/sites\/12\/2024\/01\/mi\u00e9rcoles-150x150.jpg 150w, https:\/\/static-blogs.diariosur.es\/wp-content\/uploads\/sites\/12\/2024\/01\/mi\u00e9rcoles-399x400.jpg 399w\" sizes=\"(max-width: 759px) 100vw, 759px\" \/><\/a><\/p>\n<p>&nbsp;<\/p>\n<p>Los primeros d\u00edas de febrero y fin de semana no se esperan cambios.<\/p>\n<p>Os dejo con esta luna que he fotografiado hoy sobre las seis de la ma\u00f1ana. Luna menguante convexa.<\/p>\n<p>&nbsp;<\/p>\n<p><a href=\"https:\/\/static-blogs.diariosur.es\/wp-content\/uploads\/sites\/12\/2024\/01\/LUNA-ENERO-MENGUANTE-e1706429009242.jpg\"><img loading=\"lazy\" class=\"aligncenter size-full wp-image-39669\" src=\"https:\/\/static-blogs.diariosur.es\/wp-content\/uploads\/sites\/12\/2024\/01\/LUNA-ENERO-MENGUANTE-e1706429009242.jpg\" alt=\"\" width=\"1200\" height=\"927\" \/><\/a><\/p>\n","protected":false},"excerpt":{"rendered":"<p>Buenos d\u00edas, amigos de la meteo. Cuando son las ocho y media de la ma\u00f1ana en M\u00e1laga capital, la estaci\u00f3n de la AEMET del aeropuerto ha registrado una m\u00ednima de 7.5 grados, la humedad ronda el 92 %, los cielos est\u00e1n con nubes bajas y brumas, y el viento sopla flojo de sureste. Ma\u00f1ana lunes [&hellip;]<\/p>\n","protected":false},"author":16,"featured_media":39668,"comment_status":"open","ping_status":"open","sticky":false,"template":"","format":"standard","meta":[],"categories":[2],"tags":[358,366,587,909],"_links":{"self":[{"href":"https:\/\/blogs.diariosur.es\/tormentas-y-rayos\/wp-json\/wp\/v2\/posts\/39662"}],"collection":[{"href":"https:\/\/blogs.diariosur.es\/tormentas-y-rayos\/wp-json\/wp\/v2\/posts"}],"about":[{"href":"https:\/\/blogs.diariosur.es\/tormentas-y-rayos\/wp-json\/wp\/v2\/types\/post"}],"author":[{"embeddable":true,"href":"https:\/\/blogs.diariosur.es\/tormentas-y-rayos\/wp-json\/wp\/v2\/users\/16"}],"replies":[{"embeddable":true,"href":"https:\/\/blogs.diariosur.es\/tormentas-y-rayos\/wp-json\/wp\/v2\/comments?post=39662"}],"version-history":[{"count":5,"href":"https:\/\/blogs.diariosur.es\/tormentas-y-rayos\/wp-json\/wp\/v2\/posts\/39662\/revisions"}],"predecessor-version":[{"id":48286,"href":"https:\/\/blogs.diariosur.es\/tormentas-y-rayos\/wp-json\/wp\/v2\/posts\/39662\/revisions\/48286"}],"wp:featuredmedia":[{"embeddable":true,"href":"https:\/\/blogs.diariosur.es\/tormentas-y-rayos\/wp-json\/wp\/v2\/media\/39668"}],"wp:attachment":[{"href":"https:\/\/blogs.diariosur.es\/tormentas-y-rayos\/wp-json\/wp\/v2\/media?parent=39662"}],"wp:term":[{"taxonomy":"category","embeddable":true,"href":"https:\/\/blogs.diariosur.es\/tormentas-y-rayos\/wp-json\/wp\/v2\/categories?post=39662"},{"taxonomy":"post_tag","embeddable":true,"href":"https:\/\/blogs.diariosur.es\/tormentas-y-rayos\/wp-json\/wp\/v2\/tags?post=39662"}],"curies":[{"name":"wp","href":"https:\/\/api.w.org\/{rel}","templated":true}]}}