{"id":39746,"date":"2024-02-04T08:19:19","date_gmt":"2024-02-04T07:19:19","guid":{"rendered":"https:\/\/blogs.diariosur.es\/tormentas-y-rayos\/?p=39746"},"modified":"2025-12-25T18:16:54","modified_gmt":"2025-12-25T17:16:54","slug":"os-doy-una-mala-y-una-buena-noticia-del-tiempo-en-malaga-y-andalucia-manana-estare-en-llego-la-hora-101tv","status":"publish","type":"post","link":"https:\/\/blogs.diariosur.es\/tormentas-y-rayos\/2024\/02\/04\/os-doy-una-mala-y-una-buena-noticia-del-tiempo-en-malaga-y-andalucia-manana-estare-en-llego-la-hora-101tv\/","title":{"rendered":"Os doy una mala y una buena noticia del tiempo en M\u00e1laga y Andaluc\u00eda. Ma\u00f1ana estar\u00e9 en Lleg\u00f3 la Hora,101tv"},"content":{"rendered":"<p><a href=\"https:\/\/static-blogs.diariosur.es\/wp-content\/uploads\/sites\/12\/2023\/06\/66505616_10216972270637940_5684453640765440_n-2.jpg\"><img loading=\"lazy\" class=\"aligncenter size-thumbnail wp-image-37376\" src=\"https:\/\/static-blogs.diariosur.es\/wp-content\/uploads\/sites\/12\/2023\/06\/66505616_10216972270637940_5684453640765440_n-2-150x150.jpg\" alt=\"\" width=\"150\" height=\"150\" srcset=\"https:\/\/static-blogs.diariosur.es\/wp-content\/uploads\/sites\/12\/2023\/06\/66505616_10216972270637940_5684453640765440_n-2-150x150.jpg 150w, https:\/\/static-blogs.diariosur.es\/wp-content\/uploads\/sites\/12\/2023\/06\/66505616_10216972270637940_5684453640765440_n-2-400x400.jpg 400w, https:\/\/static-blogs.diariosur.es\/wp-content\/uploads\/sites\/12\/2023\/06\/66505616_10216972270637940_5684453640765440_n-2.jpg 768w\" sizes=\"(max-width: 150px) 100vw, 150px\" \/><\/a><\/p>\n<p data-pm-slice=\"1 1 []\">Buenos d\u00edas, amigos de la meteo. Ma\u00f1ana lunes 5 de febrero a las once de la ma\u00f1ana estar\u00e9 en directo en la 101tv, en el programa Lleg\u00f3 la Hora de Roberto L\u00f3pez.<\/p>\n<h3><strong>Vamos primero con la mala noticia.<\/strong><\/h3>\n<p>El martes y mi\u00e9rcoles se espera terral en las zonas habituales de la provincia malague\u00f1a. Vendr\u00e1 acompa\u00f1ado de rachas de moderadas a fuertes. En algunos puntos pueden darse temperaturas m\u00e1ximas de 22 y 23 grados; en las comarcas de Ronda y Antequera rondar\u00e1n las m\u00e1ximas entre los 16 y 18. El jueves, aunque no tengamos terral, las temperaturas m\u00e1ximas estar\u00e1n por encima de la media.<\/p>\n<h3><strong>Ahora la buena noticia.<\/strong><\/h3>\n<p>A partir del mi\u00e9rcoles, el potente anticicl\u00f3n de bloqueo, que ha estado con nosotros mucho tiempo, empezar\u00e1 a debilitarse. Esto traer\u00e1 consigo que el chorro polar baje de latitud, lo que permitir\u00e1 que las borrascas se acerquen a la pen\u00ednsula. A esto hay que unirle un r\u00edo atmosf\u00e9rico de humedad que probablemente llegue tambi\u00e9n a la pen\u00ednsula; esto \u00faltimo a\u00fan no est\u00e1 confirmado y tampoco a qu\u00e9 zonas afectar\u00e1 m\u00e1s.<\/p>\n<p>Si alguno no sabe qu\u00e9 es un r\u00edo de humedad, la NOAA lo define as\u00ed:<\/p>\n<p><strong>\u00a0\u201c<em>Los r\u00edos atmosf\u00e9ricos (de humedad) son regiones relativamente largas y estrechas de la atm\u00f3sfera que transportan la mayor parte del vapor de agua fuera de los tr\u00f3picos.<\/em><\/strong><\/p>\n<p>Esperemos que los \u00e1bregos, el viento llovedor en Andaluc\u00eda, se queden bastantes d\u00edas.<\/p>\n<p>La probabilidad de lluvias es alta para la zona occidental de Andaluc\u00eda, pero a\u00fan quiero ser<strong> prudente<\/strong> para la provincia de M\u00e1laga. Ma\u00f1ana lunes o el martes, con los modelos actualizados, se ir\u00e1n aclarando los probables acumulados de precipitaci\u00f3n y sobre todo en qu\u00e9 zonas.<\/p>\n<p>Hoy domingo, el modelo europeo y americano dan estos acumulados en Andaluc\u00eda del viernes 9 al domingo 11. <strong>Vuelvo a insistir en que hasta lo m\u00e1s seguro, el martes no est\u00e9 claro.<\/strong> De cumplirse, la AEMET sacar\u00e1 una nota informativa o un aviso especial.<\/p>\n<p>Fuente: Meteologix<\/p>\n<p><strong>MODELO EUROPEO<\/strong><\/p>\n<p>&nbsp;<\/p>\n<p><a href=\"https:\/\/static-blogs.diariosur.es\/wp-content\/uploads\/sites\/12\/2024\/02\/malaga-europeo.jpg\"><img loading=\"lazy\" class=\"aligncenter size-full wp-image-39757\" src=\"https:\/\/static-blogs.diariosur.es\/wp-content\/uploads\/sites\/12\/2024\/02\/malaga-europeo.jpg\" alt=\"\" width=\"769\" height=\"761\" srcset=\"https:\/\/static-blogs.diariosur.es\/wp-content\/uploads\/sites\/12\/2024\/02\/malaga-europeo.jpg 769w, https:\/\/static-blogs.diariosur.es\/wp-content\/uploads\/sites\/12\/2024\/02\/malaga-europeo-404x400.jpg 404w, https:\/\/static-blogs.diariosur.es\/wp-content\/uploads\/sites\/12\/2024\/02\/malaga-europeo-768x760.jpg 768w\" sizes=\"(max-width: 769px) 100vw, 769px\" \/><\/a><\/p>\n<p><a href=\"https:\/\/static-blogs.diariosur.es\/wp-content\/uploads\/sites\/12\/2024\/02\/andalucia-europeo.jpg\"><img loading=\"lazy\" class=\"aligncenter size-full wp-image-39761\" src=\"https:\/\/static-blogs.diariosur.es\/wp-content\/uploads\/sites\/12\/2024\/02\/andalucia-europeo.jpg\" alt=\"\" width=\"767\" height=\"760\" srcset=\"https:\/\/static-blogs.diariosur.es\/wp-content\/uploads\/sites\/12\/2024\/02\/andalucia-europeo.jpg 767w, https:\/\/static-blogs.diariosur.es\/wp-content\/uploads\/sites\/12\/2024\/02\/andalucia-europeo-150x150.jpg 150w, https:\/\/static-blogs.diariosur.es\/wp-content\/uploads\/sites\/12\/2024\/02\/andalucia-europeo-404x400.jpg 404w\" sizes=\"(max-width: 767px) 100vw, 767px\" \/><\/a><\/p>\n<p>&nbsp;<\/p>\n<p>&nbsp;<\/p>\n<p>&nbsp;<\/p>\n<p><strong>MODELO AMERICANO<\/strong><\/p>\n<p>&nbsp;<\/p>\n<p><a href=\"https:\/\/static-blogs.diariosur.es\/wp-content\/uploads\/sites\/12\/2024\/02\/malaga-americano-1.jpg\"><img loading=\"lazy\" class=\"aligncenter size-full wp-image-39759\" src=\"https:\/\/static-blogs.diariosur.es\/wp-content\/uploads\/sites\/12\/2024\/02\/malaga-americano-1.jpg\" alt=\"\" width=\"768\" height=\"765\" srcset=\"https:\/\/static-blogs.diariosur.es\/wp-content\/uploads\/sites\/12\/2024\/02\/malaga-americano-1.jpg 768w, https:\/\/static-blogs.diariosur.es\/wp-content\/uploads\/sites\/12\/2024\/02\/malaga-americano-1-150x150.jpg 150w, https:\/\/static-blogs.diariosur.es\/wp-content\/uploads\/sites\/12\/2024\/02\/malaga-americano-1-402x400.jpg 402w\" sizes=\"(max-width: 768px) 100vw, 768px\" \/><\/a><\/p>\n<p><a href=\"https:\/\/static-blogs.diariosur.es\/wp-content\/uploads\/sites\/12\/2024\/02\/andalucia-amaericano.jpg\"><img loading=\"lazy\" class=\"aligncenter size-full wp-image-39760\" src=\"https:\/\/static-blogs.diariosur.es\/wp-content\/uploads\/sites\/12\/2024\/02\/andalucia-amaericano.jpg\" alt=\"\" width=\"766\" height=\"767\" srcset=\"https:\/\/static-blogs.diariosur.es\/wp-content\/uploads\/sites\/12\/2024\/02\/andalucia-amaericano.jpg 766w, https:\/\/static-blogs.diariosur.es\/wp-content\/uploads\/sites\/12\/2024\/02\/andalucia-amaericano-150x150.jpg 150w, https:\/\/static-blogs.diariosur.es\/wp-content\/uploads\/sites\/12\/2024\/02\/andalucia-amaericano-399x400.jpg 399w\" sizes=\"(max-width: 766px) 100vw, 766px\" \/><\/a><\/p>\n<p>&nbsp;<\/p>\n<p>Poco m\u00e1s que contar, amigos de la meteo. Nos vemos ma\u00f1ana con los modelos actualizados, ojala sigan dando estos acumulados.<\/p>\n<p>&nbsp;<\/p>\n","protected":false},"excerpt":{"rendered":"<p>Buenos d\u00edas, amigos de la meteo. Ma\u00f1ana lunes 5 de febrero a las once de la ma\u00f1ana estar\u00e9 en directo en la 101tv, en el programa Lleg\u00f3 la Hora de Roberto L\u00f3pez. Vamos primero con la mala noticia. El martes y mi\u00e9rcoles se espera terral en las zonas habituales de la provincia malague\u00f1a. Vendr\u00e1 acompa\u00f1ado [&hellip;]<\/p>\n","protected":false},"author":16,"featured_media":25712,"comment_status":"open","ping_status":"open","sticky":false,"template":"","format":"standard","meta":[],"categories":[2],"tags":[34,100,114,1541,358,360,569,587,909],"_links":{"self":[{"href":"https:\/\/blogs.diariosur.es\/tormentas-y-rayos\/wp-json\/wp\/v2\/posts\/39746"}],"collection":[{"href":"https:\/\/blogs.diariosur.es\/tormentas-y-rayos\/wp-json\/wp\/v2\/posts"}],"about":[{"href":"https:\/\/blogs.diariosur.es\/tormentas-y-rayos\/wp-json\/wp\/v2\/types\/post"}],"author":[{"embeddable":true,"href":"https:\/\/blogs.diariosur.es\/tormentas-y-rayos\/wp-json\/wp\/v2\/users\/16"}],"replies":[{"embeddable":true,"href":"https:\/\/blogs.diariosur.es\/tormentas-y-rayos\/wp-json\/wp\/v2\/comments?post=39746"}],"version-history":[{"count":14,"href":"https:\/\/blogs.diariosur.es\/tormentas-y-rayos\/wp-json\/wp\/v2\/posts\/39746\/revisions"}],"predecessor-version":[{"id":48293,"href":"https:\/\/blogs.diariosur.es\/tormentas-y-rayos\/wp-json\/wp\/v2\/posts\/39746\/revisions\/48293"}],"wp:featuredmedia":[{"embeddable":true,"href":"https:\/\/blogs.diariosur.es\/tormentas-y-rayos\/wp-json\/wp\/v2\/media\/25712"}],"wp:attachment":[{"href":"https:\/\/blogs.diariosur.es\/tormentas-y-rayos\/wp-json\/wp\/v2\/media?parent=39746"}],"wp:term":[{"taxonomy":"category","embeddable":true,"href":"https:\/\/blogs.diariosur.es\/tormentas-y-rayos\/wp-json\/wp\/v2\/categories?post=39746"},{"taxonomy":"post_tag","embeddable":true,"href":"https:\/\/blogs.diariosur.es\/tormentas-y-rayos\/wp-json\/wp\/v2\/tags?post=39746"}],"curies":[{"name":"wp","href":"https:\/\/api.w.org\/{rel}","templated":true}]}}