{"id":39768,"date":"2024-02-05T08:31:21","date_gmt":"2024-02-05T07:31:21","guid":{"rendered":"https:\/\/blogs.diariosur.es\/tormentas-y-rayos\/?p=39768"},"modified":"2024-02-05T10:29:35","modified_gmt":"2024-02-05T09:29:35","slug":"seguimiento-especial-lluvias-en-malaga-y-andalucia-probables-acumulados-viernes-y-sabado","status":"publish","type":"post","link":"https:\/\/blogs.diariosur.es\/tormentas-y-rayos\/2024\/02\/05\/seguimiento-especial-lluvias-en-malaga-y-andalucia-probables-acumulados-viernes-y-sabado\/","title":{"rendered":"Seguimiento especial lluvias en M\u00e1laga y Andaluc\u00eda. Probables acumulados viernes y s\u00e1bado."},"content":{"rendered":"<p><a href=\"https:\/\/static-blogs.diariosur.es\/wp-content\/uploads\/sites\/12\/2022\/12\/15003244_10209205767200208_5978289506419899153_o-1.jpg\"><img loading=\"lazy\" class=\"aligncenter size-thumbnail wp-image-35431\" src=\"https:\/\/static-blogs.diariosur.es\/wp-content\/uploads\/sites\/12\/2022\/12\/15003244_10209205767200208_5978289506419899153_o-1-150x150.jpg\" alt=\"\" width=\"150\" height=\"150\" srcset=\"https:\/\/static-blogs.diariosur.es\/wp-content\/uploads\/sites\/12\/2022\/12\/15003244_10209205767200208_5978289506419899153_o-1-150x150.jpg 150w, https:\/\/static-blogs.diariosur.es\/wp-content\/uploads\/sites\/12\/2022\/12\/15003244_10209205767200208_5978289506419899153_o-1-400x400.jpg 400w, https:\/\/static-blogs.diariosur.es\/wp-content\/uploads\/sites\/12\/2022\/12\/15003244_10209205767200208_5978289506419899153_o-1-768x768.jpg 768w, https:\/\/static-blogs.diariosur.es\/wp-content\/uploads\/sites\/12\/2022\/12\/15003244_10209205767200208_5978289506419899153_o-1.jpg 1069w\" sizes=\"(max-width: 150px) 100vw, 150px\" \/><\/a><\/p>\n<p>Muy buenos d\u00edas, amigos de la meteo. Os recuerdo que hoy lunes a las once de la ma\u00f1ana, estar\u00e9 en directo en la 101tv en el programa Lleg\u00f3 la Hora de Roberto L\u00f3pez. Hoy es el D\u00eda Mundial del Hombre y la mujer del Tiempo, muchas felicidades a tod@s mis amigos.<\/p>\n<p><a href=\"https:\/\/blogs.diariosur.es\/tormentas-y-rayos\/2024\/02\/04\/os-doy-una-mala-y-una-buena-noticia-del-tiempo-en-malaga-y-andalucia-manana-estare-en-llego-la-hora-101tv\/\"><strong>Ayer domingo os daba una mala y una buena noticia pinchar en el enlace<\/strong><\/a><\/p>\n<p>Con los modelos actualizados, os pongo los probables acumulados que dan europeo y el americano el viernes y s\u00e1bado hasta primeras horas de la tarde.<\/p>\n<p><span style=\"color: #ff0000;\"><strong>\u00a0Os recuerdo que hasta el mi\u00e9rcoles no se podr\u00e1 confirmar<\/strong>.<\/span><\/p>\n<p>La buena noticia es que los dos modelos coinciden mas o menos.<\/p>\n<p><strong>EUROPEO<\/strong><\/p>\n<p>&nbsp;<\/p>\n<p><a href=\"https:\/\/static-blogs.diariosur.es\/wp-content\/uploads\/sites\/12\/2024\/02\/malaga-europeo-1.jpg\"><img loading=\"lazy\" class=\"aligncenter size-full wp-image-39772\" src=\"https:\/\/static-blogs.diariosur.es\/wp-content\/uploads\/sites\/12\/2024\/02\/malaga-europeo-1.jpg\" alt=\"\" width=\"759\" height=\"778\" srcset=\"https:\/\/static-blogs.diariosur.es\/wp-content\/uploads\/sites\/12\/2024\/02\/malaga-europeo-1.jpg 759w, https:\/\/static-blogs.diariosur.es\/wp-content\/uploads\/sites\/12\/2024\/02\/malaga-europeo-1-390x400.jpg 390w\" sizes=\"(max-width: 759px) 100vw, 759px\" \/><\/a><\/p>\n<p><a href=\"https:\/\/static-blogs.diariosur.es\/wp-content\/uploads\/sites\/12\/2024\/02\/andalucia-europeo-1.jpg\"><img loading=\"lazy\" class=\"aligncenter size-full wp-image-39773\" src=\"https:\/\/static-blogs.diariosur.es\/wp-content\/uploads\/sites\/12\/2024\/02\/andalucia-europeo-1.jpg\" alt=\"\" width=\"758\" height=\"785\" srcset=\"https:\/\/static-blogs.diariosur.es\/wp-content\/uploads\/sites\/12\/2024\/02\/andalucia-europeo-1.jpg 758w, https:\/\/static-blogs.diariosur.es\/wp-content\/uploads\/sites\/12\/2024\/02\/andalucia-europeo-1-386x400.jpg 386w\" sizes=\"(max-width: 758px) 100vw, 758px\" \/><\/a><\/p>\n<p>&nbsp;<\/p>\n<p><strong>AMERICANO<\/strong><\/p>\n<p><a href=\"https:\/\/static-blogs.diariosur.es\/wp-content\/uploads\/sites\/12\/2024\/02\/malaga-americano-2.jpg\"><img loading=\"lazy\" class=\"aligncenter size-full wp-image-39774\" src=\"https:\/\/static-blogs.diariosur.es\/wp-content\/uploads\/sites\/12\/2024\/02\/malaga-americano-2.jpg\" alt=\"\" width=\"761\" height=\"791\" srcset=\"https:\/\/static-blogs.diariosur.es\/wp-content\/uploads\/sites\/12\/2024\/02\/malaga-americano-2.jpg 761w, https:\/\/static-blogs.diariosur.es\/wp-content\/uploads\/sites\/12\/2024\/02\/malaga-americano-2-385x400.jpg 385w\" sizes=\"(max-width: 761px) 100vw, 761px\" \/><\/a><\/p>\n<p><a href=\"https:\/\/static-blogs.diariosur.es\/wp-content\/uploads\/sites\/12\/2024\/02\/andaluc\u00eda-americano.jpg\"><img loading=\"lazy\" class=\"aligncenter size-full wp-image-39775\" src=\"https:\/\/static-blogs.diariosur.es\/wp-content\/uploads\/sites\/12\/2024\/02\/andaluc\u00eda-americano.jpg\" alt=\"\" width=\"761\" height=\"792\" srcset=\"https:\/\/static-blogs.diariosur.es\/wp-content\/uploads\/sites\/12\/2024\/02\/andaluc\u00eda-americano.jpg 761w, https:\/\/static-blogs.diariosur.es\/wp-content\/uploads\/sites\/12\/2024\/02\/andaluc\u00eda-americano-384x400.jpg 384w\" sizes=\"(max-width: 761px) 100vw, 761px\" \/><\/a><\/p>\n<p>&nbsp;<\/p>\n","protected":false},"excerpt":{"rendered":"<p>Muy buenos d\u00edas, amigos de la meteo. Os recuerdo que hoy lunes a las once de la ma\u00f1ana, estar\u00e9 en directo en la 101tv en el programa Lleg\u00f3 la Hora de Roberto L\u00f3pez. Hoy es el D\u00eda Mundial del Hombre y la mujer del Tiempo, muchas felicidades a tod@s mis amigos. Ayer domingo os daba [&hellip;]<\/p>\n","protected":false},"author":16,"featured_media":39777,"comment_status":"open","ping_status":"open","sticky":false,"template":"","format":"standard","meta":[],"categories":[2],"tags":[100,358,569,587,800,909],"_links":{"self":[{"href":"https:\/\/blogs.diariosur.es\/tormentas-y-rayos\/wp-json\/wp\/v2\/posts\/39768"}],"collection":[{"href":"https:\/\/blogs.diariosur.es\/tormentas-y-rayos\/wp-json\/wp\/v2\/posts"}],"about":[{"href":"https:\/\/blogs.diariosur.es\/tormentas-y-rayos\/wp-json\/wp\/v2\/types\/post"}],"author":[{"embeddable":true,"href":"https:\/\/blogs.diariosur.es\/tormentas-y-rayos\/wp-json\/wp\/v2\/users\/16"}],"replies":[{"embeddable":true,"href":"https:\/\/blogs.diariosur.es\/tormentas-y-rayos\/wp-json\/wp\/v2\/comments?post=39768"}],"version-history":[{"count":6,"href":"https:\/\/blogs.diariosur.es\/tormentas-y-rayos\/wp-json\/wp\/v2\/posts\/39768\/revisions"}],"predecessor-version":[{"id":39779,"href":"https:\/\/blogs.diariosur.es\/tormentas-y-rayos\/wp-json\/wp\/v2\/posts\/39768\/revisions\/39779"}],"wp:featuredmedia":[{"embeddable":true,"href":"https:\/\/blogs.diariosur.es\/tormentas-y-rayos\/wp-json\/wp\/v2\/media\/39777"}],"wp:attachment":[{"href":"https:\/\/blogs.diariosur.es\/tormentas-y-rayos\/wp-json\/wp\/v2\/media?parent=39768"}],"wp:term":[{"taxonomy":"category","embeddable":true,"href":"https:\/\/blogs.diariosur.es\/tormentas-y-rayos\/wp-json\/wp\/v2\/categories?post=39768"},{"taxonomy":"post_tag","embeddable":true,"href":"https:\/\/blogs.diariosur.es\/tormentas-y-rayos\/wp-json\/wp\/v2\/tags?post=39768"}],"curies":[{"name":"wp","href":"https:\/\/api.w.org\/{rel}","templated":true}]}}