{"id":39780,"date":"2024-02-06T08:06:23","date_gmt":"2024-02-06T07:06:23","guid":{"rendered":"https:\/\/blogs.diariosur.es\/tormentas-y-rayos\/?p=39780"},"modified":"2025-12-25T18:19:50","modified_gmt":"2025-12-25T17:19:50","slug":"el-tiempo-en-malaga-el-terral-protagonista-actualizacion-de-acumulados-de-lluvias","status":"publish","type":"post","link":"https:\/\/blogs.diariosur.es\/tormentas-y-rayos\/2024\/02\/06\/el-tiempo-en-malaga-el-terral-protagonista-actualizacion-de-acumulados-de-lluvias\/","title":{"rendered":"El tiempo en M\u00e1laga. El terral protagonista. Actualizaci\u00f3n de acumulados de lluvias."},"content":{"rendered":"<p><a href=\"https:\/\/static-blogs.diariosur.es\/wp-content\/uploads\/sites\/12\/2023\/09\/375323357_10227521084351690_5428862938073510864_n.jpg\"><img loading=\"lazy\" class=\"aligncenter size-thumbnail wp-image-38274\" src=\"https:\/\/static-blogs.diariosur.es\/wp-content\/uploads\/sites\/12\/2023\/09\/375323357_10227521084351690_5428862938073510864_n-150x150.jpg\" alt=\"\" width=\"150\" height=\"150\" \/><\/a><\/p>\n<p>&nbsp;<\/p>\n<p data-pm-slice=\"1 1 []\">Buenos d\u00edas, amigos de la meteo. Cuando son las siete de la ma\u00f1ana en M\u00e1laga capital, la estaci\u00f3n de la AEMET del aeropuerto registra 15 grados, los cielos est\u00e1n nubosos y la humedad es del 50%; estos d\u00edas pasados rondaba el 90%. Como os coment\u00e9 hace unos d\u00edas, hoy martes y ma\u00f1ana mi\u00e9rcoles tendremos terral de invierno en las zonas habituales de la provincia malague\u00f1a, pero no ser\u00e1 un terral fr\u00edo a las horas centrales del d\u00eda.<\/p>\n<p>El anticicl\u00f3n de bloqueo empieza a dar signos de debilitamiento; ayer ten\u00edamos hPa 1031 y en estos momentos 1025,\u00a0como pod\u00e9is ver en este gr\u00e1fico de la estaci\u00f3n de la AEMET del Aeropuerto de M\u00e1laga.<\/p>\n<p>&nbsp;<\/p>\n<p>&nbsp;<\/p>\n<p><a href=\"https:\/\/static-blogs.diariosur.es\/wp-content\/uploads\/sites\/12\/2024\/02\/Captura-de-pantalla-2024-02-06-080416.jpg\"><img loading=\"lazy\" class=\"aligncenter size-full wp-image-39786\" src=\"https:\/\/static-blogs.diariosur.es\/wp-content\/uploads\/sites\/12\/2024\/02\/Captura-de-pantalla-2024-02-06-080416.jpg\" alt=\"\" width=\"1039\" height=\"467\" srcset=\"https:\/\/static-blogs.diariosur.es\/wp-content\/uploads\/sites\/12\/2024\/02\/Captura-de-pantalla-2024-02-06-080416.jpg 1039w, https:\/\/static-blogs.diariosur.es\/wp-content\/uploads\/sites\/12\/2024\/02\/Captura-de-pantalla-2024-02-06-080416-640x288.jpg 640w, https:\/\/static-blogs.diariosur.es\/wp-content\/uploads\/sites\/12\/2024\/02\/Captura-de-pantalla-2024-02-06-080416-768x345.jpg 768w\" sizes=\"(max-width: 1039px) 100vw, 1039px\" \/><\/a><\/p>\n<p data-pm-slice=\"1 1 []\">Os pongo los acumulados actualizados que prev\u00e9n los modelos europeo y americano, desde el jueves al s\u00e1bado al mediod\u00eda;<a class=\"qbe-widget\" href=\"https:\/\/blogs.diariosur.es\/tormentas-y-rayos\/2024\/02\/05\/seguimiento-especial-lluvias-en-malaga-y-andalucia-probables-acumulados-viernes-y-sabado\/\" target=\"_blank\" rel=\"noopener noreferrer\"> si veis los de ayer, han cambiado un poco.\u00a0<\/a><\/p>\n<p>Os recuerdo de nuevo que ser\u00e1 el viernes cuando m\u00e1s llueva en la provincia malague\u00f1a. Para el domingo a\u00fan no est\u00e1 muy claro.<\/p>\n<p>EUROPEO<\/p>\n<p>&nbsp;<\/p>\n<p><a href=\"https:\/\/static-blogs.diariosur.es\/wp-content\/uploads\/sites\/12\/2024\/02\/andaluc\u00eda-europeo.jpg\"><img loading=\"lazy\" class=\"aligncenter size-full wp-image-39781\" src=\"https:\/\/static-blogs.diariosur.es\/wp-content\/uploads\/sites\/12\/2024\/02\/andaluc\u00eda-europeo.jpg\" alt=\"\" width=\"765\" height=\"786\" srcset=\"https:\/\/static-blogs.diariosur.es\/wp-content\/uploads\/sites\/12\/2024\/02\/andaluc\u00eda-europeo.jpg 765w, https:\/\/static-blogs.diariosur.es\/wp-content\/uploads\/sites\/12\/2024\/02\/andaluc\u00eda-europeo-389x400.jpg 389w\" sizes=\"(max-width: 765px) 100vw, 765px\" \/><\/a> <a href=\"https:\/\/static-blogs.diariosur.es\/wp-content\/uploads\/sites\/12\/2024\/02\/malaga-europeo-2.jpg\"><img loading=\"lazy\" class=\"aligncenter size-full wp-image-39782\" src=\"https:\/\/static-blogs.diariosur.es\/wp-content\/uploads\/sites\/12\/2024\/02\/malaga-europeo-2.jpg\" alt=\"\" width=\"760\" height=\"791\" srcset=\"https:\/\/static-blogs.diariosur.es\/wp-content\/uploads\/sites\/12\/2024\/02\/malaga-europeo-2.jpg 760w, https:\/\/static-blogs.diariosur.es\/wp-content\/uploads\/sites\/12\/2024\/02\/malaga-europeo-2-384x400.jpg 384w\" sizes=\"(max-width: 760px) 100vw, 760px\" \/><\/a><\/p>\n<p>AMERICANO<\/p>\n<p>&nbsp;<\/p>\n<p><a href=\"https:\/\/static-blogs.diariosur.es\/wp-content\/uploads\/sites\/12\/2024\/02\/malaga-americano-3.jpg\"><img loading=\"lazy\" class=\"aligncenter size-full wp-image-39784\" src=\"https:\/\/static-blogs.diariosur.es\/wp-content\/uploads\/sites\/12\/2024\/02\/malaga-americano-3.jpg\" alt=\"\" width=\"769\" height=\"781\" srcset=\"https:\/\/static-blogs.diariosur.es\/wp-content\/uploads\/sites\/12\/2024\/02\/malaga-americano-3.jpg 769w, https:\/\/static-blogs.diariosur.es\/wp-content\/uploads\/sites\/12\/2024\/02\/malaga-americano-3-394x400.jpg 394w, https:\/\/static-blogs.diariosur.es\/wp-content\/uploads\/sites\/12\/2024\/02\/malaga-americano-3-768x780.jpg 768w\" sizes=\"(max-width: 769px) 100vw, 769px\" \/><\/a><\/p>\n<p>&nbsp;<\/p>\n<p><a href=\"https:\/\/static-blogs.diariosur.es\/wp-content\/uploads\/sites\/12\/2024\/02\/andalucia-americano.jpg\"><img loading=\"lazy\" class=\"aligncenter size-full wp-image-39785\" src=\"https:\/\/static-blogs.diariosur.es\/wp-content\/uploads\/sites\/12\/2024\/02\/andalucia-americano.jpg\" alt=\"\" width=\"762\" height=\"785\" srcset=\"https:\/\/static-blogs.diariosur.es\/wp-content\/uploads\/sites\/12\/2024\/02\/andalucia-americano.jpg 762w, https:\/\/static-blogs.diariosur.es\/wp-content\/uploads\/sites\/12\/2024\/02\/andalucia-americano-388x400.jpg 388w\" sizes=\"(max-width: 762px) 100vw, 762px\" \/><\/a><\/p>\n<p>&nbsp;<\/p>\n<p>Os dejo con esta bonita foto de mi amigo Crist\u00f3bal Gambero desde Mijas Pueblo. El viernes iremos al cole con paraguas.<\/p>\n<p>&nbsp;<\/p>\n<p><a href=\"https:\/\/static-blogs.diariosur.es\/wp-content\/uploads\/sites\/12\/2022\/09\/90989310_2804256612956648_9182223952351592448_n.jpg\"><img loading=\"lazy\" class=\"aligncenter size-full wp-image-34478\" src=\"https:\/\/static-blogs.diariosur.es\/wp-content\/uploads\/sites\/12\/2022\/09\/90989310_2804256612956648_9182223952351592448_n.jpg\" alt=\"\" width=\"722\" height=\"960\" srcset=\"https:\/\/static-blogs.diariosur.es\/wp-content\/uploads\/sites\/12\/2022\/09\/90989310_2804256612956648_9182223952351592448_n.jpg 722w, https:\/\/static-blogs.diariosur.es\/wp-content\/uploads\/sites\/12\/2022\/09\/90989310_2804256612956648_9182223952351592448_n-301x400.jpg 301w\" sizes=\"(max-width: 722px) 100vw, 722px\" \/><\/a><\/p>\n<p>&nbsp;<\/p>\n","protected":false},"excerpt":{"rendered":"<p>&nbsp; Buenos d\u00edas, amigos de la meteo. Cuando son las siete de la ma\u00f1ana en M\u00e1laga capital, la estaci\u00f3n de la AEMET del aeropuerto registra 15 grados, los cielos est\u00e1n nubosos y la humedad es del 50%; estos d\u00edas pasados rondaba el 90%. Como os coment\u00e9 hace unos d\u00edas, hoy martes y ma\u00f1ana mi\u00e9rcoles tendremos [&hellip;]<\/p>\n","protected":false},"author":16,"featured_media":34478,"comment_status":"open","ping_status":"open","sticky":false,"template":"","format":"standard","meta":[],"categories":[2],"tags":[100,358,569,587,800,909],"_links":{"self":[{"href":"https:\/\/blogs.diariosur.es\/tormentas-y-rayos\/wp-json\/wp\/v2\/posts\/39780"}],"collection":[{"href":"https:\/\/blogs.diariosur.es\/tormentas-y-rayos\/wp-json\/wp\/v2\/posts"}],"about":[{"href":"https:\/\/blogs.diariosur.es\/tormentas-y-rayos\/wp-json\/wp\/v2\/types\/post"}],"author":[{"embeddable":true,"href":"https:\/\/blogs.diariosur.es\/tormentas-y-rayos\/wp-json\/wp\/v2\/users\/16"}],"replies":[{"embeddable":true,"href":"https:\/\/blogs.diariosur.es\/tormentas-y-rayos\/wp-json\/wp\/v2\/comments?post=39780"}],"version-history":[{"count":3,"href":"https:\/\/blogs.diariosur.es\/tormentas-y-rayos\/wp-json\/wp\/v2\/posts\/39780\/revisions"}],"predecessor-version":[{"id":48295,"href":"https:\/\/blogs.diariosur.es\/tormentas-y-rayos\/wp-json\/wp\/v2\/posts\/39780\/revisions\/48295"}],"wp:featuredmedia":[{"embeddable":true,"href":"https:\/\/blogs.diariosur.es\/tormentas-y-rayos\/wp-json\/wp\/v2\/media\/34478"}],"wp:attachment":[{"href":"https:\/\/blogs.diariosur.es\/tormentas-y-rayos\/wp-json\/wp\/v2\/media?parent=39780"}],"wp:term":[{"taxonomy":"category","embeddable":true,"href":"https:\/\/blogs.diariosur.es\/tormentas-y-rayos\/wp-json\/wp\/v2\/categories?post=39780"},{"taxonomy":"post_tag","embeddable":true,"href":"https:\/\/blogs.diariosur.es\/tormentas-y-rayos\/wp-json\/wp\/v2\/tags?post=39780"}],"curies":[{"name":"wp","href":"https:\/\/api.w.org\/{rel}","templated":true}]}}