{"id":39790,"date":"2024-02-06T15:15:10","date_gmt":"2024-02-06T14:15:10","guid":{"rendered":"https:\/\/blogs.diariosur.es\/tormentas-y-rayos\/?p=39790"},"modified":"2024-02-06T15:15:10","modified_gmt":"2024-02-06T14:15:10","slug":"borrasca-karlotta-aviso-especial-por-fenomenos-adversos","status":"publish","type":"post","link":"https:\/\/blogs.diariosur.es\/tormentas-y-rayos\/2024\/02\/06\/borrasca-karlotta-aviso-especial-por-fenomenos-adversos\/","title":{"rendered":"Borrasca Karlotta. Aviso especial por fen\u00f3menos adversos."},"content":{"rendered":"<p><a href=\"https:\/\/static-blogs.diariosur.es\/wp-content\/uploads\/sites\/12\/2023\/10\/391553712_10227849747128054_5906882869659171719_n.jpg\"><img loading=\"lazy\" class=\"aligncenter size-thumbnail wp-image-38725\" src=\"https:\/\/static-blogs.diariosur.es\/wp-content\/uploads\/sites\/12\/2023\/10\/391553712_10227849747128054_5906882869659171719_n-150x150.jpg\" alt=\"\" width=\"150\" height=\"150\" \/><\/a><\/p>\n<p>Buenas tardes, amigos de la meteo. La aemet ha sacado un aviso especial por fen\u00f3menos adversos.<\/p>\n<p>1.-Fen\u00f3meno meteorol\u00f3gico: Viento, temporal mar\u00edtimo y lluvia.<br \/>\n2.-\u00c1mbito geogr\u00e1fico: Pen\u00ednsula y Baleares.<br \/>\n3.-Comienzo de la situaci\u00f3n: Jueves 8.<br \/>\n4.-Duraci\u00f3n: Probablemente hasta el s\u00e1bado 10.<br \/>\n5.-Grado de probabilidad: Alto (80 %).<br \/>\n6.-Descripci\u00f3n de la situaci\u00f3n meteorol\u00f3gica:<br \/>\nTras varias semanas donde ha predominado el tiempo estable y lo m\u00e1s destacado ha sido la formaci\u00f3n de estratos bajos que han dado lugar a nieblas y, en aquellas zonas que no se han visto<br \/>\nafectadas, temperaturas muy altas para la \u00e9poca del a\u00f1o, comienza ya a debilitarse el bloqueo anticicl\u00f3nico, permitiendo as\u00ed la entrada de perturbaciones atmosf\u00e9ricas. Ma\u00f1ana mi\u00e9rcoles se nos<br \/>\naproximar\u00e1 una borrasca atl\u00e1ntica de gran impacto nombrada como \u201cKarlotta\u201d y, en los d\u00edas siguientes, sus frentes asociados cruzar\u00e1n la Pen\u00ednsula y Baleares, dando as\u00ed lugar a un episodio de<br \/>\nviento intenso con temporal mar\u00edtimo y precipitaciones generalizadas que, probablemente, durar\u00e1 hasta el s\u00e1bado 10.<br \/>\nA \u00faltimas horas del mi\u00e9rcoles 7 ya se esperan los primeros efectos de Karlotta en los litorales gallegos, con rachas de viento muy fuertes del suroeste, as\u00ed como las primeras precipitaciones. El<br \/>\njueves 8 las precipitaciones se extender\u00e1n a la mitad occidental peninsular y Pirineos occidentales, aunque se espera que sean m\u00e1s intensas y sobre todo persistentes en Galicia. Respecto al viento,<br \/>\neste d\u00eda el \u00e1rea m\u00e1s afectada ser\u00e1 el cuadrante noroeste peninsular con rachas muy fuertes en amplias zonas, pero que ser\u00e1n especialmente intensas en la cordillera Cant\u00e1brica y en Galicia donde<br \/>\nse podr\u00edan superar los 100 km\/h, con un fuerte temporal mar\u00edtimo en las costas gallegas. Tambi\u00e9n se esperan rachas muy fuertes en otros sistemas monta\u00f1osos de la Pen\u00ednsula, como Pirineos, el<br \/>\nsistema Ib\u00e9rico, el sistema Central y a \u00faltimas horas del d\u00eda en los sistemas B\u00e9ticos. El viernes 9 las precipitaciones se generalizar\u00e1n a la pr\u00e1ctica totalidad de la Pen\u00ednsula, afectando tambi\u00e9n a Baleares, Ceuta, Melilla y el norte de las islas Canarias. Los mayores acumulados se esperan otra vez en Galicia, pero tambi\u00e9n en el cuadrante suroeste peninsular y en los Pirineos.<br \/>\nLas precipitaciones ser\u00e1n m\u00e1s d\u00e9biles y menos probables en el \u00e1rea Cant\u00e1brica, extremos nordeste y sudeste peninsular, Baleares y Canarias. El viento en el cuadrante noroeste peninsular y en el<br \/>\nresto de los sistemas monta\u00f1osos ir\u00e1 perdiendo intensidad progresivamente, aunque todav\u00eda podr\u00e1n darse rachas muy fuertes durante la primera mitad de este d\u00eda, sobre todo en la cordillera<br \/>\nCant\u00e1brica y en Pirineos. Por el contrario, arreciar\u00e1 el viento en el sur, con probables rachas muy fuertes de poniente en litorales de Andaluc\u00eda, tanto atl\u00e1nticos como mediterr\u00e1neos, as\u00ed como<br \/>\nen Ceuta, con el consiguiente temporal costero en el golfo de C\u00e1diz, Estrecho y mar de Albor\u00e1n. Con alta incertidumbre podr\u00e1 afectar tambi\u00e9n a Baleares, siendo m\u00e1s probable en las islas Pitiusas.<br \/>\nEl s\u00e1bado 10 se espera una situaci\u00f3n postfrontal, imponi\u00e9ndose progresivamente la estabilidad atmosf\u00e9rica y finalizando as\u00ed las condiciones que han dado lugar a este aviso especial. Aunque las precipitaciones ir\u00e1n perdiendo intensidad y tender\u00e1n a remitir, todav\u00eda se esperan en el \u00e1rea Cant\u00e1brica, mitad este peninsular, Ceuta, Melilla y Baleares, m\u00e1s probables e intensas durante la primera mitad del d\u00eda. Las temperaturas sufrir\u00e1n un descenso acusado este d\u00eda lo que provocar\u00e1 una bajada significativa de la cota de nieve, que se situar\u00e1 entre 1000-1500 m, con nevadas d\u00e9biles<br \/>\nen los principales sistemas monta\u00f1osos de la Pen\u00ednsula, esper\u00e1ndose los mayores acumulados en Pirineos. En cuanto al viento, por un lado se establecer\u00e1 cierzo en el valle del Ebro y tramontana<br \/>\nen Ampurd\u00e1n, con probables rachas de viento muy fuertes. Por otro lado continuar\u00e1 el temporal mar\u00edtimo en Albor\u00e1n y se extender\u00e1 tambi\u00e9n al Mediterr\u00e1neo, con probables rachas muy fuertes<br \/>\nde viento de poniente en litorales de Andaluc\u00eda oriental, Melilla, monta\u00f1as del sureste peninsular y en Baleares. A \u00faltimas horas del d\u00eda se espera que el viento empiece a perder intensidad.<\/p>\n<p>&nbsp;<\/p>\n","protected":false},"excerpt":{"rendered":"<p>Buenas tardes, amigos de la meteo. La aemet ha sacado un aviso especial por fen\u00f3menos adversos. 1.-Fen\u00f3meno meteorol\u00f3gico: Viento, temporal mar\u00edtimo y lluvia. 2.-\u00c1mbito geogr\u00e1fico: Pen\u00ednsula y Baleares. 3.-Comienzo de la situaci\u00f3n: Jueves 8. 4.-Duraci\u00f3n: Probablemente hasta el s\u00e1bado 10. 5.-Grado de probabilidad: Alto (80 %). 6.-Descripci\u00f3n de la situaci\u00f3n meteorol\u00f3gica: Tras varias semanas donde [&hellip;]<\/p>\n","protected":false},"author":16,"featured_media":39177,"comment_status":"open","ping_status":"open","sticky":false,"template":"","format":"standard","meta":[],"categories":[2],"tags":[188,1878,569,1059],"_links":{"self":[{"href":"https:\/\/blogs.diariosur.es\/tormentas-y-rayos\/wp-json\/wp\/v2\/posts\/39790"}],"collection":[{"href":"https:\/\/blogs.diariosur.es\/tormentas-y-rayos\/wp-json\/wp\/v2\/posts"}],"about":[{"href":"https:\/\/blogs.diariosur.es\/tormentas-y-rayos\/wp-json\/wp\/v2\/types\/post"}],"author":[{"embeddable":true,"href":"https:\/\/blogs.diariosur.es\/tormentas-y-rayos\/wp-json\/wp\/v2\/users\/16"}],"replies":[{"embeddable":true,"href":"https:\/\/blogs.diariosur.es\/tormentas-y-rayos\/wp-json\/wp\/v2\/comments?post=39790"}],"version-history":[{"count":3,"href":"https:\/\/blogs.diariosur.es\/tormentas-y-rayos\/wp-json\/wp\/v2\/posts\/39790\/revisions"}],"predecessor-version":[{"id":39793,"href":"https:\/\/blogs.diariosur.es\/tormentas-y-rayos\/wp-json\/wp\/v2\/posts\/39790\/revisions\/39793"}],"wp:featuredmedia":[{"embeddable":true,"href":"https:\/\/blogs.diariosur.es\/tormentas-y-rayos\/wp-json\/wp\/v2\/media\/39177"}],"wp:attachment":[{"href":"https:\/\/blogs.diariosur.es\/tormentas-y-rayos\/wp-json\/wp\/v2\/media?parent=39790"}],"wp:term":[{"taxonomy":"category","embeddable":true,"href":"https:\/\/blogs.diariosur.es\/tormentas-y-rayos\/wp-json\/wp\/v2\/categories?post=39790"},{"taxonomy":"post_tag","embeddable":true,"href":"https:\/\/blogs.diariosur.es\/tormentas-y-rayos\/wp-json\/wp\/v2\/tags?post=39790"}],"curies":[{"name":"wp","href":"https:\/\/api.w.org\/{rel}","templated":true}]}}