{"id":39807,"date":"2024-02-09T18:49:51","date_gmt":"2024-02-09T17:49:51","guid":{"rendered":"https:\/\/blogs.diariosur.es\/tormentas-y-rayos\/?p=39807"},"modified":"2025-12-25T18:30:22","modified_gmt":"2025-12-25T17:30:22","slug":"acumulados-de-precipitacion-en-la-provincia-de-malaga-viernes-dia-nueve-hasta-las-1800-horas","status":"publish","type":"post","link":"https:\/\/blogs.diariosur.es\/tormentas-y-rayos\/2024\/02\/09\/acumulados-de-precipitacion-en-la-provincia-de-malaga-viernes-dia-nueve-hasta-las-1800-horas\/","title":{"rendered":"Acumulados de precipitaci\u00f3n en la provincia de M\u00e1laga, viernes d\u00eda nueve hasta las 18:00 horas."},"content":{"rendered":"<blockquote><p><a href=\"https:\/\/static-blogs.diariosur.es\/wp-content\/uploads\/sites\/12\/2023\/10\/243418660_10223324765526342_8448445083528661051_n.jpg\"><img loading=\"lazy\" class=\"aligncenter size-thumbnail wp-image-38644\" src=\"https:\/\/static-blogs.diariosur.es\/wp-content\/uploads\/sites\/12\/2023\/10\/243418660_10223324765526342_8448445083528661051_n-150x150.jpg\" alt=\"\" width=\"150\" height=\"150\" \/><\/a><\/p><\/blockquote>\n<p data-pm-slice=\"1 1 []\">Buenos d\u00edas, amigos de la meteo. Os paso los acumulados de precipitaci\u00f3n de hoy viernes hasta las 18:00. En algunas zonas de la provincia sigue lloviendo.<\/p>\n<p>Ya hac\u00eda tiempo que la Axarqu\u00eda no se ve\u00eda tan beneficiada por las lluvias. Destacar una racha de viento en<strong> Alhaur\u00edn el Grande de 109 km\/h,<\/strong> estaci\u00f3n con sello de calidad de Meteoclimatic.<\/p>\n<p>Os paso muchos datos, pero antes, os pongo un video desde el Parador de Gibralfaro que grab\u00e9 ayer a las 10:30 de la ma\u00f1ana.<\/p>\n<p>Fuentes: Red Hidrosur, Meteoclimatic, Acamet, Wunderground, Aemet.<\/p>\n<p>Redondeo los litros. Recordar que mm es litro por metro cuadrado.<\/p>\n<p>&nbsp;<\/p>\n<p>&nbsp;<\/p>\n<p><iframe loading=\"lazy\" title=\"YouTube video player\" src=\"https:\/\/www.youtube.com\/embed\/SvHhu2mQl2s?si=38HcHaxgAF8revP1\" width=\"560\" height=\"315\" frameborder=\"0\" allowfullscreen=\"allowfullscreen\"><\/iframe><\/p>\n<p>&nbsp;<\/p>\n<p><strong>Pilones Sierra de las Nieves Tolox 66.5 mm ACAMET\u00a0<\/strong><\/p>\n<p><strong>Parauta 55,8 mm\u00a0ACAMET<\/strong><\/p>\n<p><strong>Montejaque<\/strong>\u00a0<strong> 72,4 mm\u00a0ACAMET<\/strong><\/p>\n<p><strong>Cartajima 108 mm\u00a0ACAMET<\/strong><\/p>\n<p><strong>Sierra Negra Co\u00edn 60 mm ACAMET<\/strong><\/p>\n<p><strong><span style=\"color: #000000;\">Los Reales\u00a0 \u00a081 mm<\/span><\/strong><\/p>\n<p><strong><span style=\"color: #000000;\">Majada de las Lomas\u00a0 91 mm<\/span><\/strong><\/p>\n<p><strong><span style=\"color: #000000;\">Rio Genal Jubrique\u00a0 64 mm<\/span><\/strong><\/p>\n<p><strong><span style=\"color: #000000;\">Pujerra\u00a0 37 mm<\/span><\/strong><\/p>\n<p><strong><span style=\"color: #000000;\">Alpandeire\u00a0 55 mm<\/span><\/strong><\/p>\n<p><strong><span style=\"color: #000000;\">Benahav\u00eds\u00a0 \u00a038 mm<\/span><\/strong><\/p>\n<p><strong><span style=\"color: #000000;\">R\u00edo Guadiaro\u00a0 62 mm<\/span><\/strong><\/p>\n<p><strong><span style=\"color: #000000;\">Rio Grande Majaceite\u00a0 62 mm<\/span><\/strong><\/p>\n<p><strong><span style=\"color: #000000;\">El Colmenar las Buitreras 64 mm\u00a0<\/span><\/strong><\/p>\n<p><strong><span style=\"color: #000000;\">Estepona\u00a0 40 mm<\/span><\/strong><\/p>\n<p><strong><span style=\"color: #000000;\">Gauc\u00edn\u00a0 \u00a090 mm<\/span><\/strong><\/p>\n<p><strong>Fuengirola\u00a0 42 mm\u00a0<\/strong><\/p>\n<p><strong><span style=\"color: #000000;\">Cortes de la Frontera\u00a0 90 mm<\/span><\/strong><\/p>\n<p><span style=\"color: #0000ff;\"><strong>Embalse Casasola\u00a0 16 mm<\/strong><\/span><\/p>\n<p><span style=\"color: #0000ff;\"><strong>Embalse de la Concepci\u00f3n 63 mm<\/strong><\/span><\/p>\n<p><span style=\"color: #0000ff;\"><strong>Embalse del Limonero\u00a0 12 mm<\/strong><\/span><\/p>\n<p><span style=\"color: #0000ff;\"><strong>Embalse Guadalteba\u00a0 16 mm<\/strong><\/span><\/p>\n<p><span style=\"color: #0000ff;\"><strong>Embalse de la Vi\u00f1uela\u00a0 35 mm<\/strong><\/span><\/p>\n<p><strong>Benalm\u00e1dena Arroyo de la Miel 33 mm<\/strong><\/p>\n<p><strong><span style=\"color: #000000;\">Sierra Mijas 32 mm<\/span><\/strong><\/p>\n<p><strong><span style=\"color: #000000;\">Ojen\u00a0 70 mm<\/span><\/strong><\/p>\n<p><strong><span style=\"color: #000000;\">El Torcal 32 mm<\/span><\/strong><\/p>\n<p><strong><span style=\"color: #000000;\">Depuradora del Atabal\u00a0 15 mm<\/span><\/strong><\/p>\n<p><strong><span style=\"color: #000000;\">Depuradora de Marbella\u00a0 53 mm<\/span><\/strong><\/p>\n<p><strong><span style=\"color: #000000;\">Santo Pitar\u00a0 32 mm<\/span><\/strong><\/p>\n<p><strong><span style=\"color: #000000;\">Ca\u00f1ete La Real\u00a0 28 mm<\/span><\/strong><\/p>\n<p><strong><span style=\"color: #000000;\">Ronda\u00a0 23 mm<\/span><\/strong><\/p>\n<p><strong><span style=\"color: #000000;\">Laguna de Fuente Piedra\u00a0 21 mm<\/span><\/strong><\/p>\n<p><strong>Antequera 21 mm<\/strong><\/p>\n<p><strong><span style=\"color: #000000;\">Coin 17 mm<\/span><\/strong><\/p>\n<p><strong><span style=\"color: #000000;\">Alcauc\u00edn\u00a0 38 mm<\/span><\/strong><\/p>\n<p><strong><span style=\"color: #000000;\">Rio Guadalhorce C\u00e1rtama\u00a0 11 mm<\/span><\/strong><\/p>\n<p><strong><span style=\"color: #000000;\">Villanueva de la Concepci\u00f3n\u00a0 43 mm<\/span><\/strong><\/p>\n<p><strong><span style=\"color: #000000;\">Casarabonela 14 mm<\/span><\/strong><\/p>\n<p><strong><span style=\"color: #000000;\">Colmenar 42 mm<\/span><\/strong><\/p>\n<p><strong><span style=\"color: #000000;\">Alfarnatejo\u00a0 55 mm<\/span><\/strong><\/p>\n<p><strong><span style=\"color: #000000;\">Rio Benamargosa\u00a0 47 mm<\/span><\/strong><\/p>\n<p><strong><span style=\"color: #000000;\">Torrox\u00a0 38 mm<\/span><\/strong><\/p>\n<p><strong><span style=\"color: #000000;\">Torre del Mar 40 mm<\/span><\/strong><\/p>\n<p><strong>M\u00e1laga Aeropuerto 20.7 mm<\/strong><\/p>\n<p><strong>Fuengirola\u00a0 42.5 mm<\/strong><\/p>\n<p><strong><span style=\"color: #000000;\">Fahala 10 mm<\/span><\/strong><\/p>\n<p><strong><span style=\"color: #000000;\">Rio Guadalhorce Bobadilla 14 mm<\/span><\/strong><\/p>\n<p><strong><span style=\"color: #000000;\">Rio Tur\u00f3n Ardales 5 mm<\/span><\/strong><\/p>\n<p><strong><span style=\"color: #000000;\">R\u00edo Guadalteba\u00a0 14 mm<\/span><\/strong><\/p>\n<p><strong><span style=\"color: #000000;\">Rio Guadalhorce Archidona\u00a0 21 mm<\/span><\/strong><\/p>\n<p><strong><span style=\"color: #000000;\">Alameda 28 mm<\/span><\/strong><\/p>\n<p><strong>El Colmenar Las Buitreras 65 mm<\/strong><\/p>\n<p><strong><span style=\"color: #000000;\">Algatocin\u00a0 61 mm<\/span><\/strong><\/p>\n<p><strong><span style=\"color: #000000;\">Alhaur\u00edn de la Torre\u00a0 11 mm<\/span><\/strong><\/p>\n<p><strong>El Palo M\u00e1laga Miraflores 41 mm<\/strong><\/p>\n<p><strong><span style=\"color: #000000;\">Alhaur\u00edn el Grande\u00a0 21 mm<\/span><\/strong><\/p>\n<p><strong><span style=\"color: #000000;\">Archidona Huertas del R\u00edo\u00a0 17 mm<\/span><\/strong><\/p>\n<p><strong><span style=\"color: #000000;\">Archidona Puerta de la Hoya 21 mm<\/span><\/strong><\/p>\n<p><strong><span style=\"color: #000000;\">Arroyo de la Miel 36<\/span><\/strong><\/p>\n<p><strong><span style=\"color: #000000;\">Avda. Jose Ortega y Gasset M\u00e1laga 19 mm<\/span><\/strong><strong><span style=\"color: #000000;\">\u00a0<\/span><\/strong><\/p>\n<p><strong><span style=\"color: #000000;\">\u00c1lora\u00a0 9 mm<\/span><\/strong><\/p>\n<p><strong><span style=\"color: #000000;\">Algarrobo\u00a0 38 mm<\/span><\/strong><\/p>\n<p><strong><span style=\"color: #000000;\">C\u00e1rtama Sierra Llana\u00a0 10 mm<\/span><\/strong><\/p>\n<p><strong><span style=\"color: #000000;\">Ist\u00e1n\u00a0 51 mm<\/span><\/strong><\/p>\n<p><strong><span style=\"color: #000000;\">La Cala del Moral\u00a0 41 mm<\/span><\/strong><\/p>\n<p><strong><span style=\"color: #000000;\">Las Lagunas Mijas Costa\u00a0 43 mm<\/span><\/strong><\/p>\n<p><strong><span style=\"color: #000000;\">Mijas Pueblo\u00a0 \u00a041 mm<\/span><\/strong><\/p>\n<p><strong><span style=\"color: #000000;\">Nerja las Palmeras\u00a0 49 mm<\/span><\/strong><\/p>\n<p><strong><span style=\"color: #000000;\">Rinc\u00f3n de la Victoria\u00a0 42 mm<\/span><\/strong><\/p>\n<p><strong><span style=\"color: #000000;\">Tolox 57<\/span><\/strong><\/p>\n<p><strong><span style=\"color: #000000;\">Torremolinos 24 mm<\/span><\/strong><\/p>\n<p><strong><span style=\"color: #000000;\">Valle de Abdalaj\u00eds<\/span><\/strong><\/p>\n<p><strong><span style=\"color: #000000;\">V\u00e9lez M\u00e1laga\u00a0 41 mm<\/span><\/strong><\/p>\n<p><strong><span style=\"color: #000000;\">M\u00e1laga Aeropuerto\u00a0 20 mm<\/span><\/strong><\/p>\n<p><strong>El Borge 58 mm<\/strong><\/p>\n<p><strong>Canillas del Aceituno\u00a0 44 mm<\/strong><\/p>\n<p><strong>C\u00f3mpeta 72 mm<\/strong><\/p>\n<p><strong>Frigiliana 48 mm<\/strong><\/p>\n<p><strong>Archez 56 mm<\/strong><\/p>\n<p><strong>Alcaucin\u00a0 56 mm<\/strong><\/p>\n<p><strong>Venta Zafarraya\u00a0 87 mm<\/strong><\/p>\n<p><strong>Villanueva del Rosario 35 mm<\/strong><\/p>\n<p><strong>Benamocarra\u00a0 52 mm<\/strong><\/p>\n<p><strong>Almarchar\u00a0 \u00a056 mm<\/strong><\/p>\n<p><strong>Comares\u00a0 46 mm<\/strong><\/p>\n<p><strong>Casabermeja 33 mm<\/strong><\/p>\n<p>Gracias amigo Salvador por servir de modelo. Los tomates se te pondr\u00e1n muy buenos jijij.<\/p>\n<p>&nbsp;<\/p>\n<p><a href=\"https:\/\/static-blogs.diariosur.es\/wp-content\/uploads\/sites\/12\/2024\/02\/427035399_10228369786208706_8396063570080510517_n.jpg\"><img loading=\"lazy\" class=\"aligncenter size-full wp-image-39825\" src=\"https:\/\/static-blogs.diariosur.es\/wp-content\/uploads\/sites\/12\/2024\/02\/427035399_10228369786208706_8396063570080510517_n.jpg\" alt=\"\" width=\"1200\" height=\"900\" srcset=\"https:\/\/static-blogs.diariosur.es\/wp-content\/uploads\/sites\/12\/2024\/02\/427035399_10228369786208706_8396063570080510517_n.jpg 1200w, https:\/\/static-blogs.diariosur.es\/wp-content\/uploads\/sites\/12\/2024\/02\/427035399_10228369786208706_8396063570080510517_n-533x400.jpg 533w, https:\/\/static-blogs.diariosur.es\/wp-content\/uploads\/sites\/12\/2024\/02\/427035399_10228369786208706_8396063570080510517_n-768x576.jpg 768w\" sizes=\"(max-width: 1200px) 100vw, 1200px\" \/><\/a><\/p>\n","protected":false},"excerpt":{"rendered":"<p>Buenos d\u00edas, amigos de la meteo. Os paso los acumulados de precipitaci\u00f3n de hoy viernes hasta las 18:00. En algunas zonas de la provincia sigue lloviendo. Ya hac\u00eda tiempo que la Axarqu\u00eda no se ve\u00eda tan beneficiada por las lluvias. Destacar una racha de viento en Alhaur\u00edn el Grande de 109 km\/h, estaci\u00f3n con sello [&hellip;]<\/p>\n","protected":false},"author":16,"featured_media":39825,"comment_status":"open","ping_status":"open","sticky":false,"template":"","format":"standard","meta":[],"categories":[2],"tags":[1093,358,360,568,587,909],"_links":{"self":[{"href":"https:\/\/blogs.diariosur.es\/tormentas-y-rayos\/wp-json\/wp\/v2\/posts\/39807"}],"collection":[{"href":"https:\/\/blogs.diariosur.es\/tormentas-y-rayos\/wp-json\/wp\/v2\/posts"}],"about":[{"href":"https:\/\/blogs.diariosur.es\/tormentas-y-rayos\/wp-json\/wp\/v2\/types\/post"}],"author":[{"embeddable":true,"href":"https:\/\/blogs.diariosur.es\/tormentas-y-rayos\/wp-json\/wp\/v2\/users\/16"}],"replies":[{"embeddable":true,"href":"https:\/\/blogs.diariosur.es\/tormentas-y-rayos\/wp-json\/wp\/v2\/comments?post=39807"}],"version-history":[{"count":13,"href":"https:\/\/blogs.diariosur.es\/tormentas-y-rayos\/wp-json\/wp\/v2\/posts\/39807\/revisions"}],"predecessor-version":[{"id":48301,"href":"https:\/\/blogs.diariosur.es\/tormentas-y-rayos\/wp-json\/wp\/v2\/posts\/39807\/revisions\/48301"}],"wp:featuredmedia":[{"embeddable":true,"href":"https:\/\/blogs.diariosur.es\/tormentas-y-rayos\/wp-json\/wp\/v2\/media\/39825"}],"wp:attachment":[{"href":"https:\/\/blogs.diariosur.es\/tormentas-y-rayos\/wp-json\/wp\/v2\/media?parent=39807"}],"wp:term":[{"taxonomy":"category","embeddable":true,"href":"https:\/\/blogs.diariosur.es\/tormentas-y-rayos\/wp-json\/wp\/v2\/categories?post=39807"},{"taxonomy":"post_tag","embeddable":true,"href":"https:\/\/blogs.diariosur.es\/tormentas-y-rayos\/wp-json\/wp\/v2\/tags?post=39807"}],"curies":[{"name":"wp","href":"https:\/\/api.w.org\/{rel}","templated":true}]}}