{"id":39809,"date":"2024-02-08T09:16:07","date_gmt":"2024-02-08T08:16:07","guid":{"rendered":"https:\/\/blogs.diariosur.es\/tormentas-y-rayos\/?p=39809"},"modified":"2025-12-25T18:25:23","modified_gmt":"2025-12-25T17:25:23","slug":"el-tiempo-en-malaga-y-andalucia-probables-acumulados-del-viernes-avisos-por-lluvias-viento-y-fenomenos-costeros","status":"publish","type":"post","link":"https:\/\/blogs.diariosur.es\/tormentas-y-rayos\/2024\/02\/08\/el-tiempo-en-malaga-y-andalucia-probables-acumulados-del-viernes-avisos-por-lluvias-viento-y-fenomenos-costeros\/","title":{"rendered":"El tiempo en M\u00e1laga y Andaluc\u00eda, probables acumulados del viernes. Avisos por lluvias, viento y fen\u00f3menos costeros."},"content":{"rendered":"<p><a href=\"https:\/\/static-blogs.diariosur.es\/wp-content\/uploads\/sites\/12\/2023\/10\/243418660_10223324765526342_8448445083528661051_n.jpg\"><img loading=\"lazy\" class=\"aligncenter size-thumbnail wp-image-38644\" src=\"https:\/\/static-blogs.diariosur.es\/wp-content\/uploads\/sites\/12\/2023\/10\/243418660_10223324765526342_8448445083528661051_n-150x150.jpg\" alt=\"\" width=\"150\" height=\"150\" \/><\/a><\/p>\n<p data-pm-slice=\"1 1 []\">Buenos d\u00edas, amigos de la meteo. El s\u00e1bado por la ma\u00f1ana os pondr\u00e9 los acumulados de precipitaci\u00f3n del viernes en la provincia de M\u00e1laga. Otra cosilla, caiga la lluvia que caiga, es oro.<\/p>\n<p>El frente fr\u00edo que nos afectar\u00e1 hoy jueves y ma\u00f1ana viernes ya se ve perfectamente en el sat\u00e9lite. Las provincias andaluzas m\u00e1s occidentales ser\u00e1n las primeras en recibirlo hoy; a \u00faltima hora de la noche llegar\u00e1 a la provincia malague\u00f1a.<\/p>\n<p>Os paso una imagen del frente. Fuente: Meteogalicia.<\/p>\n<p>&nbsp;<\/p>\n<p><a href=\"https:\/\/static-blogs.diariosur.es\/wp-content\/uploads\/sites\/12\/2024\/02\/Captura-de-pantalla-2024-02-08-074438.jpg\"><img loading=\"lazy\" class=\"aligncenter size-full wp-image-39810\" src=\"https:\/\/static-blogs.diariosur.es\/wp-content\/uploads\/sites\/12\/2024\/02\/Captura-de-pantalla-2024-02-08-074438.jpg\" alt=\"\" width=\"754\" height=\"475\" srcset=\"https:\/\/static-blogs.diariosur.es\/wp-content\/uploads\/sites\/12\/2024\/02\/Captura-de-pantalla-2024-02-08-074438.jpg 754w, https:\/\/static-blogs.diariosur.es\/wp-content\/uploads\/sites\/12\/2024\/02\/Captura-de-pantalla-2024-02-08-074438-635x400.jpg 635w\" sizes=\"(max-width: 754px) 100vw, 754px\" \/><\/a><\/p>\n<p>&nbsp;<\/p>\n<p data-pm-slice=\"1 1 []\">Las provincias de M\u00e1laga, C\u00e1diz y Sevilla est\u00e1n en aviso amarillo por precipitaci\u00f3n acumulada en 12 horas: 40 mm y en una 15 mm. En la nueva actualizaci\u00f3n pueden cambiar los avisos.<\/p>\n<p>Os pongo el mapa de avisos por lluvias; la Axarqu\u00eda malague\u00f1a y comarca de Antequera, de momento, no est\u00e1n en aviso; ya veremos en la nueva actualizaci\u00f3n.<\/p>\n<p>Fuente Aemet: Sol y Guadalhorce y comarca de Ronda, precipitaci\u00f3n acumulada en 12 horas: 40 mm. Este aviso se refiere a la parte m\u00e1s occidental de la comarca. Esto no quiere decir que no llueva en todos los portales, en unos m\u00e1s y en otros menos.<\/p>\n<p>&nbsp;<\/p>\n<p>&nbsp;<\/p>\n<p><a href=\"https:\/\/static-blogs.diariosur.es\/wp-content\/uploads\/sites\/12\/2024\/02\/Captura-de-pantalla-2024-02-08-075614.jpg\"><img loading=\"lazy\" class=\"aligncenter size-full wp-image-39811\" src=\"https:\/\/static-blogs.diariosur.es\/wp-content\/uploads\/sites\/12\/2024\/02\/Captura-de-pantalla-2024-02-08-075614.jpg\" alt=\"\" width=\"695\" height=\"542\" srcset=\"https:\/\/static-blogs.diariosur.es\/wp-content\/uploads\/sites\/12\/2024\/02\/Captura-de-pantalla-2024-02-08-075614.jpg 695w, https:\/\/static-blogs.diariosur.es\/wp-content\/uploads\/sites\/12\/2024\/02\/Captura-de-pantalla-2024-02-08-075614-513x400.jpg 513w\" sizes=\"(max-width: 695px) 100vw, 695px\" \/><\/a><\/p>\n<p>&nbsp;<\/p>\n<p>Aviso por viento, rachas de 70 y 80 km\/h en estas zonas. En las costas de M\u00e1laga y Granada tambi\u00e9n se dar\u00e1n rachas fuertes.<\/p>\n<p>&nbsp;<\/p>\n<p><a href=\"https:\/\/static-blogs.diariosur.es\/wp-content\/uploads\/sites\/12\/2024\/02\/Captura-de-pantalla-2024-02-08-080118.jpg\"><img loading=\"lazy\" class=\"aligncenter size-full wp-image-39812\" src=\"https:\/\/static-blogs.diariosur.es\/wp-content\/uploads\/sites\/12\/2024\/02\/Captura-de-pantalla-2024-02-08-080118.jpg\" alt=\"\" width=\"700\" height=\"548\" srcset=\"https:\/\/static-blogs.diariosur.es\/wp-content\/uploads\/sites\/12\/2024\/02\/Captura-de-pantalla-2024-02-08-080118.jpg 700w, https:\/\/static-blogs.diariosur.es\/wp-content\/uploads\/sites\/12\/2024\/02\/Captura-de-pantalla-2024-02-08-080118-511x400.jpg 511w\" sizes=\"(max-width: 700px) 100vw, 700px\" \/><\/a><\/p>\n<p>&nbsp;<\/p>\n<p>Aviso por fen\u00f3menos costeros<\/p>\n<p>&nbsp;<\/p>\n<p><a href=\"https:\/\/static-blogs.diariosur.es\/wp-content\/uploads\/sites\/12\/2024\/02\/Captura-de-pantalla-2024-02-08-080400.jpg\"><img loading=\"lazy\" class=\"aligncenter size-full wp-image-39818\" src=\"https:\/\/static-blogs.diariosur.es\/wp-content\/uploads\/sites\/12\/2024\/02\/Captura-de-pantalla-2024-02-08-080400.jpg\" alt=\"\" width=\"698\" height=\"545\" srcset=\"https:\/\/static-blogs.diariosur.es\/wp-content\/uploads\/sites\/12\/2024\/02\/Captura-de-pantalla-2024-02-08-080400.jpg 698w, https:\/\/static-blogs.diariosur.es\/wp-content\/uploads\/sites\/12\/2024\/02\/Captura-de-pantalla-2024-02-08-080400-512x400.jpg 512w\" sizes=\"(max-width: 698px) 100vw, 698px\" \/><\/a><\/p>\n<p>Os paso los probables acumulados para ma\u00f1ana de la provincia de M\u00e1laga y Andaluc\u00eda.<\/p>\n<p>Fuente meteologix, modelo europeo y americano<\/p>\n<p>&nbsp;<\/p>\n<p><a href=\"https:\/\/static-blogs.diariosur.es\/wp-content\/uploads\/sites\/12\/2024\/02\/MALAGA-EUROPEO.jpg\"><img loading=\"lazy\" class=\"aligncenter size-full wp-image-39813\" src=\"https:\/\/static-blogs.diariosur.es\/wp-content\/uploads\/sites\/12\/2024\/02\/MALAGA-EUROPEO.jpg\" alt=\"\" width=\"763\" height=\"714\" srcset=\"https:\/\/static-blogs.diariosur.es\/wp-content\/uploads\/sites\/12\/2024\/02\/MALAGA-EUROPEO.jpg 763w, https:\/\/static-blogs.diariosur.es\/wp-content\/uploads\/sites\/12\/2024\/02\/MALAGA-EUROPEO-427x400.jpg 427w\" sizes=\"(max-width: 763px) 100vw, 763px\" \/><\/a><\/p>\n<p>&nbsp;<\/p>\n<p><a href=\"https:\/\/static-blogs.diariosur.es\/wp-content\/uploads\/sites\/12\/2024\/02\/ANDALUC\u00cdA-EUROPEO.jpg\"><img loading=\"lazy\" class=\"aligncenter size-full wp-image-39814\" src=\"https:\/\/static-blogs.diariosur.es\/wp-content\/uploads\/sites\/12\/2024\/02\/ANDALUC\u00cdA-EUROPEO.jpg\" alt=\"\" width=\"763\" height=\"766\" srcset=\"https:\/\/static-blogs.diariosur.es\/wp-content\/uploads\/sites\/12\/2024\/02\/ANDALUC\u00cdA-EUROPEO.jpg 763w, https:\/\/static-blogs.diariosur.es\/wp-content\/uploads\/sites\/12\/2024\/02\/ANDALUC\u00cdA-EUROPEO-150x150.jpg 150w, https:\/\/static-blogs.diariosur.es\/wp-content\/uploads\/sites\/12\/2024\/02\/ANDALUC\u00cdA-EUROPEO-398x400.jpg 398w\" sizes=\"(max-width: 763px) 100vw, 763px\" \/><\/a><\/p>\n<p>&nbsp;<\/p>\n<p><a href=\"https:\/\/static-blogs.diariosur.es\/wp-content\/uploads\/sites\/12\/2024\/02\/MALAGA-AMERICANO.jpg\"><img loading=\"lazy\" class=\"aligncenter size-full wp-image-39815\" src=\"https:\/\/static-blogs.diariosur.es\/wp-content\/uploads\/sites\/12\/2024\/02\/MALAGA-AMERICANO.jpg\" alt=\"\" width=\"758\" height=\"757\" srcset=\"https:\/\/static-blogs.diariosur.es\/wp-content\/uploads\/sites\/12\/2024\/02\/MALAGA-AMERICANO.jpg 758w, https:\/\/static-blogs.diariosur.es\/wp-content\/uploads\/sites\/12\/2024\/02\/MALAGA-AMERICANO-150x150.jpg 150w, https:\/\/static-blogs.diariosur.es\/wp-content\/uploads\/sites\/12\/2024\/02\/MALAGA-AMERICANO-401x400.jpg 401w\" sizes=\"(max-width: 758px) 100vw, 758px\" \/><\/a><\/p>\n<p>&nbsp;<\/p>\n<p><a href=\"https:\/\/static-blogs.diariosur.es\/wp-content\/uploads\/sites\/12\/2024\/02\/ANDALUC\u00cdA-AMERICANO.jpg\"><img loading=\"lazy\" class=\"aligncenter size-full wp-image-39816\" src=\"https:\/\/static-blogs.diariosur.es\/wp-content\/uploads\/sites\/12\/2024\/02\/ANDALUC\u00cdA-AMERICANO.jpg\" alt=\"\" width=\"762\" height=\"763\" srcset=\"https:\/\/static-blogs.diariosur.es\/wp-content\/uploads\/sites\/12\/2024\/02\/ANDALUC\u00cdA-AMERICANO.jpg 762w, https:\/\/static-blogs.diariosur.es\/wp-content\/uploads\/sites\/12\/2024\/02\/ANDALUC\u00cdA-AMERICANO-150x150.jpg 150w, https:\/\/static-blogs.diariosur.es\/wp-content\/uploads\/sites\/12\/2024\/02\/ANDALUC\u00cdA-AMERICANO-399x400.jpg 399w\" sizes=\"(max-width: 762px) 100vw, 762px\" \/><\/a><\/p>\n<p>&nbsp;<\/p>\n<p>Os dejo con esta bonita foto de mi amigo Crist\u00f3bal Gambero en Mijas Pueblo.<\/p>\n<p>&nbsp;<\/p>\n<p><a href=\"https:\/\/static-blogs.diariosur.es\/wp-content\/uploads\/sites\/12\/2024\/02\/426614269_7063303627051904_3369035841957642283_n-e1707376905411.jpg\"><img loading=\"lazy\" class=\"aligncenter size-full wp-image-39817\" src=\"https:\/\/static-blogs.diariosur.es\/wp-content\/uploads\/sites\/12\/2024\/02\/426614269_7063303627051904_3369035841957642283_n-e1707376905411.jpg\" alt=\"\" width=\"800\" height=\"1000\" \/><\/a><\/p>\n<p>&nbsp;<\/p>\n<p>&nbsp;<\/p>\n<p>&nbsp;<\/p>\n","protected":false},"excerpt":{"rendered":"<p>Buenos d\u00edas, amigos de la meteo. El s\u00e1bado por la ma\u00f1ana os pondr\u00e9 los acumulados de precipitaci\u00f3n del viernes en la provincia de M\u00e1laga. Otra cosilla, caiga la lluvia que caiga, es oro. El frente fr\u00edo que nos afectar\u00e1 hoy jueves y ma\u00f1ana viernes ya se ve perfectamente en el sat\u00e9lite. Las provincias andaluzas m\u00e1s [&hellip;]<\/p>\n","protected":false},"author":16,"featured_media":39817,"comment_status":"open","ping_status":"open","sticky":false,"template":"","format":"standard","meta":[],"categories":[2],"tags":[94,100,151,188,358,1878,569,587,676,800,909,1059],"_links":{"self":[{"href":"https:\/\/blogs.diariosur.es\/tormentas-y-rayos\/wp-json\/wp\/v2\/posts\/39809"}],"collection":[{"href":"https:\/\/blogs.diariosur.es\/tormentas-y-rayos\/wp-json\/wp\/v2\/posts"}],"about":[{"href":"https:\/\/blogs.diariosur.es\/tormentas-y-rayos\/wp-json\/wp\/v2\/types\/post"}],"author":[{"embeddable":true,"href":"https:\/\/blogs.diariosur.es\/tormentas-y-rayos\/wp-json\/wp\/v2\/users\/16"}],"replies":[{"embeddable":true,"href":"https:\/\/blogs.diariosur.es\/tormentas-y-rayos\/wp-json\/wp\/v2\/comments?post=39809"}],"version-history":[{"count":3,"href":"https:\/\/blogs.diariosur.es\/tormentas-y-rayos\/wp-json\/wp\/v2\/posts\/39809\/revisions"}],"predecessor-version":[{"id":48298,"href":"https:\/\/blogs.diariosur.es\/tormentas-y-rayos\/wp-json\/wp\/v2\/posts\/39809\/revisions\/48298"}],"wp:featuredmedia":[{"embeddable":true,"href":"https:\/\/blogs.diariosur.es\/tormentas-y-rayos\/wp-json\/wp\/v2\/media\/39817"}],"wp:attachment":[{"href":"https:\/\/blogs.diariosur.es\/tormentas-y-rayos\/wp-json\/wp\/v2\/media?parent=39809"}],"wp:term":[{"taxonomy":"category","embeddable":true,"href":"https:\/\/blogs.diariosur.es\/tormentas-y-rayos\/wp-json\/wp\/v2\/categories?post=39809"},{"taxonomy":"post_tag","embeddable":true,"href":"https:\/\/blogs.diariosur.es\/tormentas-y-rayos\/wp-json\/wp\/v2\/tags?post=39809"}],"curies":[{"name":"wp","href":"https:\/\/api.w.org\/{rel}","templated":true}]}}