{"id":39820,"date":"2024-02-09T08:37:33","date_gmt":"2024-02-09T07:37:33","guid":{"rendered":"https:\/\/blogs.diariosur.es\/tormentas-y-rayos\/?p=39820"},"modified":"2025-12-25T18:28:27","modified_gmt":"2025-12-25T17:28:27","slug":"el-tiempo-fin-de-semana-en-malaga-zonas-de-la-provincia-mas-beneficiadas-en-las-cinco-horas-de-lluvia-que-llevamos","status":"publish","type":"post","link":"https:\/\/blogs.diariosur.es\/tormentas-y-rayos\/2024\/02\/09\/el-tiempo-fin-de-semana-en-malaga-zonas-de-la-provincia-mas-beneficiadas-en-las-cinco-horas-de-lluvia-que-llevamos\/","title":{"rendered":"El tiempo fin de semana en M\u00e1laga. Zonas de la provincia m\u00e1s beneficiadas en las cinco horas de lluvia que llevamos."},"content":{"rendered":"<p><a href=\"https:\/\/static-blogs.diariosur.es\/wp-content\/uploads\/sites\/12\/2023\/10\/243418660_10223324765526342_8448445083528661051_n.jpg\"><img loading=\"lazy\" class=\"aligncenter size-thumbnail wp-image-38644\" src=\"https:\/\/static-blogs.diariosur.es\/wp-content\/uploads\/sites\/12\/2023\/10\/243418660_10223324765526342_8448445083528661051_n-150x150.jpg\" alt=\"\" width=\"150\" height=\"150\" \/><\/a><\/p>\n<p data-pm-slice=\"1 1 []\">Buenos d\u00edas, amigos de la meteo. Cuando son las ocho de la ma\u00f1ana en M\u00e1laga capital, mi term\u00f3metro registra 14.6 grados, los cielos est\u00e1n cubiertos y llueve muy d\u00e9bilmente en ocasiones.<\/p>\n<p>Como de momento en algunos portales no ha ca\u00eddo mucho, os pongo zonas de la provincia de M\u00e1laga donde s\u00ed hay m\u00e1s acumulados desde las dos de la ma\u00f1ana. Si os fij\u00e1is, zona m\u00e1s occidental de la provincia y la Axarqu\u00eda. Ma\u00f1ana pondr\u00e9 los acumulados de todo el viernes.<\/p>\n<p>Fuentes: Red Hidrosur, Meteoclimatic, Aemet. Como siempre me pregunt\u00e1is, mm son litros por metro cuadrado.<\/p>\n<p><strong>Los Reales\u00a036 mm<\/strong><\/p>\n<p><strong>R\u00edo Guadiaro: 29 mm<\/strong><\/p>\n<p><strong>Majada de las Lomas\u00a045 mm\u00a0<\/strong><\/p>\n<p><strong>Algatoc\u00edn\u00a021 mm<\/strong><\/p>\n<p><strong>R\u00edo Genal Jubrique\u00a028 mm<\/strong><\/p>\n<p><strong>Pujerra\u00a015 mm<\/strong><\/p>\n<p><strong>Ronda 12 mm<\/strong><\/p>\n<p><strong>El Colmenar Las Buitreras 22 mm<\/strong><\/p>\n<p><strong>Estepona 20 mm<\/strong><\/p>\n<p><strong>Embalse de la Vi\u00f1uela: 13 mm<\/strong><\/p>\n<p><strong>Colmenar\u00a012 mm<\/strong><\/p>\n<p><strong>Alfarnatejo\u00a018 mm<\/strong><\/p>\n<p><strong>R\u00edo Benamargosa: 18 mm<\/strong><\/p>\n<p><strong>Tolox 12 mm<\/strong><\/p>\n<p><strong>V\u00e9lez M\u00e1laga 17 mm<\/strong><\/p>\n<p><strong>Torrox\u00a012 mm<\/strong><\/p>\n<p><strong>Torre del Mar 15 mm<\/strong><\/p>\n<p><strong>Rinc\u00f3n de la Victoria\u00a012 mm<\/strong><\/p>\n<p><strong>Nerja Las Palmeras 17 mm<\/strong><\/p>\n<p>En las zonas de los embalses del Guadalhorce, apenas nada, apenas un litro y medio. Mi estaci\u00f3n, medio litro.<\/p>\n<p data-pm-slice=\"1 1 []\"><strong>S\u00e1bado 10 de febrero<\/strong><\/p>\n<p>Ma\u00f1ana lo m\u00e1s destacable ser\u00e1n las rachas fuertes de poniente y terral en las zonas habituales. Hay probabilidad de alguna precipitaci\u00f3n d\u00e9bil y ocasional en zonas de la Serran\u00eda de Ronda. En cuanto a las temperaturas m\u00e1ximas, rondar\u00e1n entre los 13 y 19 grados; debido al viento, algunos tendr\u00e1n m\u00e1s sensaci\u00f3n de fr\u00edo.<\/p>\n<p><strong>Domingo 11 de febrero<\/strong><\/p>\n<p>A primeras horas de la ma\u00f1ana tendremos cielos despejados, pero a partir de primeras horas de la tarde nos afectar\u00e1 un frente, que dejar\u00e1 precipitaciones en la zona m\u00e1s occidental de la provincia. En las dem\u00e1s zonas no espero mucho. Las temperaturas m\u00e1ximas y m\u00ednimas bajar\u00e1n. En cuanto al viento, se esperan rachas moderadas y fuertes a partir de la tarde noche.<\/p>\n<p>&nbsp;<\/p>\n<p>&nbsp;<\/p>\n<p>&nbsp;<\/p>\n<p>&nbsp;<\/p>\n","protected":false},"excerpt":{"rendered":"<p>Buenos d\u00edas, amigos de la meteo. Cuando son las ocho de la ma\u00f1ana en M\u00e1laga capital, mi term\u00f3metro registra 14.6 grados, los cielos est\u00e1n cubiertos y llueve muy d\u00e9bilmente en ocasiones. Como de momento en algunos portales no ha ca\u00eddo mucho, os pongo zonas de la provincia de M\u00e1laga donde s\u00ed hay m\u00e1s acumulados desde [&hellip;]<\/p>\n","protected":false},"author":16,"featured_media":39821,"comment_status":"open","ping_status":"open","sticky":false,"template":"","format":"standard","meta":[],"categories":[2],"tags":[1879,358,587,800,909],"_links":{"self":[{"href":"https:\/\/blogs.diariosur.es\/tormentas-y-rayos\/wp-json\/wp\/v2\/posts\/39820"}],"collection":[{"href":"https:\/\/blogs.diariosur.es\/tormentas-y-rayos\/wp-json\/wp\/v2\/posts"}],"about":[{"href":"https:\/\/blogs.diariosur.es\/tormentas-y-rayos\/wp-json\/wp\/v2\/types\/post"}],"author":[{"embeddable":true,"href":"https:\/\/blogs.diariosur.es\/tormentas-y-rayos\/wp-json\/wp\/v2\/users\/16"}],"replies":[{"embeddable":true,"href":"https:\/\/blogs.diariosur.es\/tormentas-y-rayos\/wp-json\/wp\/v2\/comments?post=39820"}],"version-history":[{"count":3,"href":"https:\/\/blogs.diariosur.es\/tormentas-y-rayos\/wp-json\/wp\/v2\/posts\/39820\/revisions"}],"predecessor-version":[{"id":48300,"href":"https:\/\/blogs.diariosur.es\/tormentas-y-rayos\/wp-json\/wp\/v2\/posts\/39820\/revisions\/48300"}],"wp:featuredmedia":[{"embeddable":true,"href":"https:\/\/blogs.diariosur.es\/tormentas-y-rayos\/wp-json\/wp\/v2\/media\/39821"}],"wp:attachment":[{"href":"https:\/\/blogs.diariosur.es\/tormentas-y-rayos\/wp-json\/wp\/v2\/media?parent=39820"}],"wp:term":[{"taxonomy":"category","embeddable":true,"href":"https:\/\/blogs.diariosur.es\/tormentas-y-rayos\/wp-json\/wp\/v2\/categories?post=39820"},{"taxonomy":"post_tag","embeddable":true,"href":"https:\/\/blogs.diariosur.es\/tormentas-y-rayos\/wp-json\/wp\/v2\/tags?post=39820"}],"curies":[{"name":"wp","href":"https:\/\/api.w.org\/{rel}","templated":true}]}}