{"id":39834,"date":"2024-02-10T08:07:55","date_gmt":"2024-02-10T07:07:55","guid":{"rendered":"https:\/\/blogs.diariosur.es\/tormentas-y-rayos\/?p=39834"},"modified":"2025-12-25T18:32:11","modified_gmt":"2025-12-25T17:32:11","slug":"llovera-manana-domingo-en-la-provincia-de-malaga","status":"publish","type":"post","link":"https:\/\/blogs.diariosur.es\/tormentas-y-rayos\/2024\/02\/10\/llovera-manana-domingo-en-la-provincia-de-malaga\/","title":{"rendered":"\u00bfLlover\u00e1 ma\u00f1ana domingo en la provincia de M\u00e1laga?"},"content":{"rendered":"<p><a href=\"https:\/\/static-blogs.diariosur.es\/wp-content\/uploads\/sites\/12\/2023\/10\/243418660_10223324765526342_8448445083528661051_n.jpg\"><img loading=\"lazy\" class=\"aligncenter size-thumbnail wp-image-38644\" src=\"https:\/\/static-blogs.diariosur.es\/wp-content\/uploads\/sites\/12\/2023\/10\/243418660_10223324765526342_8448445083528661051_n-150x150.jpg\" alt=\"\" width=\"150\" height=\"150\" \/><\/a><\/p>\n<h3 data-pm-slice=\"1 1 []\"><strong>El tiempo del fin de semana en M\u00e1laga<\/strong><\/h3>\n<p>Buenos d\u00edas, amigos de la meteo. Cuando son las siete y media de la ma\u00f1ana en M\u00e1laga capital, mi estaci\u00f3n registra 14 grados, sopla viento de terral de invierno y los cielos est\u00e1n poco nubosos. Hoy hay probabilidad de algunos chubascos por el interior occidental de la provincia; en zonas del litoral ser\u00e1n menos probables. Probabilidad de arco\u00edris El viento soplar\u00e1 con rachas fuertes.<\/p>\n<p>El Embalse de la Concepci\u00f3n y la Vi\u00f1uela han cogido muy poco. Destaca los embalses de C\u00e1diz, que en conjunto han aumentado 6 hect\u00f3metros c\u00fabicos.<\/p>\n<p>Ayer estuve con el coche hasta el Rinc\u00f3n de la Victoria; era curiosa la diferencia de lluvias en apenas unos kil\u00f3metros con M\u00e1laga capital.<\/p>\n<p>Os pongo los acumulados de precipitaci\u00f3n que se dieron ayer en la provincia de M\u00e1laga; pinchar en el enlace. Hasta las doce de la noche cayeron algunos litros m\u00e1s.<\/p>\n<p class=\"voc-blogs-section\"><strong><a href=\"https:\/\/blogs.diariosur.es\/tormentas-y-rayos\/2024\/02\/09\/acumulados-de-precipitacion-en-la-provincia-de-malaga-viernes-dia-nueve-hasta-las-1800-horas\/\"><span style=\"color: #0000ff;\">Acumulados de precipitaci\u00f3n en la provincia de M\u00e1laga, viernes d\u00eda nueve hasta las 18:00 horas.<\/span><\/a><\/strong><\/p>\n<p>&nbsp;<\/p>\n<h3 data-pm-slice=\"1 1 []\"><strong>\u00bfLlover\u00e1 ma\u00f1ana domingo en la provincia de M\u00e1laga?<\/strong><\/h3>\n<p>Ma\u00f1ana domingo nos afectar\u00e1 un frente c\u00e1lido, que dejar\u00e1 precipitaciones a partir del mediod\u00eda por la zona<strong> interior m\u00e1s occidental<\/strong> de la provincia de M\u00e1laga y comarca de Antequera. Se dar\u00e1n m\u00e1s acumulados por el Valle del Genal y Serran\u00eda de Ronda. En las dem\u00e1s zonas de la provincia, la probabilidad es m\u00e1s baja, pero se pueden dar alg\u00fan chubasco d\u00e9bil y espor\u00e1dico.<\/p>\n<p>Os paso los acumulados del modelo europeo y americano de la provincia malague\u00f1a. Si os fij\u00e1is, el europeo es el m\u00e1s optimista.<\/p>\n<p>&nbsp;<\/p>\n<p><a href=\"https:\/\/static-blogs.diariosur.es\/wp-content\/uploads\/sites\/12\/2024\/02\/europeo.jpg\"><img loading=\"lazy\" class=\"aligncenter size-full wp-image-39837\" src=\"https:\/\/static-blogs.diariosur.es\/wp-content\/uploads\/sites\/12\/2024\/02\/europeo.jpg\" alt=\"\" width=\"761\" height=\"763\" srcset=\"https:\/\/static-blogs.diariosur.es\/wp-content\/uploads\/sites\/12\/2024\/02\/europeo.jpg 761w, https:\/\/static-blogs.diariosur.es\/wp-content\/uploads\/sites\/12\/2024\/02\/europeo-150x150.jpg 150w, https:\/\/static-blogs.diariosur.es\/wp-content\/uploads\/sites\/12\/2024\/02\/europeo-399x400.jpg 399w\" sizes=\"(max-width: 761px) 100vw, 761px\" \/><\/a><\/p>\n<p>&nbsp;<\/p>\n<p><a href=\"https:\/\/static-blogs.diariosur.es\/wp-content\/uploads\/sites\/12\/2024\/02\/americano-1.jpg\"><img loading=\"lazy\" class=\"aligncenter size-full wp-image-39838\" src=\"https:\/\/static-blogs.diariosur.es\/wp-content\/uploads\/sites\/12\/2024\/02\/americano-1.jpg\" alt=\"\" width=\"773\" height=\"770\" srcset=\"https:\/\/static-blogs.diariosur.es\/wp-content\/uploads\/sites\/12\/2024\/02\/americano-1.jpg 773w, https:\/\/static-blogs.diariosur.es\/wp-content\/uploads\/sites\/12\/2024\/02\/americano-1-150x150.jpg 150w, https:\/\/static-blogs.diariosur.es\/wp-content\/uploads\/sites\/12\/2024\/02\/americano-1-402x400.jpg 402w, https:\/\/static-blogs.diariosur.es\/wp-content\/uploads\/sites\/12\/2024\/02\/americano-1-768x765.jpg 768w\" sizes=\"(max-width: 773px) 100vw, 773px\" \/><\/a><\/p>\n<p>&nbsp;<\/p>\n<p>Estos los acumulados de nuestra comunidad andaluza.<\/p>\n<p>&nbsp;<\/p>\n<p><a href=\"https:\/\/static-blogs.diariosur.es\/wp-content\/uploads\/sites\/12\/2024\/02\/andaluc\u00eda-europeo-1.jpg\"><img loading=\"lazy\" class=\"aligncenter size-full wp-image-39845\" src=\"https:\/\/static-blogs.diariosur.es\/wp-content\/uploads\/sites\/12\/2024\/02\/andaluc\u00eda-europeo-1.jpg\" alt=\"\" width=\"769\" height=\"766\" srcset=\"https:\/\/static-blogs.diariosur.es\/wp-content\/uploads\/sites\/12\/2024\/02\/andaluc\u00eda-europeo-1.jpg 769w, https:\/\/static-blogs.diariosur.es\/wp-content\/uploads\/sites\/12\/2024\/02\/andaluc\u00eda-europeo-1-150x150.jpg 150w, https:\/\/static-blogs.diariosur.es\/wp-content\/uploads\/sites\/12\/2024\/02\/andaluc\u00eda-europeo-1-402x400.jpg 402w, https:\/\/static-blogs.diariosur.es\/wp-content\/uploads\/sites\/12\/2024\/02\/andaluc\u00eda-europeo-1-768x765.jpg 768w\" sizes=\"(max-width: 769px) 100vw, 769px\" \/><\/a><\/p>\n<p>&nbsp;<\/p>\n<p><a href=\"https:\/\/static-blogs.diariosur.es\/wp-content\/uploads\/sites\/12\/2024\/02\/andaluc\u00eda-amaericano.jpg\"><img loading=\"lazy\" class=\"aligncenter size-full wp-image-39846\" src=\"https:\/\/static-blogs.diariosur.es\/wp-content\/uploads\/sites\/12\/2024\/02\/andaluc\u00eda-amaericano.jpg\" alt=\"\" width=\"767\" height=\"766\" srcset=\"https:\/\/static-blogs.diariosur.es\/wp-content\/uploads\/sites\/12\/2024\/02\/andaluc\u00eda-amaericano.jpg 767w, https:\/\/static-blogs.diariosur.es\/wp-content\/uploads\/sites\/12\/2024\/02\/andaluc\u00eda-amaericano-150x150.jpg 150w, https:\/\/static-blogs.diariosur.es\/wp-content\/uploads\/sites\/12\/2024\/02\/andaluc\u00eda-amaericano-401x400.jpg 401w\" sizes=\"(max-width: 767px) 100vw, 767px\" \/><\/a><\/p>\n<p>&nbsp;<\/p>\n<p>Os dejo con algunas fotos que hice ayer viernes.<\/p>\n<p>&nbsp;<\/p>\n<p><a href=\"https:\/\/static-blogs.diariosur.es\/wp-content\/uploads\/sites\/12\/2024\/02\/DSC1138-e1707547880898.jpg\"><img loading=\"lazy\" class=\"aligncenter size-full wp-image-39839\" src=\"https:\/\/static-blogs.diariosur.es\/wp-content\/uploads\/sites\/12\/2024\/02\/DSC1138-e1707547880898.jpg\" alt=\"\" width=\"800\" height=\"450\" \/><\/a><\/p>\n<p>&nbsp;<\/p>\n<p><a href=\"https:\/\/static-blogs.diariosur.es\/wp-content\/uploads\/sites\/12\/2024\/02\/DSC1139-e1707547917712.jpg\"><img loading=\"lazy\" class=\"aligncenter size-full wp-image-39840\" src=\"https:\/\/static-blogs.diariosur.es\/wp-content\/uploads\/sites\/12\/2024\/02\/DSC1139-e1707547917712.jpg\" alt=\"\" width=\"800\" height=\"450\" \/><\/a><\/p>\n<p>&nbsp;<\/p>\n<p><a href=\"https:\/\/static-blogs.diariosur.es\/wp-content\/uploads\/sites\/12\/2024\/02\/DSC1140-e1707547956568.jpg\"><img loading=\"lazy\" class=\"aligncenter size-full wp-image-39841\" src=\"https:\/\/static-blogs.diariosur.es\/wp-content\/uploads\/sites\/12\/2024\/02\/DSC1140-e1707547956568.jpg\" alt=\"\" width=\"800\" height=\"450\" \/><\/a><\/p>\n<p>&nbsp;<\/p>\n<p><a href=\"https:\/\/static-blogs.diariosur.es\/wp-content\/uploads\/sites\/12\/2024\/02\/DSC_4072-e1707547993624.jpg\"><img loading=\"lazy\" class=\"aligncenter size-full wp-image-39842\" src=\"https:\/\/static-blogs.diariosur.es\/wp-content\/uploads\/sites\/12\/2024\/02\/DSC_4072-e1707547993624.jpg\" alt=\"\" width=\"800\" height=\"533\" \/><\/a><\/p>\n<p>&nbsp;<\/p>\n<p><a href=\"https:\/\/static-blogs.diariosur.es\/wp-content\/uploads\/sites\/12\/2024\/02\/DSC1142-e1707548038453.jpg\"><img loading=\"lazy\" class=\"aligncenter size-full wp-image-39843\" src=\"https:\/\/static-blogs.diariosur.es\/wp-content\/uploads\/sites\/12\/2024\/02\/DSC1142-e1707548038453.jpg\" alt=\"\" width=\"800\" height=\"450\" \/><\/a><\/p>\n<p>&nbsp;<\/p>\n<p><a href=\"https:\/\/static-blogs.diariosur.es\/wp-content\/uploads\/sites\/12\/2024\/02\/DSC_4076-e1707548087887.jpg\"><img loading=\"lazy\" class=\"aligncenter size-full wp-image-39844\" src=\"https:\/\/static-blogs.diariosur.es\/wp-content\/uploads\/sites\/12\/2024\/02\/DSC_4076-e1707548087887.jpg\" alt=\"\" width=\"800\" height=\"533\" \/><\/a><\/p>\n<p>&nbsp;<\/p>\n<p><a href=\"https:\/\/static-blogs.diariosur.es\/wp-content\/uploads\/sites\/12\/2024\/02\/DSC_4088-e1707549442824.jpg\"><img loading=\"lazy\" class=\"aligncenter size-full wp-image-39852\" src=\"https:\/\/static-blogs.diariosur.es\/wp-content\/uploads\/sites\/12\/2024\/02\/DSC_4088-e1707549442824.jpg\" alt=\"\" width=\"800\" height=\"533\" \/><\/a><\/p>\n<p>&nbsp;<\/p>\n<p><a href=\"https:\/\/static-blogs.diariosur.es\/wp-content\/uploads\/sites\/12\/2024\/02\/DSC_4104-e1707549487730.jpg\"><img loading=\"lazy\" class=\"aligncenter size-full wp-image-39854\" src=\"https:\/\/static-blogs.diariosur.es\/wp-content\/uploads\/sites\/12\/2024\/02\/DSC_4104-e1707549487730.jpg\" alt=\"\" width=\"800\" height=\"533\" \/><\/a><\/p>\n<p>&nbsp;<\/p>\n<p><a href=\"https:\/\/static-blogs.diariosur.es\/wp-content\/uploads\/sites\/12\/2024\/02\/DSC_4098-e1707549524887.jpg\"><img loading=\"lazy\" class=\"aligncenter size-full wp-image-39855\" src=\"https:\/\/static-blogs.diariosur.es\/wp-content\/uploads\/sites\/12\/2024\/02\/DSC_4098-e1707549524887.jpg\" alt=\"\" width=\"800\" height=\"533\" \/><\/a><\/p>\n<p>&nbsp;<\/p>\n<p><a href=\"https:\/\/static-blogs.diariosur.es\/wp-content\/uploads\/sites\/12\/2024\/02\/DSC_4086-e1707549550881.jpg\"><img loading=\"lazy\" class=\"aligncenter size-full wp-image-39856\" src=\"https:\/\/static-blogs.diariosur.es\/wp-content\/uploads\/sites\/12\/2024\/02\/DSC_4086-e1707549550881.jpg\" alt=\"\" width=\"800\" height=\"533\" \/><\/a><\/p>\n<p>&nbsp;<\/p>\n","protected":false},"excerpt":{"rendered":"<p>El tiempo del fin de semana en M\u00e1laga Buenos d\u00edas, amigos de la meteo. Cuando son las siete y media de la ma\u00f1ana en M\u00e1laga capital, mi estaci\u00f3n registra 14 grados, sopla viento de terral de invierno y los cielos est\u00e1n poco nubosos. Hoy hay probabilidad de algunos chubascos por el interior occidental de la [&hellip;]<\/p>\n","protected":false},"author":16,"featured_media":39844,"comment_status":"open","ping_status":"open","sticky":false,"template":"","format":"standard","meta":[],"categories":[2],"tags":[100,358,569,587,800,909],"_links":{"self":[{"href":"https:\/\/blogs.diariosur.es\/tormentas-y-rayos\/wp-json\/wp\/v2\/posts\/39834"}],"collection":[{"href":"https:\/\/blogs.diariosur.es\/tormentas-y-rayos\/wp-json\/wp\/v2\/posts"}],"about":[{"href":"https:\/\/blogs.diariosur.es\/tormentas-y-rayos\/wp-json\/wp\/v2\/types\/post"}],"author":[{"embeddable":true,"href":"https:\/\/blogs.diariosur.es\/tormentas-y-rayos\/wp-json\/wp\/v2\/users\/16"}],"replies":[{"embeddable":true,"href":"https:\/\/blogs.diariosur.es\/tormentas-y-rayos\/wp-json\/wp\/v2\/comments?post=39834"}],"version-history":[{"count":11,"href":"https:\/\/blogs.diariosur.es\/tormentas-y-rayos\/wp-json\/wp\/v2\/posts\/39834\/revisions"}],"predecessor-version":[{"id":48302,"href":"https:\/\/blogs.diariosur.es\/tormentas-y-rayos\/wp-json\/wp\/v2\/posts\/39834\/revisions\/48302"}],"wp:featuredmedia":[{"embeddable":true,"href":"https:\/\/blogs.diariosur.es\/tormentas-y-rayos\/wp-json\/wp\/v2\/media\/39844"}],"wp:attachment":[{"href":"https:\/\/blogs.diariosur.es\/tormentas-y-rayos\/wp-json\/wp\/v2\/media?parent=39834"}],"wp:term":[{"taxonomy":"category","embeddable":true,"href":"https:\/\/blogs.diariosur.es\/tormentas-y-rayos\/wp-json\/wp\/v2\/categories?post=39834"},{"taxonomy":"post_tag","embeddable":true,"href":"https:\/\/blogs.diariosur.es\/tormentas-y-rayos\/wp-json\/wp\/v2\/tags?post=39834"}],"curies":[{"name":"wp","href":"https:\/\/api.w.org\/{rel}","templated":true}]}}