{"id":39860,"date":"2024-02-11T09:20:43","date_gmt":"2024-02-11T08:20:43","guid":{"rendered":"https:\/\/blogs.diariosur.es\/tormentas-y-rayos\/?p=39860"},"modified":"2025-12-25T18:35:30","modified_gmt":"2025-12-25T17:35:30","slug":"cuando-llega-el-anticiclon-y-el-calor-a-la-provincia-de-malaga-y-andalucia-impresionante-amanecer-fotos-video","status":"publish","type":"post","link":"https:\/\/blogs.diariosur.es\/tormentas-y-rayos\/2024\/02\/11\/cuando-llega-el-anticiclon-y-el-calor-a-la-provincia-de-malaga-y-andalucia-impresionante-amanecer-fotos-video\/","title":{"rendered":"\u00bfCu\u00e1ndo llega el anticicl\u00f3n y el calor a la provincia de M\u00e1laga y Andaluc\u00eda? Impresionante amanecer, fotos, video."},"content":{"rendered":"<p><a href=\"https:\/\/static-blogs.diariosur.es\/wp-content\/uploads\/sites\/12\/2023\/10\/243418660_10223324765526342_8448445083528661051_n.jpg\"><img loading=\"lazy\" class=\"aligncenter size-thumbnail wp-image-38644\" src=\"https:\/\/static-blogs.diariosur.es\/wp-content\/uploads\/sites\/12\/2023\/10\/243418660_10223324765526342_8448445083528661051_n-150x150.jpg\" alt=\"\" width=\"150\" height=\"150\" \/><\/a><\/p>\n<p data-pm-slice=\"1 1 []\">Buenos d\u00edas, amigos de la meteo. Cuando son las siete de la ma\u00f1ana en M\u00e1laga capital, mi estaci\u00f3n registra 12.8 grados, los cielos est\u00e1n nubosos y el viento sopla de terral de invierno. Si las nubes que tenemos son lenticulares, tirar\u00e9 para la playa para fotografiar el amanecer.<\/p>\n<p>Como os comentaba ayer s\u00e1bado en la previsi\u00f3n del domingo, hay probabilidad de precipitaciones a partir del mediod\u00eda en la provincia de M\u00e1laga, d\u00e1ndose mayores acumulados en la zona interior m\u00e1s occidental de la provincia. Pueden escaparse algunos chubascos d\u00e9biles en zonas del litoral malague\u00f1o.<\/p>\n<p>Ayer s\u00e1bado se cumplieron las predicciones y tuvimos chubascos posfrontales\u00a0que dejaron bonitos arco\u00edris en la provincia de M\u00e1laga y otras zonas de Andaluc\u00eda.<\/p>\n<p>Os paso este arco\u00edris doble que cac\u00e9 desde la terraza.<\/p>\n<p>&nbsp;<\/p>\n<p><a href=\"https:\/\/static-blogs.diariosur.es\/wp-content\/uploads\/sites\/12\/2024\/02\/ARCOIRIS-EN-M\u00c1LAGA-CAPITAL-10-DE-FEBRERO-2-e1707631098804.jpg\"><img loading=\"lazy\" class=\"aligncenter size-full wp-image-39861\" src=\"https:\/\/static-blogs.diariosur.es\/wp-content\/uploads\/sites\/12\/2024\/02\/ARCOIRIS-EN-M\u00c1LAGA-CAPITAL-10-DE-FEBRERO-2-e1707631098804.jpg\" alt=\"\" width=\"1200\" height=\"800\" \/><\/a><\/p>\n<p>&nbsp;<\/p>\n<p><a href=\"https:\/\/static-blogs.diariosur.es\/wp-content\/uploads\/sites\/12\/2024\/02\/ARCOIRIS-EN-M\u00c1LAGA-CAPITAL-10-DE-FEBRERO-4-e1707631127644.jpg\"><img loading=\"lazy\" class=\"aligncenter size-full wp-image-39862\" src=\"https:\/\/static-blogs.diariosur.es\/wp-content\/uploads\/sites\/12\/2024\/02\/ARCOIRIS-EN-M\u00c1LAGA-CAPITAL-10-DE-FEBRERO-4-e1707631127644.jpg\" alt=\"\" width=\"1200\" height=\"800\" \/><\/a><\/p>\n<p>&nbsp;<\/p>\n<p>&nbsp;<\/p>\n<h3 data-pm-slice=\"1 1 []\">Os dejo durante una hora; podemos tener un bonito candilazo, tenemos lenticulares.<\/h3>\n<p>Acabo de llegar y ha sido una pasada. Os hablo del anticicl\u00f3n y a continuaci\u00f3n os pongo dos fotos y un video.<\/p>\n<h3><\/h3>\n<h3>\u00bfCu\u00e1ndo llega el anticicl\u00f3n y el calor a la provincia de M\u00e1laga y Andaluc\u00eda? Impresionante amanecer, fotos, video.<\/h3>\n<p>A partir del martes y final de semana, el anticicl\u00f3n tomar\u00e1 protagonismo. Nuevamente tendremos una masa de aire c\u00e1lida que har\u00e1 subir las temperaturas m\u00e1ximas y m\u00ednimas en toda Andaluc\u00eda y provincia de M\u00e1laga.\u00a0 Tendremos anomal\u00edas positivas de temperatura a 850 hpa de hasta 8 y 12 grados, no solo en Andaluc\u00eda, tambi\u00e9n en toda Espa\u00f1a. Es muy probable que se batan nuevamente r\u00e9cords extremos de temperatura, como pas\u00f3 en enero en algunas comunidades.<\/p>\n<p>Os pongo las temperaturas m\u00e1ximas y m\u00ednimas que prev\u00e9 la AEMET para el martes, mi\u00e9rcoles y jueves. Una bestialidad.<\/p>\n<p>&nbsp;<\/p>\n<p><a href=\"https:\/\/static-blogs.diariosur.es\/wp-content\/uploads\/sites\/12\/2024\/02\/martes.jpg\"><img loading=\"lazy\" class=\"aligncenter size-full wp-image-39865\" src=\"https:\/\/static-blogs.diariosur.es\/wp-content\/uploads\/sites\/12\/2024\/02\/martes.jpg\" alt=\"\" width=\"697\" height=\"551\" srcset=\"https:\/\/static-blogs.diariosur.es\/wp-content\/uploads\/sites\/12\/2024\/02\/martes.jpg 697w, https:\/\/static-blogs.diariosur.es\/wp-content\/uploads\/sites\/12\/2024\/02\/martes-506x400.jpg 506w\" sizes=\"(max-width: 697px) 100vw, 697px\" \/><\/a><\/p>\n<p><a href=\"https:\/\/static-blogs.diariosur.es\/wp-content\/uploads\/sites\/12\/2024\/02\/Captura-de-pantalla-2024-02-11-091024.jpg\"><img loading=\"lazy\" class=\"aligncenter size-full wp-image-39866\" src=\"https:\/\/static-blogs.diariosur.es\/wp-content\/uploads\/sites\/12\/2024\/02\/Captura-de-pantalla-2024-02-11-091024.jpg\" alt=\"\" width=\"689\" height=\"558\" srcset=\"https:\/\/static-blogs.diariosur.es\/wp-content\/uploads\/sites\/12\/2024\/02\/Captura-de-pantalla-2024-02-11-091024.jpg 689w, https:\/\/static-blogs.diariosur.es\/wp-content\/uploads\/sites\/12\/2024\/02\/Captura-de-pantalla-2024-02-11-091024-494x400.jpg 494w\" sizes=\"(max-width: 689px) 100vw, 689px\" \/><\/a><\/p>\n<p><a href=\"https:\/\/static-blogs.diariosur.es\/wp-content\/uploads\/sites\/12\/2024\/02\/jueves.jpg\"><img loading=\"lazy\" class=\"aligncenter size-full wp-image-39867\" src=\"https:\/\/static-blogs.diariosur.es\/wp-content\/uploads\/sites\/12\/2024\/02\/jueves.jpg\" alt=\"\" width=\"696\" height=\"545\" srcset=\"https:\/\/static-blogs.diariosur.es\/wp-content\/uploads\/sites\/12\/2024\/02\/jueves.jpg 696w, https:\/\/static-blogs.diariosur.es\/wp-content\/uploads\/sites\/12\/2024\/02\/jueves-511x400.jpg 511w\" sizes=\"(max-width: 696px) 100vw, 696px\" \/><\/a><\/p>\n<p>&nbsp;<\/p>\n<p>&nbsp;<\/p>\n<p>Os dejo con el impresionante amanecer de hoy domingo.<\/p>\n<p>&nbsp;<\/p>\n<p><iframe loading=\"lazy\" title=\"YouTube video player\" src=\"https:\/\/www.youtube.com\/embed\/A7PQS648SGI?si=qhtkvujAitIuj6l4\" width=\"560\" height=\"315\" frameborder=\"0\" allowfullscreen=\"allowfullscreen\"><\/iframe><\/p>\n<p>&nbsp;<\/p>\n<p><a href=\"https:\/\/static-blogs.diariosur.es\/wp-content\/uploads\/sites\/12\/2024\/02\/R-e1707638302779.jpg\"><img loading=\"lazy\" class=\"aligncenter size-full wp-image-39863\" src=\"https:\/\/static-blogs.diariosur.es\/wp-content\/uploads\/sites\/12\/2024\/02\/R-e1707638302779.jpg\" alt=\"\" width=\"1200\" height=\"800\" \/><\/a><\/p>\n<p>&nbsp;<\/p>\n<p><a href=\"https:\/\/static-blogs.diariosur.es\/wp-content\/uploads\/sites\/12\/2024\/02\/R1-e1707638331325.jpg\"><img loading=\"lazy\" class=\"aligncenter size-full wp-image-39864\" src=\"https:\/\/static-blogs.diariosur.es\/wp-content\/uploads\/sites\/12\/2024\/02\/R1-e1707638331325.jpg\" alt=\"\" width=\"1200\" height=\"800\" \/><\/a><\/p>\n","protected":false},"excerpt":{"rendered":"<p>Buenos d\u00edas, amigos de la meteo. Cuando son las siete de la ma\u00f1ana en M\u00e1laga capital, mi estaci\u00f3n registra 12.8 grados, los cielos est\u00e1n nubosos y el viento sopla de terral de invierno. Si las nubes que tenemos son lenticulares, tirar\u00e9 para la playa para fotografiar el amanecer. Como os comentaba ayer s\u00e1bado en la [&hellip;]<\/p>\n","protected":false},"author":16,"featured_media":39863,"comment_status":"open","ping_status":"open","sticky":false,"template":"","format":"standard","meta":[],"categories":[2],"tags":[100,114,212,358,587,800,909],"_links":{"self":[{"href":"https:\/\/blogs.diariosur.es\/tormentas-y-rayos\/wp-json\/wp\/v2\/posts\/39860"}],"collection":[{"href":"https:\/\/blogs.diariosur.es\/tormentas-y-rayos\/wp-json\/wp\/v2\/posts"}],"about":[{"href":"https:\/\/blogs.diariosur.es\/tormentas-y-rayos\/wp-json\/wp\/v2\/types\/post"}],"author":[{"embeddable":true,"href":"https:\/\/blogs.diariosur.es\/tormentas-y-rayos\/wp-json\/wp\/v2\/users\/16"}],"replies":[{"embeddable":true,"href":"https:\/\/blogs.diariosur.es\/tormentas-y-rayos\/wp-json\/wp\/v2\/comments?post=39860"}],"version-history":[{"count":6,"href":"https:\/\/blogs.diariosur.es\/tormentas-y-rayos\/wp-json\/wp\/v2\/posts\/39860\/revisions"}],"predecessor-version":[{"id":48305,"href":"https:\/\/blogs.diariosur.es\/tormentas-y-rayos\/wp-json\/wp\/v2\/posts\/39860\/revisions\/48305"}],"wp:featuredmedia":[{"embeddable":true,"href":"https:\/\/blogs.diariosur.es\/tormentas-y-rayos\/wp-json\/wp\/v2\/media\/39863"}],"wp:attachment":[{"href":"https:\/\/blogs.diariosur.es\/tormentas-y-rayos\/wp-json\/wp\/v2\/media?parent=39860"}],"wp:term":[{"taxonomy":"category","embeddable":true,"href":"https:\/\/blogs.diariosur.es\/tormentas-y-rayos\/wp-json\/wp\/v2\/categories?post=39860"},{"taxonomy":"post_tag","embeddable":true,"href":"https:\/\/blogs.diariosur.es\/tormentas-y-rayos\/wp-json\/wp\/v2\/tags?post=39860"}],"curies":[{"name":"wp","href":"https:\/\/api.w.org\/{rel}","templated":true}]}}