{"id":39872,"date":"2024-02-12T07:52:36","date_gmt":"2024-02-12T06:52:36","guid":{"rendered":"https:\/\/blogs.diariosur.es\/tormentas-y-rayos\/?p=39872"},"modified":"2025-12-25T18:38:16","modified_gmt":"2025-12-25T17:38:16","slug":"acumulados-de-precipitacion-de-ayer-domingo-en-la-provincia-malaguena","status":"publish","type":"post","link":"https:\/\/blogs.diariosur.es\/tormentas-y-rayos\/2024\/02\/12\/acumulados-de-precipitacion-de-ayer-domingo-en-la-provincia-malaguena\/","title":{"rendered":"Acumulados de precipitaci\u00f3n de ayer domingo en la provincia malague\u00f1a"},"content":{"rendered":"<p><a href=\"https:\/\/static-blogs.diariosur.es\/wp-content\/uploads\/sites\/12\/2024\/02\/379337914_10227628075666406_6248628726251100327_n.jpg\"><img loading=\"lazy\" class=\"aligncenter size-thumbnail wp-image-39879\" src=\"https:\/\/static-blogs.diariosur.es\/wp-content\/uploads\/sites\/12\/2024\/02\/379337914_10227628075666406_6248628726251100327_n-150x150.jpg\" alt=\"\" width=\"150\" height=\"150\" \/><\/a><\/p>\n<p data-pm-slice=\"1 1 []\">Buenos d\u00edas, amigos de la meteo. Ayer domingo se cumplieron las previsiones y llovi\u00f3 en algunos puntos de la provincia malague\u00f1a; en todos los portales no hubo suerte. Destacando zonas del interior m\u00e1s occidental de la provincia.<\/p>\n<p>Antes de poneros los acumulados, pinchad en el post de ayer, porfi.<\/p>\n<p>&nbsp;<\/p>\n<h3 class=\"voc-blogs-section\"><a href=\"https:\/\/blogs.diariosur.es\/tormentas-y-rayos\/2024\/02\/11\/cuando-llega-el-anticiclon-y-el-calor-a-la-provincia-de-malaga-y-andalucia-impresionante-amanecer-fotos-video\/\"><strong>\u00bfCu\u00e1ndo llega el anticicl\u00f3n y el calor a la provincia de M\u00e1laga y Andaluc\u00eda?<\/strong><\/a><\/h3>\n<h3><strong>Fuente Acamet. Alto Genal<\/strong><\/h3>\n<p>Libar 38 mm<\/p>\n<p>Oreganal 43 mm mm<\/p>\n<p>Atajate 49 mm<\/p>\n<h3><span style=\"color: #0000ff;\">Fuente Hidrosur<\/span><\/h3>\n<p>Los Reales 23,3 mm<\/p>\n<p>Majada de las Lomas\u00a0 22,3<\/p>\n<p>Rio Genal Jubrique\u00a0 24,4<\/p>\n<p>Pujerra\u00a0 29,5 mm<\/p>\n<p>Cuevas del Becerro\u00a0 7,1 mm<\/p>\n<p>Embalse de la Concepci\u00f3n\u00a0 \u00a06,4 mm<\/p>\n<p>Ca\u00f1ete La Real\u00a0 17,6<\/p>\n<p>Embalse Guadalteba\u00a0 7 mm<\/p>\n<p>Embalse del Guadalhorce 6,3 mm<\/p>\n<p>Embalse de la Vi\u00f1uela 2 mm<\/p>\n<p>Villanueva de la Concepci\u00f3n\u00a0 7,3 mm<\/p>\n<p>Alfarnatejo 5,3 mm<\/p>\n<p>Colmenar 5 mm<\/p>\n<p>Rio Guadiaro Majaceite\u00a0 28,3 mm<\/p>\n<p>Rio Tur\u00f3n Ardales\u00a0 8,1 mm<\/p>\n<p>Rio Guadalteba Aforo\u00a0 8,2 mm<\/p>\n<p>Rio Guadalhorce Bobadilla 4,2<\/p>\n<p>Depuradora de Marbella\u00a0 5,8 mm<\/p>\n<p>Alfarnate 20 mm<\/p>\n<h3><span style=\"color: #0000ff;\"><strong>Fuente Meteoclimatic<\/strong><\/span><\/h3>\n<p>El Colmenar las Buitreras 20,2 mm<\/p>\n<p>Algatoc\u00edn 47,5 mm<\/p>\n<p>Archidona Huertas del R\u00edo 7 mm<\/p>\n<p>Archidona Puerta de la Hoya 5,4 mm<\/p>\n<p>C\u00f3mpeta\u00a0 14,2 mm<\/p>\n<p>Frigiliana 10 mm<\/p>\n<p>Ronda 5<\/p>\n<h3><span style=\"color: #0000ff;\"><strong>Fuente Aemet<\/strong><\/span><\/h3>\n<p>Antequera 5,8 mm<\/p>\n<p>Fuengirola\u00a0 3 mm<\/p>\n<p>Cortes de la Frontera\u00a0 20,8 mm<\/p>\n<p>Gaucin 19,4 mm<\/p>\n<p>Alpandeire 23 mm<\/p>\n<p>Estepona 10,6 mm<\/p>\n<p>Marbella 7,6 mm<\/p>\n<p>Nerja 9,2 mm<\/p>\n<p>&nbsp;<\/p>\n<p data-pm-slice=\"1 1 []\">Os pongo el acumulado que lleva Grazalema este mes de febrero desde el d\u00eda ocho; impresionante esos 320 litros por metro cuadrado. Los embalses de C\u00e1diz han recuperado en conjunto 18 hect\u00f3metros c\u00fabicos. Los de M\u00e1laga solo 0,59 entre la Concepci\u00f3n y la Vi\u00f1uela; los dem\u00e1s siguen bajando.<\/p>\n<p>&nbsp;<\/p>\n<p>&nbsp;<\/p>\n","protected":false},"excerpt":{"rendered":"<p>Buenos d\u00edas, amigos de la meteo. Ayer domingo se cumplieron las previsiones y llovi\u00f3 en algunos puntos de la provincia malague\u00f1a; en todos los portales no hubo suerte. Destacando zonas del interior m\u00e1s occidental de la provincia. Antes de poneros los acumulados, pinchad en el post de ayer, porfi. &nbsp; \u00bfCu\u00e1ndo llega el anticicl\u00f3n y [&hellip;]<\/p>\n","protected":false},"author":16,"featured_media":39878,"comment_status":"open","ping_status":"open","sticky":false,"template":"","format":"standard","meta":[],"categories":[2],"tags":[45,100,358,569,587,800],"_links":{"self":[{"href":"https:\/\/blogs.diariosur.es\/tormentas-y-rayos\/wp-json\/wp\/v2\/posts\/39872"}],"collection":[{"href":"https:\/\/blogs.diariosur.es\/tormentas-y-rayos\/wp-json\/wp\/v2\/posts"}],"about":[{"href":"https:\/\/blogs.diariosur.es\/tormentas-y-rayos\/wp-json\/wp\/v2\/types\/post"}],"author":[{"embeddable":true,"href":"https:\/\/blogs.diariosur.es\/tormentas-y-rayos\/wp-json\/wp\/v2\/users\/16"}],"replies":[{"embeddable":true,"href":"https:\/\/blogs.diariosur.es\/tormentas-y-rayos\/wp-json\/wp\/v2\/comments?post=39872"}],"version-history":[{"count":22,"href":"https:\/\/blogs.diariosur.es\/tormentas-y-rayos\/wp-json\/wp\/v2\/posts\/39872\/revisions"}],"predecessor-version":[{"id":48307,"href":"https:\/\/blogs.diariosur.es\/tormentas-y-rayos\/wp-json\/wp\/v2\/posts\/39872\/revisions\/48307"}],"wp:featuredmedia":[{"embeddable":true,"href":"https:\/\/blogs.diariosur.es\/tormentas-y-rayos\/wp-json\/wp\/v2\/media\/39878"}],"wp:attachment":[{"href":"https:\/\/blogs.diariosur.es\/tormentas-y-rayos\/wp-json\/wp\/v2\/media?parent=39872"}],"wp:term":[{"taxonomy":"category","embeddable":true,"href":"https:\/\/blogs.diariosur.es\/tormentas-y-rayos\/wp-json\/wp\/v2\/categories?post=39872"},{"taxonomy":"post_tag","embeddable":true,"href":"https:\/\/blogs.diariosur.es\/tormentas-y-rayos\/wp-json\/wp\/v2\/tags?post=39872"}],"curies":[{"name":"wp","href":"https:\/\/api.w.org\/{rel}","templated":true}]}}