{"id":39895,"date":"2024-02-13T08:00:48","date_gmt":"2024-02-13T07:00:48","guid":{"rendered":"https:\/\/blogs.diariosur.es\/tormentas-y-rayos\/?p=39895"},"modified":"2025-12-25T18:41:16","modified_gmt":"2025-12-25T17:41:16","slug":"febrero-me-deja-por-embustero-la-magia-de-los-cielos-desde-la-sierra-de-mijas-por-cristobal-gambero","status":"publish","type":"post","link":"https:\/\/blogs.diariosur.es\/tormentas-y-rayos\/2024\/02\/13\/febrero-me-deja-por-embustero-la-magia-de-los-cielos-desde-la-sierra-de-mijas-por-cristobal-gambero\/","title":{"rendered":"Febrero me deja por embustero. La magia de los cielos desde la Sierra de Mijas por Crist\u00f3bal Gambero."},"content":{"rendered":"<p><a href=\"https:\/\/static-blogs.diariosur.es\/wp-content\/uploads\/sites\/12\/2023\/10\/243418660_10223324765526342_8448445083528661051_n.jpg\"><img loading=\"lazy\" class=\"aligncenter size-thumbnail wp-image-38644\" src=\"https:\/\/static-blogs.diariosur.es\/wp-content\/uploads\/sites\/12\/2023\/10\/243418660_10223324765526342_8448445083528661051_n-150x150.jpg\" alt=\"\" width=\"150\" height=\"150\" \/><\/a><\/p>\n<p>Buenos d\u00edas, amigos de la meteo. Cuando son las siete de la ma\u00f1ana en M\u00e1laga capital, mi estaci\u00f3n registra 16,5 grados, una temperatura alt\u00edsima para ser febrero. Los cielos est\u00e1n poco nubosos y el viento sopla flojo de direcci\u00f3n variable.<\/p>\n<p>Antes de hablaros de febrero el embustero, ten\u00e9is que ver este impresionante v\u00eddeo de mi amigo Crist\u00f3bal Gambero, que hizo el s\u00e1bado pasado desde lo alto de la Sierra de Mijas, mirando al Valle del Guadalhorce.<\/p>\n<p>&nbsp;<\/p>\n<p><iframe loading=\"lazy\" title=\"YouTube video player\" src=\"https:\/\/www.youtube.com\/embed\/oc1WOA56TtE?si=LRyxsHDo8A8sAqVV\" width=\"560\" height=\"315\" frameborder=\"0\" allowfullscreen=\"allowfullscreen\"><\/iframe><\/p>\n<p>&nbsp;<\/p>\n<p data-pm-slice=\"1 1 []\">Los refranes de febrero son muy sabios, amigos de la meteo. A m\u00ed me ha dejado por embustero con la predicci\u00f3n que daba para esta semana. Ayer los modelos cambiaron, y ahora el jueves y madrugada del viernes hay probabilidad de precipitaciones en Andaluc\u00eda, debido a una dana, que pod\u00e9is ver en este mapa a 500 hpa.<\/p>\n<p>&nbsp;<\/p>\n<p><a href=\"https:\/\/static-blogs.diariosur.es\/wp-content\/uploads\/sites\/12\/2024\/02\/Captura-de-pantalla-2024-02-13-075322.jpg\"><img loading=\"lazy\" class=\"aligncenter size-full wp-image-39903\" src=\"https:\/\/static-blogs.diariosur.es\/wp-content\/uploads\/sites\/12\/2024\/02\/Captura-de-pantalla-2024-02-13-075322.jpg\" alt=\"\" width=\"770\" height=\"792\" srcset=\"https:\/\/static-blogs.diariosur.es\/wp-content\/uploads\/sites\/12\/2024\/02\/Captura-de-pantalla-2024-02-13-075322.jpg 770w, https:\/\/static-blogs.diariosur.es\/wp-content\/uploads\/sites\/12\/2024\/02\/Captura-de-pantalla-2024-02-13-075322-389x400.jpg 389w, https:\/\/static-blogs.diariosur.es\/wp-content\/uploads\/sites\/12\/2024\/02\/Captura-de-pantalla-2024-02-13-075322-768x790.jpg 768w\" sizes=\"(max-width: 770px) 100vw, 770px\" \/><\/a><\/p>\n<p>&nbsp;<\/p>\n<p data-pm-slice=\"1 1 []\">Lo malo de las danas es que hasta \u00faltima hora no se sabr\u00e1 d\u00f3nde pondr\u00e1 el huevo y d\u00f3nde dejar\u00e1 m\u00e1s precipitaci\u00f3n. Es probable que se den tormentas y que tengamos calima.<\/p>\n<p>De momento os pongo los acumulados que dan los dos modelos principales, durante el jueves y madrugada del viernes. Si os fij\u00e1is, hay diferencia.<\/p>\n<p><strong>AMERICANO<\/strong><\/p>\n<p>&nbsp;<\/p>\n<p><a href=\"https:\/\/static-blogs.diariosur.es\/wp-content\/uploads\/sites\/12\/2024\/02\/americano-m\u00e1laga.jpg\"><img loading=\"lazy\" class=\"aligncenter size-full wp-image-39900\" src=\"https:\/\/static-blogs.diariosur.es\/wp-content\/uploads\/sites\/12\/2024\/02\/americano-m\u00e1laga.jpg\" alt=\"\" width=\"782\" height=\"804\" srcset=\"https:\/\/static-blogs.diariosur.es\/wp-content\/uploads\/sites\/12\/2024\/02\/americano-m\u00e1laga.jpg 782w, https:\/\/static-blogs.diariosur.es\/wp-content\/uploads\/sites\/12\/2024\/02\/americano-m\u00e1laga-389x400.jpg 389w, https:\/\/static-blogs.diariosur.es\/wp-content\/uploads\/sites\/12\/2024\/02\/americano-m\u00e1laga-768x790.jpg 768w\" sizes=\"(max-width: 782px) 100vw, 782px\" \/><\/a><\/p>\n<p><a href=\"https:\/\/static-blogs.diariosur.es\/wp-content\/uploads\/sites\/12\/2024\/02\/americano-andaluc\u00eda.jpg\"><img loading=\"lazy\" class=\"aligncenter size-full wp-image-39901\" src=\"https:\/\/static-blogs.diariosur.es\/wp-content\/uploads\/sites\/12\/2024\/02\/americano-andaluc\u00eda.jpg\" alt=\"\" width=\"770\" height=\"798\" srcset=\"https:\/\/static-blogs.diariosur.es\/wp-content\/uploads\/sites\/12\/2024\/02\/americano-andaluc\u00eda.jpg 770w, https:\/\/static-blogs.diariosur.es\/wp-content\/uploads\/sites\/12\/2024\/02\/americano-andaluc\u00eda-386x400.jpg 386w, https:\/\/static-blogs.diariosur.es\/wp-content\/uploads\/sites\/12\/2024\/02\/americano-andaluc\u00eda-768x796.jpg 768w\" sizes=\"(max-width: 770px) 100vw, 770px\" \/><\/a><\/p>\n<p><strong>EUROPEO<\/strong><\/p>\n<p>&nbsp;<\/p>\n<p><a href=\"https:\/\/static-blogs.diariosur.es\/wp-content\/uploads\/sites\/12\/2024\/02\/malaga-europeo-4.jpg\"><img loading=\"lazy\" class=\"aligncenter size-full wp-image-39904\" src=\"https:\/\/static-blogs.diariosur.es\/wp-content\/uploads\/sites\/12\/2024\/02\/malaga-europeo-4.jpg\" alt=\"\" width=\"769\" height=\"767\" srcset=\"https:\/\/static-blogs.diariosur.es\/wp-content\/uploads\/sites\/12\/2024\/02\/malaga-europeo-4.jpg 769w, https:\/\/static-blogs.diariosur.es\/wp-content\/uploads\/sites\/12\/2024\/02\/malaga-europeo-4-150x150.jpg 150w, https:\/\/static-blogs.diariosur.es\/wp-content\/uploads\/sites\/12\/2024\/02\/malaga-europeo-4-401x400.jpg 401w, https:\/\/static-blogs.diariosur.es\/wp-content\/uploads\/sites\/12\/2024\/02\/malaga-europeo-4-768x766.jpg 768w\" sizes=\"(max-width: 769px) 100vw, 769px\" \/><\/a><\/p>\n<p>&nbsp;<\/p>\n<p><a href=\"https:\/\/static-blogs.diariosur.es\/wp-content\/uploads\/sites\/12\/2024\/02\/andalucia-europeo-2.jpg\"><img loading=\"lazy\" class=\"aligncenter size-full wp-image-39905\" src=\"https:\/\/static-blogs.diariosur.es\/wp-content\/uploads\/sites\/12\/2024\/02\/andalucia-europeo-2.jpg\" alt=\"\" width=\"765\" height=\"765\" srcset=\"https:\/\/static-blogs.diariosur.es\/wp-content\/uploads\/sites\/12\/2024\/02\/andalucia-europeo-2.jpg 765w, https:\/\/static-blogs.diariosur.es\/wp-content\/uploads\/sites\/12\/2024\/02\/andalucia-europeo-2-150x150.jpg 150w, https:\/\/static-blogs.diariosur.es\/wp-content\/uploads\/sites\/12\/2024\/02\/andalucia-europeo-2-400x400.jpg 400w\" sizes=\"(max-width: 765px) 100vw, 765px\" \/><\/a><\/p>\n<p>&nbsp;<\/p>\n<p>&nbsp;<\/p>\n<p>Ma\u00f1ana estar\u00e1 m\u00e1s claro que zonas de Andaluc\u00eda tendr\u00e1n m\u00e1s precipitaci\u00f3n. Como siempre digo, las danas no solucionan las sequ\u00edas.<\/p>\n<p>Os dejo con esta foto del sol y la luna creciente c\u00f3ncava que hice ayer<\/p>\n<p>&nbsp;<\/p>\n<p><a href=\"https:\/\/static-blogs.diariosur.es\/wp-content\/uploads\/sites\/12\/2024\/02\/DSCN1818-e1707764555670.jpg\"><img loading=\"lazy\" class=\"aligncenter size-full wp-image-39896\" src=\"https:\/\/static-blogs.diariosur.es\/wp-content\/uploads\/sites\/12\/2024\/02\/DSCN1818-e1707764555670.jpg\" alt=\"\" width=\"1200\" height=\"1017\" \/><\/a><\/p>\n<p>&nbsp;<\/p>\n<p><a href=\"https:\/\/static-blogs.diariosur.es\/wp-content\/uploads\/sites\/12\/2024\/02\/LUNA-e1707764647438.jpg\"><img loading=\"lazy\" class=\"aligncenter size-full wp-image-39897\" src=\"https:\/\/static-blogs.diariosur.es\/wp-content\/uploads\/sites\/12\/2024\/02\/LUNA-e1707764647438.jpg\" alt=\"\" width=\"1200\" height=\"900\" \/><\/a><\/p>\n","protected":false},"excerpt":{"rendered":"<p>Buenos d\u00edas, amigos de la meteo. Cuando son las siete de la ma\u00f1ana en M\u00e1laga capital, mi estaci\u00f3n registra 16,5 grados, una temperatura alt\u00edsima para ser febrero. Los cielos est\u00e1n poco nubosos y el viento sopla flojo de direcci\u00f3n variable. Antes de hablaros de febrero el embustero, ten\u00e9is que ver este impresionante v\u00eddeo de mi [&hellip;]<\/p>\n","protected":false},"author":16,"featured_media":39896,"comment_status":"open","ping_status":"open","sticky":false,"template":"","format":"standard","meta":[],"categories":[2],"tags":[100,358,587,809,909],"_links":{"self":[{"href":"https:\/\/blogs.diariosur.es\/tormentas-y-rayos\/wp-json\/wp\/v2\/posts\/39895"}],"collection":[{"href":"https:\/\/blogs.diariosur.es\/tormentas-y-rayos\/wp-json\/wp\/v2\/posts"}],"about":[{"href":"https:\/\/blogs.diariosur.es\/tormentas-y-rayos\/wp-json\/wp\/v2\/types\/post"}],"author":[{"embeddable":true,"href":"https:\/\/blogs.diariosur.es\/tormentas-y-rayos\/wp-json\/wp\/v2\/users\/16"}],"replies":[{"embeddable":true,"href":"https:\/\/blogs.diariosur.es\/tormentas-y-rayos\/wp-json\/wp\/v2\/comments?post=39895"}],"version-history":[{"count":7,"href":"https:\/\/blogs.diariosur.es\/tormentas-y-rayos\/wp-json\/wp\/v2\/posts\/39895\/revisions"}],"predecessor-version":[{"id":48308,"href":"https:\/\/blogs.diariosur.es\/tormentas-y-rayos\/wp-json\/wp\/v2\/posts\/39895\/revisions\/48308"}],"wp:featuredmedia":[{"embeddable":true,"href":"https:\/\/blogs.diariosur.es\/tormentas-y-rayos\/wp-json\/wp\/v2\/media\/39896"}],"wp:attachment":[{"href":"https:\/\/blogs.diariosur.es\/tormentas-y-rayos\/wp-json\/wp\/v2\/media?parent=39895"}],"wp:term":[{"taxonomy":"category","embeddable":true,"href":"https:\/\/blogs.diariosur.es\/tormentas-y-rayos\/wp-json\/wp\/v2\/categories?post=39895"},{"taxonomy":"post_tag","embeddable":true,"href":"https:\/\/blogs.diariosur.es\/tormentas-y-rayos\/wp-json\/wp\/v2\/tags?post=39895"}],"curies":[{"name":"wp","href":"https:\/\/api.w.org\/{rel}","templated":true}]}}