{"id":39922,"date":"2024-02-14T09:29:53","date_gmt":"2024-02-14T08:29:53","guid":{"rendered":"https:\/\/blogs.diariosur.es\/tormentas-y-rayos\/?p=39922"},"modified":"2025-12-25T18:42:53","modified_gmt":"2025-12-25T17:42:53","slug":"el-tiempo-en-andalucia-probabilidad-de-tormentas-y-precipitaciones-acompanadas-de-barro-aviso-amarillo","status":"publish","type":"post","link":"https:\/\/blogs.diariosur.es\/tormentas-y-rayos\/2024\/02\/14\/el-tiempo-en-andalucia-probabilidad-de-tormentas-y-precipitaciones-acompanadas-de-barro-aviso-amarillo\/","title":{"rendered":"El tiempo en Andaluc\u00eda. Probabilidad de tormentas y precipitaciones acompa\u00f1adas de barro. Aviso amarillo."},"content":{"rendered":"<p><a href=\"https:\/\/static-blogs.diariosur.es\/wp-content\/uploads\/sites\/12\/2023\/10\/391553712_10227849747128054_5906882869659171719_n.jpg\"><img loading=\"lazy\" class=\"aligncenter size-thumbnail wp-image-38725\" src=\"https:\/\/static-blogs.diariosur.es\/wp-content\/uploads\/sites\/12\/2023\/10\/391553712_10227849747128054_5906882869659171719_n-150x150.jpg\" alt=\"\" width=\"150\" height=\"150\" \/><\/a><\/p>\n<p>&nbsp;<\/p>\n<p data-pm-slice=\"1 1 []\">Buenos d\u00edas, amigos de la meteo. Antes de nada, comentaros que la calima empezar\u00e1 a afectar a la zona m\u00e1s occidental de Andaluc\u00eda a partir de esta tarde, se ir\u00e1 trasladando de oeste a este durante la madrugada del jueves y primeras horas de la ma\u00f1ana, afectando a toda la comunidad andaluza.<\/p>\n<p>A la provincia malague\u00f1a se espera que afecte la calima a partir de la pr\u00f3xima madrugada, d\u00e1ndose la mayor concentraci\u00f3n a partir del mediod\u00eda y primeras horas de la tarde. El que caiga m\u00e1s cantidad de precipitaciones de barro en Andaluc\u00eda depender\u00e1 de la hora en que empiecen las probables precipitaciones.<\/p>\n<p>A tan pocas horas, a\u00fan no est\u00e1 claro c\u00f3mo afectar\u00e1 la vaguada y la DANA que nos afectar\u00e1 ma\u00f1ana; sigue habiendo discrepancias con la mayor\u00eda de los modelos. De momento, la Aemet activa el aviso amarillo por tormentas en la <strong>provincia de C\u00e1diz y Ceuta<\/strong>. Tambi\u00e9n el amarillo por lluvias de 15 mm en una hora.<\/p>\n<p>Os paso los acumulados de ma\u00f1ana del europeo y americano.<\/p>\n<p>&nbsp;<\/p>\n<p>&nbsp;<\/p>\n<p><a href=\"https:\/\/static-blogs.diariosur.es\/wp-content\/uploads\/sites\/12\/2024\/02\/europeo-1.jpg\"><img loading=\"lazy\" class=\"aligncenter size-full wp-image-39923\" src=\"https:\/\/static-blogs.diariosur.es\/wp-content\/uploads\/sites\/12\/2024\/02\/europeo-1.jpg\" alt=\"\" width=\"755\" height=\"783\" srcset=\"https:\/\/static-blogs.diariosur.es\/wp-content\/uploads\/sites\/12\/2024\/02\/europeo-1.jpg 755w, https:\/\/static-blogs.diariosur.es\/wp-content\/uploads\/sites\/12\/2024\/02\/europeo-1-386x400.jpg 386w\" sizes=\"(max-width: 755px) 100vw, 755px\" \/><\/a><\/p>\n<p>&nbsp;<\/p>\n<p><a href=\"https:\/\/static-blogs.diariosur.es\/wp-content\/uploads\/sites\/12\/2024\/02\/americano-2.jpg\"><img loading=\"lazy\" class=\"aligncenter size-full wp-image-39924\" src=\"https:\/\/static-blogs.diariosur.es\/wp-content\/uploads\/sites\/12\/2024\/02\/americano-2.jpg\" alt=\"\" width=\"784\" height=\"792\" srcset=\"https:\/\/static-blogs.diariosur.es\/wp-content\/uploads\/sites\/12\/2024\/02\/americano-2.jpg 784w, https:\/\/static-blogs.diariosur.es\/wp-content\/uploads\/sites\/12\/2024\/02\/americano-2-396x400.jpg 396w, https:\/\/static-blogs.diariosur.es\/wp-content\/uploads\/sites\/12\/2024\/02\/americano-2-768x776.jpg 768w\" sizes=\"(max-width: 784px) 100vw, 784px\" \/><\/a><\/p>\n<p>&nbsp;<\/p>\n<p>Os dejo con esta foto que he hecho esta ma\u00f1ana.<\/p>\n<p>&nbsp;<\/p>\n<p><a href=\"https:\/\/static-blogs.diariosur.es\/wp-content\/uploads\/sites\/12\/2024\/02\/AMANECER-14-DE-FEBRERO-e1707899297620.jpg\"><img loading=\"lazy\" class=\"aligncenter size-full wp-image-39926\" src=\"https:\/\/static-blogs.diariosur.es\/wp-content\/uploads\/sites\/12\/2024\/02\/AMANECER-14-DE-FEBRERO-e1707899297620.jpg\" alt=\"\" width=\"800\" height=\"484\" \/><\/a><\/p>\n<p>&nbsp;<\/p>\n","protected":false},"excerpt":{"rendered":"<p>&nbsp; Buenos d\u00edas, amigos de la meteo. Antes de nada, comentaros que la calima empezar\u00e1 a afectar a la zona m\u00e1s occidental de Andaluc\u00eda a partir de esta tarde, se ir\u00e1 trasladando de oeste a este durante la madrugada del jueves y primeras horas de la ma\u00f1ana, afectando a toda la comunidad andaluza. A la [&hellip;]<\/p>\n","protected":false},"author":16,"featured_media":39925,"comment_status":"open","ping_status":"open","sticky":false,"template":"","format":"standard","meta":[],"categories":[2],"tags":[100,171,307,358,587,799,800,909],"_links":{"self":[{"href":"https:\/\/blogs.diariosur.es\/tormentas-y-rayos\/wp-json\/wp\/v2\/posts\/39922"}],"collection":[{"href":"https:\/\/blogs.diariosur.es\/tormentas-y-rayos\/wp-json\/wp\/v2\/posts"}],"about":[{"href":"https:\/\/blogs.diariosur.es\/tormentas-y-rayos\/wp-json\/wp\/v2\/types\/post"}],"author":[{"embeddable":true,"href":"https:\/\/blogs.diariosur.es\/tormentas-y-rayos\/wp-json\/wp\/v2\/users\/16"}],"replies":[{"embeddable":true,"href":"https:\/\/blogs.diariosur.es\/tormentas-y-rayos\/wp-json\/wp\/v2\/comments?post=39922"}],"version-history":[{"count":2,"href":"https:\/\/blogs.diariosur.es\/tormentas-y-rayos\/wp-json\/wp\/v2\/posts\/39922\/revisions"}],"predecessor-version":[{"id":48309,"href":"https:\/\/blogs.diariosur.es\/tormentas-y-rayos\/wp-json\/wp\/v2\/posts\/39922\/revisions\/48309"}],"wp:featuredmedia":[{"embeddable":true,"href":"https:\/\/blogs.diariosur.es\/tormentas-y-rayos\/wp-json\/wp\/v2\/media\/39925"}],"wp:attachment":[{"href":"https:\/\/blogs.diariosur.es\/tormentas-y-rayos\/wp-json\/wp\/v2\/media?parent=39922"}],"wp:term":[{"taxonomy":"category","embeddable":true,"href":"https:\/\/blogs.diariosur.es\/tormentas-y-rayos\/wp-json\/wp\/v2\/categories?post=39922"},{"taxonomy":"post_tag","embeddable":true,"href":"https:\/\/blogs.diariosur.es\/tormentas-y-rayos\/wp-json\/wp\/v2\/tags?post=39922"}],"curies":[{"name":"wp","href":"https:\/\/api.w.org\/{rel}","templated":true}]}}