{"id":39928,"date":"2024-02-15T10:10:21","date_gmt":"2024-02-15T09:10:21","guid":{"rendered":"https:\/\/blogs.diariosur.es\/tormentas-y-rayos\/?p=39928"},"modified":"2025-12-25T18:44:19","modified_gmt":"2025-12-25T17:44:19","slug":"ultima-hora-de-la-calima-y-probables-chubascos-de-barro-en-la-provincia-malaguena","status":"publish","type":"post","link":"https:\/\/blogs.diariosur.es\/tormentas-y-rayos\/2024\/02\/15\/ultima-hora-de-la-calima-y-probables-chubascos-de-barro-en-la-provincia-malaguena\/","title":{"rendered":"\u00daltima hora de la calima y probables chubascos de barro en la provincia malague\u00f1a."},"content":{"rendered":"<p><a href=\"https:\/\/static-blogs.diariosur.es\/wp-content\/uploads\/sites\/12\/2023\/10\/243418660_10223324765526342_8448445083528661051_n.jpg\"><img loading=\"lazy\" class=\"aligncenter size-thumbnail wp-image-38644\" src=\"https:\/\/static-blogs.diariosur.es\/wp-content\/uploads\/sites\/12\/2023\/10\/243418660_10223324765526342_8448445083528661051_n-150x150.jpg\" alt=\"\" width=\"150\" height=\"150\" \/><\/a><\/p>\n<p>&nbsp;<\/p>\n<p data-pm-slice=\"1 1 []\">Buenos d\u00edas, amigos de la meteo. Ante el alarmismo de la lluvia de sangre <strong>(yo nunca la he llamado as\u00ed)<\/strong>, os comento que no pasar\u00e1 como en marzo de 2022 ni mucho menos. En algunas zonas del mundo, si la arena del desierto es de color rojizo, la lluvia que caiga s\u00ed puede tener color parecido al rojo; aqu\u00ed, en donde caigan dep\u00f3sitos de barro, es de color marr\u00f3n. Mi amigo Paco Alba me comentaba el otro d\u00eda que tendr\u00edamos que ponerle chocolluvias, ji ji ji. \u00a0 No os pod\u00e9is imaginar el martes y mi\u00e9rcoles el revuelo que hab\u00eda en mi barrio con la lluvia de sangre, haci\u00e9ndome preguntas amigos y vecinos sobre esto. A\u00fan tengo muchos WhatsApp sin contestar por falta de tiempo. <strong>Ahora priman los clickbait<\/strong> en los medios informativos y p\u00e1ginas de meteo para tener m\u00e1s visitas.<\/p>\n<p>Al final, todo hace prever que no se formar\u00e1 la DANA sobre Andaluc\u00eda hoy jueves, y ser\u00e1 una vaguada de onda corta la que nos afecte con su frente, dejando precipitaciones irregularmente repartidas por nuestra comunidad. En las provincias de Huelva, Sevilla y C\u00e1diz ya han tenido algunos chubascos acompa\u00f1ados de barro.<\/p>\n<p>A medida que se acerque la vaguada, ir\u00e1 trasladando la calima de oeste a este; cuando caigan las probables precipitaciones por la tarde, ya no habr\u00e1 tanta concentraci\u00f3n de calima en la provincia malague\u00f1a. No espero mucha precipitaci\u00f3n, salvo sorpresas; donde m\u00e1s acumulados se esperan es en la provincia de C\u00e1diz; pueden ir acompa\u00f1adas de fen\u00f3menos tormentosos.<\/p>\n<p>Os pongo los probables acumulados que dan hoy los modelos europeo y americano para la provincia de M\u00e1laga; si os fij\u00e1is, no mucho. <strong>El modelo Harmonie<\/strong>, que es en mesoescala, da un poco m\u00e1s de precipitaci\u00f3n y algunos rayos. Ser\u00eda por la tarde cuando podr\u00edan caer chubascos en la provincia malague\u00f1a con dep\u00f3sitos de barro.<\/p>\n<p>&nbsp;<\/p>\n<p>&nbsp;<\/p>\n<p><a href=\"https:\/\/static-blogs.diariosur.es\/wp-content\/uploads\/sites\/12\/2024\/02\/europeo-2.jpg\"><img loading=\"lazy\" class=\"aligncenter size-full wp-image-39929\" src=\"https:\/\/static-blogs.diariosur.es\/wp-content\/uploads\/sites\/12\/2024\/02\/europeo-2.jpg\" alt=\"\" width=\"762\" height=\"790\" srcset=\"https:\/\/static-blogs.diariosur.es\/wp-content\/uploads\/sites\/12\/2024\/02\/europeo-2.jpg 762w, https:\/\/static-blogs.diariosur.es\/wp-content\/uploads\/sites\/12\/2024\/02\/europeo-2-386x400.jpg 386w\" sizes=\"(max-width: 762px) 100vw, 762px\" \/><\/a><\/p>\n<p>&nbsp;<\/p>\n<p><a href=\"https:\/\/static-blogs.diariosur.es\/wp-content\/uploads\/sites\/12\/2024\/02\/americano-3.jpg\"><img loading=\"lazy\" class=\"aligncenter size-full wp-image-39930\" src=\"https:\/\/static-blogs.diariosur.es\/wp-content\/uploads\/sites\/12\/2024\/02\/americano-3.jpg\" alt=\"\" width=\"765\" height=\"791\" srcset=\"https:\/\/static-blogs.diariosur.es\/wp-content\/uploads\/sites\/12\/2024\/02\/americano-3.jpg 765w, https:\/\/static-blogs.diariosur.es\/wp-content\/uploads\/sites\/12\/2024\/02\/americano-3-387x400.jpg 387w\" sizes=\"(max-width: 765px) 100vw, 765px\" \/><\/a><\/p>\n<p>&nbsp;<\/p>\n<p>Os dejo con un video y una foto del amanecer de hoy jueves 15 de febrero. La calima ya era protagonista en la provincia malague\u00f1a.<\/p>\n<p>&nbsp;<\/p>\n<p><iframe loading=\"lazy\" title=\"YouTube video player\" src=\"https:\/\/www.youtube.com\/embed\/cHHVzemT7wY?si=qEzYV36SNYqeP9GQ\" width=\"560\" height=\"315\" frameborder=\"0\" allowfullscreen=\"allowfullscreen\"><\/iframe><\/p>\n<p>&nbsp;<\/p>\n<p><a href=\"https:\/\/static-blogs.diariosur.es\/wp-content\/uploads\/sites\/12\/2024\/02\/DSC_4180-e1707984839998.jpg\"><img loading=\"lazy\" class=\"aligncenter size-full wp-image-39931\" src=\"https:\/\/static-blogs.diariosur.es\/wp-content\/uploads\/sites\/12\/2024\/02\/DSC_4180-e1707984839998.jpg\" alt=\"\" width=\"800\" height=\"533\" \/><\/a><\/p>\n<p>&nbsp;<\/p>\n","protected":false},"excerpt":{"rendered":"<p>&nbsp; Buenos d\u00edas, amigos de la meteo. Ante el alarmismo de la lluvia de sangre (yo nunca la he llamado as\u00ed), os comento que no pasar\u00e1 como en marzo de 2022 ni mucho menos. En algunas zonas del mundo, si la arena del desierto es de color rojizo, la lluvia que caiga s\u00ed puede tener [&hellip;]<\/p>\n","protected":false},"author":16,"featured_media":39932,"comment_status":"open","ping_status":"open","sticky":false,"template":"","format":"standard","meta":[],"categories":[2],"tags":[100,171,209,358,485,569,587,909,1028],"_links":{"self":[{"href":"https:\/\/blogs.diariosur.es\/tormentas-y-rayos\/wp-json\/wp\/v2\/posts\/39928"}],"collection":[{"href":"https:\/\/blogs.diariosur.es\/tormentas-y-rayos\/wp-json\/wp\/v2\/posts"}],"about":[{"href":"https:\/\/blogs.diariosur.es\/tormentas-y-rayos\/wp-json\/wp\/v2\/types\/post"}],"author":[{"embeddable":true,"href":"https:\/\/blogs.diariosur.es\/tormentas-y-rayos\/wp-json\/wp\/v2\/users\/16"}],"replies":[{"embeddable":true,"href":"https:\/\/blogs.diariosur.es\/tormentas-y-rayos\/wp-json\/wp\/v2\/comments?post=39928"}],"version-history":[{"count":2,"href":"https:\/\/blogs.diariosur.es\/tormentas-y-rayos\/wp-json\/wp\/v2\/posts\/39928\/revisions"}],"predecessor-version":[{"id":48310,"href":"https:\/\/blogs.diariosur.es\/tormentas-y-rayos\/wp-json\/wp\/v2\/posts\/39928\/revisions\/48310"}],"wp:featuredmedia":[{"embeddable":true,"href":"https:\/\/blogs.diariosur.es\/tormentas-y-rayos\/wp-json\/wp\/v2\/media\/39932"}],"wp:attachment":[{"href":"https:\/\/blogs.diariosur.es\/tormentas-y-rayos\/wp-json\/wp\/v2\/media?parent=39928"}],"wp:term":[{"taxonomy":"category","embeddable":true,"href":"https:\/\/blogs.diariosur.es\/tormentas-y-rayos\/wp-json\/wp\/v2\/categories?post=39928"},{"taxonomy":"post_tag","embeddable":true,"href":"https:\/\/blogs.diariosur.es\/tormentas-y-rayos\/wp-json\/wp\/v2\/tags?post=39928"}],"curies":[{"name":"wp","href":"https:\/\/api.w.org\/{rel}","templated":true}]}}