{"id":39937,"date":"2024-02-17T08:03:21","date_gmt":"2024-02-17T07:03:21","guid":{"rendered":"https:\/\/blogs.diariosur.es\/tormentas-y-rayos\/?p=39937"},"modified":"2025-12-25T18:45:56","modified_gmt":"2025-12-25T17:45:56","slug":"probables-cambio-de-tiempo-para-el-jueves-22-el-terral-el-escultor-de-las-nubes","status":"publish","type":"post","link":"https:\/\/blogs.diariosur.es\/tormentas-y-rayos\/2024\/02\/17\/probables-cambio-de-tiempo-para-el-jueves-22-el-terral-el-escultor-de-las-nubes\/","title":{"rendered":"Probables cambio de tiempo para el jueves 22. El terral el escultor de las nubes."},"content":{"rendered":"<p><a href=\"https:\/\/static-blogs.diariosur.es\/wp-content\/uploads\/sites\/12\/2023\/09\/375323357_10227521084351690_5428862938073510864_n.jpg\"><img loading=\"lazy\" class=\"aligncenter size-thumbnail wp-image-38274\" src=\"https:\/\/static-blogs.diariosur.es\/wp-content\/uploads\/sites\/12\/2023\/09\/375323357_10227521084351690_5428862938073510864_n-150x150.jpg\" alt=\"\" width=\"150\" height=\"150\" \/><\/a><\/p>\n<p data-pm-slice=\"1 1 []\">Buenos d\u00edas, amigos de la meteo. Poco que destacar para este fin de semana; tendremos temperaturas m\u00e1ximas por encima de la media en toda la provincia, no se esperan rachas fuertes de viento y la probabilidad de precipitaciones es del 0%. A cargar las pilas en el campo y la playa.<\/p>\n<p>Aunque a\u00fan quedan muchos d\u00edas, a partir del jueves por la noche y primeras horas de la madrugada del viernes, tendremos un cambio de tiempo en Andaluc\u00eda y provincia de M\u00e1laga. Esto se deber\u00e1 a una vaguada a la que acompa\u00f1a una masa de aire muy fr\u00edo de latitudes altas; de momento no trae mucha precipitaci\u00f3n; lo m\u00e1s destacable ser\u00e1 el fr\u00edo que tendremos el viernes y el s\u00e1bado, que vendr\u00e1 acompa\u00f1ado de rachas fuertes de viento de terral de invierno.<\/p>\n<p>El martes confirmaremos este cambio de tiempo.<\/p>\n<p>Os dejo algunas fotos de mis amigos y m\u00edas de los lenticulares que tuvimos ayer. El terral malague\u00f1o, el escultor de las nubes.<\/p>\n<p>Primero este v\u00eddeo que hice al mediod\u00eda.<\/p>\n<p>&nbsp;<\/p>\n<p><iframe loading=\"lazy\" title=\"YouTube video player\" src=\"https:\/\/www.youtube.com\/embed\/R7k0LUehk_g?si=1uaZ8SaUXxWANlll\" width=\"560\" height=\"315\" frameborder=\"0\" allowfullscreen=\"allowfullscreen\"><\/iframe><\/p>\n<p>&nbsp;<\/p>\n<p>Foto del impresionante amanecer que cazo David Mancebo en la playa de la misericordia y por la tarde el lenticular.<\/p>\n<p>&nbsp;<\/p>\n<p><a href=\"https:\/\/static-blogs.diariosur.es\/wp-content\/uploads\/sites\/12\/2024\/02\/z.jpg\"><img loading=\"lazy\" class=\"aligncenter size-full wp-image-39938\" src=\"https:\/\/static-blogs.diariosur.es\/wp-content\/uploads\/sites\/12\/2024\/02\/z.jpg\" alt=\"\" width=\"1200\" height=\"800\" srcset=\"https:\/\/static-blogs.diariosur.es\/wp-content\/uploads\/sites\/12\/2024\/02\/z.jpg 1200w, https:\/\/static-blogs.diariosur.es\/wp-content\/uploads\/sites\/12\/2024\/02\/z-600x400.jpg 600w, https:\/\/static-blogs.diariosur.es\/wp-content\/uploads\/sites\/12\/2024\/02\/z-768x512.jpg 768w\" sizes=\"(max-width: 1200px) 100vw, 1200px\" \/><\/a><\/p>\n<p>&nbsp;<\/p>\n<p>&nbsp;<\/p>\n<p><a href=\"https:\/\/static-blogs.diariosur.es\/wp-content\/uploads\/sites\/12\/2024\/02\/zz.jpg\"><img loading=\"lazy\" class=\"aligncenter size-full wp-image-39946\" src=\"https:\/\/static-blogs.diariosur.es\/wp-content\/uploads\/sites\/12\/2024\/02\/zz.jpg\" alt=\"\" width=\"1200\" height=\"801\" srcset=\"https:\/\/static-blogs.diariosur.es\/wp-content\/uploads\/sites\/12\/2024\/02\/zz.jpg 1200w, https:\/\/static-blogs.diariosur.es\/wp-content\/uploads\/sites\/12\/2024\/02\/zz-599x400.jpg 599w, https:\/\/static-blogs.diariosur.es\/wp-content\/uploads\/sites\/12\/2024\/02\/zz-768x513.jpg 768w\" sizes=\"(max-width: 1200px) 100vw, 1200px\" \/><\/a><\/p>\n<p>&nbsp;<\/p>\n<p>Desde mi terraza por la tarde fotografi\u00e9 este<\/p>\n<p>&nbsp;<\/p>\n<p><a href=\"https:\/\/static-blogs.diariosur.es\/wp-content\/uploads\/sites\/12\/2024\/02\/428390864_10228408102286584_8967170848929196291_n-e1708151743819.jpg\"><img loading=\"lazy\" class=\"aligncenter size-full wp-image-39939\" src=\"https:\/\/static-blogs.diariosur.es\/wp-content\/uploads\/sites\/12\/2024\/02\/428390864_10228408102286584_8967170848929196291_n-e1708151743819.jpg\" alt=\"\" width=\"1200\" height=\"800\" \/><\/a><\/p>\n<p>&nbsp;<\/p>\n<p>Nany Lavado otro impresionante lenticular desde el Mirador de Gibralfaro.<\/p>\n<p>&nbsp;<\/p>\n<p><a href=\"https:\/\/static-blogs.diariosur.es\/wp-content\/uploads\/sites\/12\/2024\/02\/GGfU7JJWQAA1O0y-e1708151858545.jpg\"><img loading=\"lazy\" class=\"aligncenter size-full wp-image-39940\" src=\"https:\/\/static-blogs.diariosur.es\/wp-content\/uploads\/sites\/12\/2024\/02\/GGfU7JJWQAA1O0y-e1708151858545.jpg\" alt=\"\" width=\"1200\" height=\"800\" \/><\/a><\/p>\n<p>&nbsp;<\/p>\n<p>Desde Torremolinos, mi amigo Antonio Manuel Iglesias cazo otro pedazo de lenticular<\/p>\n<p>&nbsp;<\/p>\n<p><a href=\"https:\/\/static-blogs.diariosur.es\/wp-content\/uploads\/sites\/12\/2024\/02\/thumbnail_IMG-20240216-WA0054-e1708151983784.jpg\"><img loading=\"lazy\" class=\"aligncenter size-full wp-image-39941\" src=\"https:\/\/static-blogs.diariosur.es\/wp-content\/uploads\/sites\/12\/2024\/02\/thumbnail_IMG-20240216-WA0054-e1708151983784.jpg\" alt=\"\" width=\"1200\" height=\"675\" \/><\/a><\/p>\n<p>&nbsp;<\/p>\n<p>Mi amigo Manuel Villamuela fotografi\u00f3 este impresionante lenticular desde su casa.<\/p>\n<p>&nbsp;<\/p>\n<p><a href=\"https:\/\/static-blogs.diariosur.es\/wp-content\/uploads\/sites\/12\/2024\/02\/424692192_10228408870985801_382658001006516081_n.jpg\"><img loading=\"lazy\" class=\"aligncenter size-full wp-image-39942\" src=\"https:\/\/static-blogs.diariosur.es\/wp-content\/uploads\/sites\/12\/2024\/02\/424692192_10228408870985801_382658001006516081_n.jpg\" alt=\"\" width=\"960\" height=\"815\" srcset=\"https:\/\/static-blogs.diariosur.es\/wp-content\/uploads\/sites\/12\/2024\/02\/424692192_10228408870985801_382658001006516081_n.jpg 960w, https:\/\/static-blogs.diariosur.es\/wp-content\/uploads\/sites\/12\/2024\/02\/424692192_10228408870985801_382658001006516081_n-471x400.jpg 471w, https:\/\/static-blogs.diariosur.es\/wp-content\/uploads\/sites\/12\/2024\/02\/424692192_10228408870985801_382658001006516081_n-768x652.jpg 768w\" sizes=\"(max-width: 960px) 100vw, 960px\" \/><\/a><\/p>\n<p>&nbsp;<\/p>\n<p>Mi amigo Sebasti\u00e1n L\u00f3pez otro impresionante lenticular, desde la Cala del Moral.<\/p>\n<p>&nbsp;<\/p>\n<p><a href=\"https:\/\/static-blogs.diariosur.es\/wp-content\/uploads\/sites\/12\/2024\/02\/428467811_6966012886830496_960574919953888421_n-e1708152259133.jpg\"><img loading=\"lazy\" class=\"aligncenter size-full wp-image-39943\" src=\"https:\/\/static-blogs.diariosur.es\/wp-content\/uploads\/sites\/12\/2024\/02\/428467811_6966012886830496_960574919953888421_n-e1708152259133.jpg\" alt=\"\" width=\"1200\" height=\"998\" \/><\/a><\/p>\n","protected":false},"excerpt":{"rendered":"<p>Buenos d\u00edas, amigos de la meteo. Poco que destacar para este fin de semana; tendremos temperaturas m\u00e1ximas por encima de la media en toda la provincia, no se esperan rachas fuertes de viento y la probabilidad de precipitaciones es del 0%. A cargar las pilas en el campo y la playa. Aunque a\u00fan quedan muchos [&hellip;]<\/p>\n","protected":false},"author":16,"featured_media":39940,"comment_status":"open","ping_status":"open","sticky":false,"template":"","format":"standard","meta":[],"categories":[2],"tags":[100,358,360,587,800,909],"_links":{"self":[{"href":"https:\/\/blogs.diariosur.es\/tormentas-y-rayos\/wp-json\/wp\/v2\/posts\/39937"}],"collection":[{"href":"https:\/\/blogs.diariosur.es\/tormentas-y-rayos\/wp-json\/wp\/v2\/posts"}],"about":[{"href":"https:\/\/blogs.diariosur.es\/tormentas-y-rayos\/wp-json\/wp\/v2\/types\/post"}],"author":[{"embeddable":true,"href":"https:\/\/blogs.diariosur.es\/tormentas-y-rayos\/wp-json\/wp\/v2\/users\/16"}],"replies":[{"embeddable":true,"href":"https:\/\/blogs.diariosur.es\/tormentas-y-rayos\/wp-json\/wp\/v2\/comments?post=39937"}],"version-history":[{"count":4,"href":"https:\/\/blogs.diariosur.es\/tormentas-y-rayos\/wp-json\/wp\/v2\/posts\/39937\/revisions"}],"predecessor-version":[{"id":48311,"href":"https:\/\/blogs.diariosur.es\/tormentas-y-rayos\/wp-json\/wp\/v2\/posts\/39937\/revisions\/48311"}],"wp:featuredmedia":[{"embeddable":true,"href":"https:\/\/blogs.diariosur.es\/tormentas-y-rayos\/wp-json\/wp\/v2\/media\/39940"}],"wp:attachment":[{"href":"https:\/\/blogs.diariosur.es\/tormentas-y-rayos\/wp-json\/wp\/v2\/media?parent=39937"}],"wp:term":[{"taxonomy":"category","embeddable":true,"href":"https:\/\/blogs.diariosur.es\/tormentas-y-rayos\/wp-json\/wp\/v2\/categories?post=39937"},{"taxonomy":"post_tag","embeddable":true,"href":"https:\/\/blogs.diariosur.es\/tormentas-y-rayos\/wp-json\/wp\/v2\/tags?post=39937"}],"curies":[{"name":"wp","href":"https:\/\/api.w.org\/{rel}","templated":true}]}}